{"id":21204,"date":"2014-02-19T09:58:15","date_gmt":"2014-02-19T15:58:15","guid":{"rendered":"http:\/\/www.eloriente.net\/home\/?p=21204"},"modified":"2014-02-19T10:20:15","modified_gmt":"2014-02-19T16:20:15","slug":"club-alebrijes-y-fundacion-uabjo-fomentan-deporte-en-jovenes-universitarios","status":"publish","type":"post","link":"http:\/\/www.eloriente.net\/home\/2014\/02\/19\/club-alebrijes-y-fundacion-uabjo-fomentan-deporte-en-jovenes-universitarios\/","title":{"rendered":"Ofrecen 50% de descuento a universitarios para el partido Alebrijes vs. Tiburones"},"content":{"rendered":"<p>eloriente.net\/<a href=\"http:\/\/www.uabjo.mx\/\" target=\"_blank\">UABJO<\/a><\/p>\n<p>19 de febrero de 2014<\/p>\n<p>En coordinaci\u00f3n con la Fundaci\u00f3n de la Universidad Aut\u00f3noma Benito Ju\u00e1rez de Oaxaca (UABJO), el Club de Alebrijes Oaxaca, participar\u00e1 en la Noche Universitaria, evento que se llevar\u00e1 a cabo el mi\u00e9rcoles 19 de febrero a las 19:00 horas en el estadio de F\u00fatbol \u201cBenito Ju\u00e1rez\u201d durante el encuentro entre Alebrijes y los visitantes Tiburones Rojos de Veracruz.<\/p>\n<p>La titular de la Fundaci\u00f3n UABJO, Mayra Mendoza Solano, explic\u00f3 que estas actividades est\u00e1n dentro del plan de trabajo en el que se debe fomentar la parte deportiva en todos los j\u00f3venes, por ello, se realizar\u00e1 un descuento del 50% en el boleto de entrada al partido y dentro del estadio se estar\u00e1n realizando concursos para los universitarios.<\/p>\n<p>Por lo anterior, el Club Alebrijes de Oaxaca visitaron las instalaciones de Ciudad Universitaria donde los jugadores tuvieron una convivencia con los alumnos realizando firma de aut\u00f3grafos, rifas y toma de fotograf\u00edas.<\/p>\n<p>De igual forma, la funcionaria universitaria dijo que se estar\u00e1n realizando actividades similares gracias a la vinculaci\u00f3n con otros equipos deportivos y art\u00edsticos a fin de poner al alcance de la comunidad universitaria espect\u00e1culos de calidad.<\/p>\n<p>En ese sentido, autoridades del club de f\u00fatbol se dijeron complacidas con el recibimiento de los jugadores por parte de los universitarios y sobre todo con el apoyo mostrado durante sus partidos por parte de la afici\u00f3n, muchos de ellos estudiantes de la M\u00e1xima Casa de Estudios.<\/p>\n<p>Por ello, informaron que adem\u00e1s de esta promoci\u00f3n realizada en Ciudad Universitaria, el descuento en el boleto para el encuentro con la escuadra veracruzana tambi\u00e9n ser\u00e1 aplicado en las taquillas del estadio, s\u00f3lo es necesario que los asistentes presenten su credencial de estudiante.<\/p>\n<p>Por \u00faltimo, Mendoza Solano inform\u00f3 que continuar\u00e1n trabajando con los programas que ya se tienen encaminados, vinculaciones con instituciones federales, estatales, asociaciones civiles y fundaciones con el objetivo de brindar a los estudiantes mayores beneficios durante su formaci\u00f3n profesional.<\/p>\n<p>&nbsp;<\/p>\n<p><a href=\"http:\/\/www.eloriente.net\/home\/wp-content\/uploads\/2014\/02\/alebrijes1.jpg\" target=\"_blank\"><img loading=\"lazy\" decoding=\"async\" style=\"-webkit-user-select: none; cursor: -webkit-zoom-in;\" src=\"http:\/\/www.eloriente.net\/home\/wp-content\/uploads\/2014\/02\/alebrijes1.jpg\" alt=\"\" width=\"350\" height=\"221\" \/><\/a><\/p>\n<p>Foto: UABJO<\/p>\n<p>&nbsp;<\/p>\n<p><strong>Entradas relacionadas:<\/strong><\/p>\n<p><a title=\"Permalink to Inician actividades acad\u00e9micas en Instituto de Ciencias de la Educaci\u00f3n\" href=\"http:\/\/www.eloriente.net\/home\/2014\/02\/10\/inician-actividades-academicas-en-instituto-de-ciencias-de-la-educacion\/\" rel=\"bookmark\">Inician actividades acad\u00e9micas en Instituto de Ciencias de la Educaci\u00f3n<\/a><\/p>\n<p><a href=\"http:\/\/www.eloriente.net\/home\/2014\/02\/10\/inician-actividades-academicas-en-instituto-de-ciencias-de-la-educacion\/\" rel=\"bookmark\"><img decoding=\"async\" title=\"Inician actividades acad\u00e9micas en Instituto de Ciencias de la Educaci\u00f3n\" src=\"http:\/\/www.eloriente.net\/home\/wp-content\/themes\/city-desk\/timthumb.php?src=http%3A%2F%2Fwww.eloriente.net%2Fhome%2Fwp-content%2Fuploads%2F2014%2F02%2Fuabjo1.jpg&amp;q=90&amp;w=160&amp;h=106&amp;zc=1\" alt=\"Inician actividades acad\u00e9micas en Instituto de Ciencias de la Educaci\u00f3n\" \/><\/a><\/p>\n<p>eloriente.net 10 de febrero de 2014 Estudiantes del Instituto de Ciencias de la Educaci\u00f3n de la Universidad Aut\u00f3noma \u201cBenito Ju\u00e1rez\u201d de Oaxaca (ICE UABJO) iniciaron clases este lunes; la ceremonia inaugural del ciclo escolar 2014-2014 estuvo a cargo la directora del plantel, Magaly Hern\u00e1ndez Arag\u00f3n quien les invit\u00f3 a refrendar su compromiso en la formaci\u00f3n [&#8230;]<\/p>\n<p>February 10, 2014<\/p>\n<p><a title=\"Permalink to Crece 6.4% la afici\u00f3n al f\u00fatbol en M\u00e9xico: Consulta Mitofsky\" href=\"http:\/\/www.eloriente.net\/home\/2014\/02\/05\/crece-6-4-la-aficion-al-futbol-en-mexico-consulta-mitofsky\/\" rel=\"bookmark\">Crece 6.4% la afici\u00f3n al f\u00fatbol en M\u00e9xico: Consulta Mitofsky<\/a><\/p>\n<p><a href=\"http:\/\/www.eloriente.net\/home\/2014\/02\/05\/crece-6-4-la-aficion-al-futbol-en-mexico-consulta-mitofsky\/\" rel=\"bookmark\"><img decoding=\"async\" title=\"Crece 6.4% la afici\u00f3n al f\u00fatbol en M\u00e9xico: Consulta Mitofsky\" src=\"http:\/\/www.eloriente.net\/home\/wp-content\/themes\/city-desk\/timthumb.php?src=http%3A%2F%2Fwww.eloriente.net%2Fhome%2Fwp-content%2Fuploads%2F2014%2F02%2Faficion-america-chivas.jpg&amp;q=90&amp;w=160&amp;h=106&amp;zc=1\" alt=\"Crece 6.4% la afici\u00f3n al f\u00fatbol en M\u00e9xico: Consulta Mitofsky\" \/><\/a><\/p>\n<p>eloriente.net 5 de febrero de 2014 6.4 por cierto creci\u00f3 la afici\u00f3n masculina al f\u00fatbol soccer en M\u00e9xico; dentro de la poblaci\u00f3n masculina hubo un aumento del 12.1% y en las mujeres 0.7%, as\u00ed lo dio a conocer la agencia de investigaci\u00f3n Consulta Mitofsky tras realizar una encuesta sobre las preferencias de los seguidores de [&#8230;]<\/p>\n<p>February 5, 2014<\/p>\n<div id=\"post-19894\">\n<p><a title=\"Permalink to Si te lo explican con f\u00fatbol, entiendes; L\u00edbero para aficionados y comunicadores\" href=\"http:\/\/www.eloriente.net\/home\/2014\/01\/31\/si-te-lo-explican-con-futbol-entiendes\/\" rel=\"bookmark\">Si te lo explican con f\u00fatbol, entiendes; L\u00edbero para aficionados y comunicadores<\/a><\/p>\n<p><a href=\"http:\/\/www.eloriente.net\/home\/2014\/01\/31\/si-te-lo-explican-con-futbol-entiendes\/\" rel=\"bookmark\"><img decoding=\"async\" title=\"Si te lo explican con f\u00fatbol, entiendes; L\u00edbero para aficionados y comunicadores\" src=\"http:\/\/www.eloriente.net\/home\/wp-content\/themes\/city-desk\/timthumb.php?src=http%3A%2F%2Fwww.eloriente.net%2Fhome%2Fwp-content%2Fuploads%2F2014%2F01%2Fsi-te-lo-explican-con-futbol.jpg&amp;q=90&amp;w=160&amp;h=106&amp;zc=1\" alt=\"Si te lo explican con f\u00fatbol, entiendes; L\u00edbero para aficionados y comunicadores\" \/><\/a><\/p>\n<p>eloriente.net 21 de enero de 2013 \u00bfAlguna vez tu pareja te mencion\u00f3 algo que t\u00fa no entendiste o no quisiste entender? La revista espa\u00f1ola L\u00edbero, especializada en diversos contenidos aplicados al f\u00fatbol, le ha dado al mundo de la afici\u00f3n deportiva una nueva forma de comunicaci\u00f3n efectiva; la firma editorial lanz\u00f3 su campa\u00f1a publicitaria \u201cSi [&#8230;]<\/p>\n<p>January 31, 2014<\/p>\n<\/div>\n\n\t\t\t  <div \n\t\t\t  \tclass = \"fb-comments\" \n\t\t\t  \tdata-href = \"http:\/\/www.eloriente.net\/home\/2014\/02\/19\/club-alebrijes-y-fundacion-uabjo-fomentan-deporte-en-jovenes-universitarios\/\"\n\t\t\t  \tdata-numposts = \"10\"\n\t\t\t\tdata-colorscheme = \"dark\"\n\t\t\t\tdata-order-by = \"social\"\n\t\t\t\tdata-mobile=true>\n\t\t\t  <\/div>\n\t\t  <style>\n\t\t\t.fb_iframe_widget_fluid_desktop iframe {\n\t\t\t    width: 100% !important;\n\t\t\t}\n\t\t  <\/style>\n\t\t  ","protected":false},"excerpt":{"rendered":"<p>eloriente.net\/UABJO 19 de febrero de 2014 En coordinaci\u00f3n con la Fundaci\u00f3n de la Universidad Aut\u00f3noma Benito Ju\u00e1rez de Oaxaca (UABJO), el Club de Alebrijes Oaxaca, participar\u00e1 en la Noche Universitaria, evento que se llevar\u00e1 a cabo el mi\u00e9rcoles 19 de febrero a las 19:00 horas en el estadio de F\u00fatbol \u201cBenito Ju\u00e1rez\u201d durante el encuentro [&hellip;]<\/p>\n","protected":false},"author":26,"featured_media":21205,"comment_status":"open","ping_status":"open","sticky":false,"template":"","format":"standard","meta":{"_jetpack_memberships_contains_paid_content":false,"footnotes":""},"categories":[15,18,32,10,23,31,84],"tags":[],"class_list":["post-21204","post","type-post","status-publish","format-standard","has-post-thumbnail","hentry","category-deportes","category-educacion-y-cultura","category-entradas","category-lo-mas-reciente","category-municipios","category-principal","category-universidades"],"jetpack_featured_media_url":"http:\/\/www.eloriente.net\/home\/wp-content\/uploads\/2014\/02\/principal-alebrijes.jpg","jetpack_sharing_enabled":true,"_links":{"self":[{"href":"http:\/\/www.eloriente.net\/home\/wp-json\/wp\/v2\/posts\/21204"}],"collection":[{"href":"http:\/\/www.eloriente.net\/home\/wp-json\/wp\/v2\/posts"}],"about":[{"href":"http:\/\/www.eloriente.net\/home\/wp-json\/wp\/v2\/types\/post"}],"author":[{"embeddable":true,"href":"http:\/\/www.eloriente.net\/home\/wp-json\/wp\/v2\/users\/26"}],"replies":[{"embeddable":true,"href":"http:\/\/www.eloriente.net\/home\/wp-json\/wp\/v2\/comments?post=21204"}],"version-history":[{"count":6,"href":"http:\/\/www.eloriente.net\/home\/wp-json\/wp\/v2\/posts\/21204\/revisions"}],"predecessor-version":[{"id":21216,"href":"http:\/\/www.eloriente.net\/home\/wp-json\/wp\/v2\/posts\/21204\/revisions\/21216"}],"wp:featuredmedia":[{"embeddable":true,"href":"http:\/\/www.eloriente.net\/home\/wp-json\/wp\/v2\/media\/21205"}],"wp:attachment":[{"href":"http:\/\/www.eloriente.net\/home\/wp-json\/wp\/v2\/media?parent=21204"}],"wp:term":[{"taxonomy":"category","embeddable":true,"href":"http:\/\/www.eloriente.net\/home\/wp-json\/wp\/v2\/categories?post=21204"},{"taxonomy":"post_tag","embeddable":true,"href":"http:\/\/www.eloriente.net\/home\/wp-json\/wp\/v2\/tags?post=21204"}],"curies":[{"name":"wp","href":"https:\/\/api.w.org\/{rel}","templated":true}]}}