{"id":21219,"date":"2014-02-19T12:14:58","date_gmt":"2014-02-19T18:14:58","guid":{"rendered":"http:\/\/www.eloriente.net\/home\/?p=21219"},"modified":"2014-02-19T19:10:08","modified_gmt":"2014-02-20T01:10:08","slug":"en-vivo-arribo-del-barack-obama-a-toluca-mexico","status":"publish","type":"post","link":"http:\/\/www.eloriente.net\/home\/2014\/02\/19\/en-vivo-arribo-del-barack-obama-a-toluca-mexico\/","title":{"rendered":"18\/Feb\/14 En Vivo: Arribo del presidente Barack Obama a Toluca, M\u00e9xico"},"content":{"rendered":"<p>eloriente.net\/<a href=\"http:\/\/www.presidencia.gob.mx\/\" target=\"_blank\">Presidencia de la Rep\u00fablica<\/a><\/p>\n<p>19 de febrero de 2013<\/p>\n<p>ELORIENTE.NET pone a tu disposici\u00f3n la transmisi\u00f3n en vivo de la llegada del presidente de Estados Unidos de Am\u00e9rica, Barack Obama, junto con su delegaci\u00f3n diplom\u00e1tica, para su participaci\u00f3n en la Cumbre de L\u00edderes de Am\u00e9rica del Norte 2014, en\u00a0Toluca, Estado de M\u00e9xico.<\/p>\n<p>&nbsp;<\/p>\n<p><iframe loading=\"lazy\" src=\"\/\/www.youtube.com\/embed\/8JQKSNFSDGI\" frameborder=\"0\" width=\"560\" height=\"315\"><\/iframe><\/p>\n<p>&nbsp;<\/p>\n<p><iframe loading=\"lazy\" src=\"\/\/www.youtube.com\/embed\/bnzGzTdY2g8\" frameborder=\"0\" width=\"560\" height=\"315\"><\/iframe><\/p>\n<p>&nbsp;<\/p>\n<p><strong>Relaci\u00f3n bilateral M\u00e9xico-Estados Unidos<\/strong><\/p>\n<p>La\u00a0agenda bilateral entre M\u00e9xico y Estados Unidos\u00a0es rica y compleja, comprende temas en el \u00e1mbito pol\u00edtico, econ\u00f3mico y comercial, social, medioambiental, t\u00e9cnico, fronterizo y de seguridad; adem\u00e1s de tener gran incidencia en la pol\u00edtica interna de cada pa\u00eds.<\/p>\n<p>La agenda bilateral entre ambos pa\u00edses reconoce la diversidad de esta relaci\u00f3n y promueve la competitividad, buscando consolidar a\u00a0Am\u00e9rica del Norte\u00a0como una\u00a0regi\u00f3n del conocimiento.<\/p>\n<ul>\n<ul>\n<li>El\u00a0comercio bilateral\u00a0sum\u00f3 359.7 mil millones de d\u00f3lares de enero a septiembre de 2013, unaumento de 2.8%\u00a0en relaci\u00f3n con el mismo periodo de 2012, a\u00f1o en que el comercio bilateral ascendi\u00f3 a 473 mmdd.<\/li>\n<li>Seg\u00fan cifras del Departamento de Comercio, en 2013 el comercio bilateral fue de 506.6 mmdd, con\u00a0super\u00e1vit mexicano de 54.3 mmdd.<\/li>\n<li>Estados Unidos\u00a0se ha consolidado como el\u00a0primer socio comercial de M\u00e9xico, al concentrar el 63.8% del comercio exterior total del pa\u00eds, seguido de China (8.5%) y Canad\u00e1 (2.8%).<\/li>\n<li>Desde la entrada en vigor del\u00a0Tratado de Libre Comercio de Am\u00e9rica del Norte, el comercio entre M\u00e9xico y Estados Unidos ha crecido a una tasa de crecimiento promedio anual (TCPA) de 11.3%. Las exportaciones de M\u00e9xico se incrementaron a una TCPA de 10.5%, mientras que las importaciones lo hicieron en 7.7%.\u00a0El saldo comercial ha sido positivo para M\u00e9xico desde 1995.<\/li>\n<li>Estados Unidos es el primer mercado para las\u00a0exportaciones mexicanas\u00a0con una participaci\u00f3n de 77.6%, seguido de Canad\u00e1 con 3% y Espa\u00f1a con 1.9%. Es el primer proveedor de M\u00e9xico con una participaci\u00f3n de 49.9%, seguido de China con 15.4% y Jap\u00f3n con 4.8%.<\/li>\n<li>M\u00e9xico ocupa el tercer lugar en el comercio total de Estados Unidos (12.9%), segundo como destino de sus exportaciones (14%) y tercero como proveedor de bienes importados (12.2%).<\/li>\n<li>Los\u00a010 estados fronterizos\u00a0de ambos pa\u00edses equivalen a la\u00a0cuarta econom\u00eda del mundo.<\/li>\n<\/ul>\n<\/ul>\n<p>&nbsp;<\/p>\n<p>A trav\u00e9s de este mismo medio estaremos actualizando las transmisiones en vivo que se vayan generando en la agenda de la Cumbre de L\u00edderes de Am\u00e9rica del Norte, Toluca 2014.<\/p>\n<p>&nbsp;<\/p>\n<p><img loading=\"lazy\" decoding=\"async\" style=\"-webkit-user-select: none;\" src=\"http:\/\/mexico.cnn.com\/media\/2014\/02\/19\/barack-obama-2.jpg\" alt=\"\" width=\"410\" height=\"230\" \/><\/p>\n<p>Foto: AFP<\/p>\n<p><strong>\u00a0<\/strong><br \/>\n<strong><\/strong><\/p>\n<p><strong>Entradas relacionadas:\u00a0<\/strong><\/p>\n<p><a title=\"Permalink to Salvando M\u00e9xico, Pe\u00f1a Nieto en portada de revista Time\" href=\"http:\/\/www.eloriente.net\/home\/2014\/02\/13\/salvando-mexico-pena-nieto-en-portada-de-revista-time\/\" rel=\"bookmark\">Salvando M\u00e9xico, Pe\u00f1a Nieto en portada de revista Time<\/a><\/p>\n<p><a href=\"http:\/\/www.eloriente.net\/home\/2014\/02\/13\/salvando-mexico-pena-nieto-en-portada-de-revista-time\/\" rel=\"bookmark\"><img decoding=\"async\" title=\"Salvando M\u00e9xico, Pe\u00f1a Nieto en portada de revista Time\" src=\"http:\/\/www.eloriente.net\/home\/wp-content\/themes\/city-desk\/timthumb.php?src=http%3A%2F%2Fwww.eloriente.net%2Fhome%2Fwp-content%2Fuploads%2F2014%2F02%2FPrincipal-EPN.jpg&amp;q=90&amp;w=160&amp;h=106&amp;zc=1\" alt=\"Salvando M\u00e9xico, Pe\u00f1a Nieto en portada de revista Time\" \/><\/a><\/p>\n<p>eloriente.net 13 de febrero de 2014 Con la leyenda \u2018Saving Mexico\u2019 (Salvando M\u00e9xico, en espa\u00f1ol), la revista semanal Time dio a conocer que en su edici\u00f3n del 24 de febrero de 2014, volumen 183, n\u00famero 7, figurar\u00e1 en su portada el Presidente de la Rep\u00fablica Mexicana, Enrique Pe\u00f1a Nieto. La imagen ilustrar\u00e1 el art\u00edculo Saving [&#8230;]<\/p>\n<p>February 13, 2014<\/p>\n<p><a title=\"Permalink to Presidentes de la Alianza del Pac\u00edfico suscribieron el Protocolo Adicional al Acuerdo Marco\" href=\"http:\/\/www.eloriente.net\/home\/2014\/02\/11\/presidentes-de-la-alianza-del-pacifico-suscribieron-el-protocolo-adicional-al-acuerdo-marco\/\" rel=\"bookmark\">Presidentes de la Alianza del Pac\u00edfico suscribieron el Protocolo Adicional al Acuerdo Marco<\/a><\/p>\n<p><a href=\"http:\/\/www.eloriente.net\/home\/2014\/02\/11\/presidentes-de-la-alianza-del-pacifico-suscribieron-el-protocolo-adicional-al-acuerdo-marco\/\" rel=\"bookmark\"><img decoding=\"async\" title=\"Presidentes de la Alianza del Pac\u00edfico suscribieron el Protocolo Adicional al Acuerdo Marco\" src=\"http:\/\/www.eloriente.net\/home\/wp-content\/themes\/city-desk\/timthumb.php?src=http%3A%2F%2Fwww.eloriente.net%2Fhome%2Fwp-content%2Fuploads%2F2014%2F02%2Fpresidentes_de_la_alianza_del_pacifico_suscribieron_el_protocolo_adicional2.jpg&amp;q=90&amp;w=160&amp;h=106&amp;zc=1\" alt=\"Presidentes de la Alianza del Pac\u00edfico suscribieron el Protocolo Adicional al Acuerdo Marco\" \/><\/a><\/p>\n<p>eloriente.net\/Alianza del Pac\u00edfico 11 de febrero de 2014 Los Presidentes Juan Manuel Santos Calder\u00f3n de Colombia, Sebasti\u00e1n Pi\u00f1era Echenique de Chile, Enrique Pe\u00f1a Nieto de M\u00e9xico y Ollanta Humala Tasso de Per\u00fa, suscribieron el Protocolo Adicional al Acuerdo Marco que da v\u00eda libre a la circulaci\u00f3n del 92% de los productos entre los pa\u00edses de [&#8230;]<\/p>\n<p>February 11, 2014<\/p>\n<p><a title=\"Permalink to \u201cTransformando M\u00e9xico: sociedad, pol\u00edtica, econom\u00eda\u201d, por EPN en WEF\" href=\"http:\/\/www.eloriente.net\/home\/2014\/01\/23\/transformando-mexico-sociedad-politica-economia\/\" rel=\"bookmark\">\u201cTransformando M\u00e9xico: sociedad, pol\u00edtica, econom\u00eda\u201d, por EPN en WEF<\/a><\/p>\n<p><a href=\"http:\/\/www.eloriente.net\/home\/2014\/01\/23\/transformando-mexico-sociedad-politica-economia\/\" rel=\"bookmark\"><img decoding=\"async\" title=\"\u201cTransformando M\u00e9xico: sociedad, pol\u00edtica, econom\u00eda\u201d, por EPN en WEF\" src=\"http:\/\/www.eloriente.net\/home\/wp-content\/themes\/city-desk\/timthumb.php?src=http%3A%2F%2Fwww.eloriente.net%2Fhome%2Fwp-content%2Fuploads%2F2014%2F01%2FPe%C3%B1a-Nieto-davos.jpg&amp;q=90&amp;w=160&amp;h=106&amp;zc=1\" alt=\"\u201cTransformando M\u00e9xico: sociedad, pol\u00edtica, econom\u00eda\u201d, por EPN en WEF\" \/><\/a><\/p>\n<p>eloriente.net 23 de enero de 2014 El presidente de la Rep\u00fablica, Enrique Pe\u00f1a Nieto, present\u00f3 esta ma\u00f1ana tiempo de M\u00e9xico, su conferencia \u201cTransformando M\u00e9xico: sociedad, pol\u00edtica, econom\u00eda\u201d, como parte de la Reuni\u00f3n Anual 2014 del Foro Econ\u00f3mico Mundial (WEF por sus siglas en ingl\u00e9s), el cual se est\u00e1 llevando a cabo en Davos, Suiza, del [&#8230;]<\/p>\n<p>January 23, 2014<\/p>\n\n\t\t\t  <div \n\t\t\t  \tclass = \"fb-comments\" \n\t\t\t  \tdata-href = \"http:\/\/www.eloriente.net\/home\/2014\/02\/19\/en-vivo-arribo-del-barack-obama-a-toluca-mexico\/\"\n\t\t\t  \tdata-numposts = \"10\"\n\t\t\t\tdata-colorscheme = \"dark\"\n\t\t\t\tdata-order-by = \"social\"\n\t\t\t\tdata-mobile=true>\n\t\t\t  <\/div>\n\t\t  <style>\n\t\t\t.fb_iframe_widget_fluid_desktop iframe {\n\t\t\t    width: 100% !important;\n\t\t\t}\n\t\t  <\/style>\n\t\t  ","protected":false},"excerpt":{"rendered":"<p>eloriente.net\/Presidencia de la Rep\u00fablica 19 de febrero de 2013 ELORIENTE.NET pone a tu disposici\u00f3n la transmisi\u00f3n en vivo de la llegada del presidente de Estados Unidos de Am\u00e9rica, Barack Obama, junto con su delegaci\u00f3n diplom\u00e1tica, para su participaci\u00f3n en la Cumbre de L\u00edderes de Am\u00e9rica del Norte 2014, en\u00a0Toluca, Estado de M\u00e9xico. &nbsp; &nbsp; &nbsp; [&hellip;]<\/p>\n","protected":false},"author":26,"featured_media":21233,"comment_status":"open","ping_status":"open","sticky":false,"template":"","format":"standard","meta":{"_jetpack_memberships_contains_paid_content":false,"footnotes":""},"categories":[4,32,10,24,21,31],"tags":[],"class_list":["post-21219","post","type-post","status-publish","format-standard","has-post-thumbnail","hentry","category-canal-2-en-vivo","category-entradas","category-lo-mas-reciente","category-mexico-y-el-mundo","category-politica-y-gobierno","category-principal"],"jetpack_featured_media_url":"http:\/\/www.eloriente.net\/home\/wp-content\/uploads\/2014\/02\/principal-obama-epn.jpg","jetpack_sharing_enabled":true,"_links":{"self":[{"href":"http:\/\/www.eloriente.net\/home\/wp-json\/wp\/v2\/posts\/21219"}],"collection":[{"href":"http:\/\/www.eloriente.net\/home\/wp-json\/wp\/v2\/posts"}],"about":[{"href":"http:\/\/www.eloriente.net\/home\/wp-json\/wp\/v2\/types\/post"}],"author":[{"embeddable":true,"href":"http:\/\/www.eloriente.net\/home\/wp-json\/wp\/v2\/users\/26"}],"replies":[{"embeddable":true,"href":"http:\/\/www.eloriente.net\/home\/wp-json\/wp\/v2\/comments?post=21219"}],"version-history":[{"count":18,"href":"http:\/\/www.eloriente.net\/home\/wp-json\/wp\/v2\/posts\/21219\/revisions"}],"predecessor-version":[{"id":21261,"href":"http:\/\/www.eloriente.net\/home\/wp-json\/wp\/v2\/posts\/21219\/revisions\/21261"}],"wp:featuredmedia":[{"embeddable":true,"href":"http:\/\/www.eloriente.net\/home\/wp-json\/wp\/v2\/media\/21233"}],"wp:attachment":[{"href":"http:\/\/www.eloriente.net\/home\/wp-json\/wp\/v2\/media?parent=21219"}],"wp:term":[{"taxonomy":"category","embeddable":true,"href":"http:\/\/www.eloriente.net\/home\/wp-json\/wp\/v2\/categories?post=21219"},{"taxonomy":"post_tag","embeddable":true,"href":"http:\/\/www.eloriente.net\/home\/wp-json\/wp\/v2\/tags?post=21219"}],"curies":[{"name":"wp","href":"https:\/\/api.w.org\/{rel}","templated":true}]}}