{"id":21244,"date":"2014-02-19T09:54:45","date_gmt":"2014-02-19T15:54:45","guid":{"rendered":"http:\/\/www.eloriente.net\/home\/?p=21244"},"modified":"2014-04-06T10:56:02","modified_gmt":"2014-04-06T16:56:02","slug":"en-vivo-sigue-aqui-senal-ntn24-canal-bloqueado-en-venezuela","status":"publish","type":"post","link":"http:\/\/www.eloriente.net\/home\/2014\/02\/19\/en-vivo-sigue-aqui-senal-ntn24-canal-bloqueado-en-venezuela\/","title":{"rendered":"En Vivo: Sigue aqu\u00ed se\u00f1al NTN24, canal bloqueado en Venezuela"},"content":{"rendered":"<p>eloriente.net<\/p>\n<p>19 de febrero de 2014<\/p>\n<p>Luego de que el pasado 12 de febrero se diera a conocer que el canal NTN 24 fuera bloqueado en territorio venezolano por parte del oficialismo, el canal ha debido ampliar su estrategia de difusi\u00f3n por medios alternos, como su propia p\u00e1gina de internet o bien a trav\u00e9s de redes sociales.<\/p>\n<p>En ELORIENTE.NET hemos defendido siempre el derecho de las audiencias a tener acceso a la informaci\u00f3n y, sin prejuzgar a favor ni en contra de ninguna posici\u00f3n, en pleno respeto a la libre autodeterminaci\u00f3n del pueblo venezolano, decidimos sin embargo enlazar en vivo a nuestros lectores, de manera permanente, a la se\u00f1al de dicho canal.<\/p>\n<p>Sobre todo, luego de verificar las declaraciones del titular de la Comisi\u00f3n Nacional de Telecomunicaciones, William Castillo, quien asever\u00f3 que NTN24 seguir\u00e1 bloqueada por el Gobierno<a href=\"http:\/\/www.ultimasnoticias.com.ve\/noticias\/actualidad\/politica\/conatel-web-de-ntn24-seguira-bloqueada-hasta-que-d.aspx\" target=\"_blank\"> \u00abhasta tanto no desista de sus intentos de apoyar activamente la desestabilizaci\u00f3n\u00bb<\/a>. De lo anterior se desprende, que dicha determinaci\u00f3n fue unilateral y sin ning\u00fan tipo de procedimiento imparcial o debido.<\/p>\n<p>En asistencia de ello, creemos v\u00e1lido tener alojado aqu\u00ed el contenido del canal.<\/p>\n<p>&nbsp;<\/p>\n<p><iframe loading=\"lazy\" width=\"560\" height=\"315\" src=\"\/\/www.youtube.com\/embed\/tLpjqLWWB7I\" frameborder=\"0\" allowfullscreen><\/iframe><\/p>\n<p>&nbsp;<\/p>\n<p><strong>Entradas relacionadas:<\/strong><\/p>\n<p><a title=\"Permalink to Video: \u201cSi est\u00e1n viendo este video es porque ya estoy detenido\u201d: Leopoldo L\u00f3pez en Venezuela\" href=\"http:\/\/www.eloriente.net\/home\/2014\/02\/19\/video-si-estan-viendo-este-video-es-porque-ya-estoy-detenido-leopoldo-lopez-en-venezuela\/\" rel=\"bookmark\">Video: \u201cSi est\u00e1n viendo este video es porque ya estoy detenido\u201d: Leopoldo L\u00f3pez en Venezuela<\/a><\/p>\n<p><a href=\"http:\/\/www.eloriente.net\/home\/2014\/02\/19\/video-si-estan-viendo-este-video-es-porque-ya-estoy-detenido-leopoldo-lopez-en-venezuela\/\" rel=\"bookmark\"><img decoding=\"async\" title=\"Video: \u201cSi est\u00e1n viendo este video es porque ya estoy detenido\u201d: Leopoldo L\u00f3pez en Venezuela\" src=\"http:\/\/www.eloriente.net\/home\/wp-content\/themes\/city-desk\/timthumb.php?src=http%3A%2F%2Fwww.eloriente.net%2Fhome%2Fwp-content%2Fuploads%2F2014%2F02%2FVideo-Gregorio-L%C3%B3pez.jpg&amp;q=90&amp;w=160&amp;h=106&amp;zc=1\" alt=\"Video: \u201cSi est\u00e1n viendo este video es porque ya estoy detenido\u201d: Leopoldo L\u00f3pez en Venezuela\" \/><\/a><\/p>\n<p>eloriente.net 19 de febrero de 2014 Ayer, el l\u00edder opositor Leopoldo L\u00f3pez se entreg\u00f3 a las autoridades venezolanas, luego de asistir a una manifestaci\u00f3n masiva en Caracas, donde dirigi\u00f3 un mensaje para comunicarles su decisi\u00f3n de presentarse ante la autoridad, que le acusa de homicidio y terrorismo. En la jornada destaca, sin embargo, un mensaje [&#8230;]<\/p>\n<p>February 19, 2014<\/p>\n<div id=\"post-20712\">\n<p><a title=\"Permalink to Cr\u00f3nicas beisboleras: La serie del Caribe\" href=\"http:\/\/www.eloriente.net\/home\/2014\/02\/10\/cronicas-beisboleras-la-serie-del-caribe\/\" rel=\"bookmark\">Cr\u00f3nicas beisboleras: La serie del Caribe<\/a><\/p>\n<p><a href=\"http:\/\/www.eloriente.net\/home\/2014\/02\/10\/cronicas-beisboleras-la-serie-del-caribe\/\" rel=\"bookmark\"><img decoding=\"async\" title=\"Cr\u00f3nicas beisboleras: La serie del Caribe\" src=\"http:\/\/www.eloriente.net\/home\/wp-content\/themes\/city-desk\/timthumb.php?src=http%3A%2F%2Fwww.eloriente.net%2Fhome%2Fwp-content%2Fuploads%2F2014%2F02%2Fsultanes.jpg&amp;q=90&amp;w=160&amp;h=106&amp;zc=1\" alt=\"Cr\u00f3nicas beisboleras: La serie del Caribe\" \/><\/a><\/p>\n<p>eloriente.net 10 de febrero de 2014 Por:\u00a0Jaime Palau Ranz La serie del Caribe La Liga de b\u00e9isbol m\u00e1s importante del mundo por supuesto son las Grandes Ligas de los Estados Unidos, sus tiempos determinan como se acomodan todas las dem\u00e1s ligas, ah\u00ed se empieza la temporada en abril y termina en septiembre, solo los mejores [&#8230;]<\/p>\n<p>February 10, 2014<\/p>\n<\/div>\n<div id=\"post-19807\">\n<p><a title=\"Permalink to Cr\u00f3nicas Beisboleras: La historia de Adam Greenberg\" href=\"http:\/\/www.eloriente.net\/home\/2014\/01\/20\/cronicas-beisboleras-la-historia-de-adam-greenberg\/\" rel=\"bookmark\">Cr\u00f3nicas Beisboleras: La historia de Adam Greenberg<\/a><\/p>\n<p><a href=\"http:\/\/www.eloriente.net\/home\/2014\/01\/20\/cronicas-beisboleras-la-historia-de-adam-greenberg\/\" rel=\"bookmark\"><img decoding=\"async\" title=\"Cr\u00f3nicas Beisboleras: La historia de Adam Greenberg\" src=\"http:\/\/www.eloriente.net\/home\/wp-content\/themes\/city-desk\/timthumb.php?src=http%3A%2F%2Fwww.eloriente.net%2Fhome%2Fwp-content%2Fuploads%2F2014%2F01%2Fone-at-bat-greenberg.jpg&amp;q=90&amp;w=160&amp;h=106&amp;zc=1\" alt=\"Cr\u00f3nicas Beisboleras: La historia de Adam Greenberg\" \/><\/a><\/p>\n<p>eloriente.net 20 de enero de 2014 Por: Jaime Palau Ranz 14.00 Adam Daniel Greenberg naci\u00f3 en New Haven Connecticut el 21 de febrero de 1981, descendiente de jud\u00edos, sus facultades para jugar al b\u00e9isbol fueron siempre extraordinarias, lo que le permiti\u00f3 ir a la Universidad de Carolina del Norte, su equipo se llamaba los TAR [&#8230;]<\/p>\n<p>January 20, 2014<\/p>\n<\/div>\n\n\t\t\t  <div \n\t\t\t  \tclass = \"fb-comments\" \n\t\t\t  \tdata-href = \"http:\/\/www.eloriente.net\/home\/2014\/02\/19\/en-vivo-sigue-aqui-senal-ntn24-canal-bloqueado-en-venezuela\/\"\n\t\t\t  \tdata-numposts = \"10\"\n\t\t\t\tdata-colorscheme = \"dark\"\n\t\t\t\tdata-order-by = \"social\"\n\t\t\t\tdata-mobile=true>\n\t\t\t  <\/div>\n\t\t  <style>\n\t\t\t.fb_iframe_widget_fluid_desktop iframe {\n\t\t\t    width: 100% !important;\n\t\t\t}\n\t\t  <\/style>\n\t\t  ","protected":false},"excerpt":{"rendered":"<p>eloriente.net 19 de febrero de 2014 Luego de que el pasado 12 de febrero se diera a conocer que el canal NTN 24 fuera bloqueado en territorio venezolano por parte del oficialismo, el canal ha debido ampliar su estrategia de difusi\u00f3n por medios alternos, como su propia p\u00e1gina de internet o bien a trav\u00e9s de [&hellip;]<\/p>\n","protected":false},"author":1,"featured_media":0,"comment_status":"open","ping_status":"open","sticky":false,"template":"","format":"standard","meta":{"_jetpack_memberships_contains_paid_content":false,"footnotes":""},"categories":[22,32,13,24],"tags":[],"class_list":["post-21244","post","type-post","status-publish","format-standard","hentry","category-derechos-humanos","category-entradas","category-especiales","category-mexico-y-el-mundo"],"jetpack_featured_media_url":"","jetpack_sharing_enabled":true,"_links":{"self":[{"href":"http:\/\/www.eloriente.net\/home\/wp-json\/wp\/v2\/posts\/21244"}],"collection":[{"href":"http:\/\/www.eloriente.net\/home\/wp-json\/wp\/v2\/posts"}],"about":[{"href":"http:\/\/www.eloriente.net\/home\/wp-json\/wp\/v2\/types\/post"}],"author":[{"embeddable":true,"href":"http:\/\/www.eloriente.net\/home\/wp-json\/wp\/v2\/users\/1"}],"replies":[{"embeddable":true,"href":"http:\/\/www.eloriente.net\/home\/wp-json\/wp\/v2\/comments?post=21244"}],"version-history":[{"count":21,"href":"http:\/\/www.eloriente.net\/home\/wp-json\/wp\/v2\/posts\/21244\/revisions"}],"predecessor-version":[{"id":23808,"href":"http:\/\/www.eloriente.net\/home\/wp-json\/wp\/v2\/posts\/21244\/revisions\/23808"}],"wp:attachment":[{"href":"http:\/\/www.eloriente.net\/home\/wp-json\/wp\/v2\/media?parent=21244"}],"wp:term":[{"taxonomy":"category","embeddable":true,"href":"http:\/\/www.eloriente.net\/home\/wp-json\/wp\/v2\/categories?post=21244"},{"taxonomy":"post_tag","embeddable":true,"href":"http:\/\/www.eloriente.net\/home\/wp-json\/wp\/v2\/tags?post=21244"}],"curies":[{"name":"wp","href":"https:\/\/api.w.org\/{rel}","templated":true}]}}