{"id":21498,"date":"2014-02-24T18:50:33","date_gmt":"2014-02-25T00:50:33","guid":{"rendered":"http:\/\/www.eloriente.net\/home\/?p=21498"},"modified":"2014-02-24T18:54:48","modified_gmt":"2014-02-25T00:54:48","slug":"ricky-martin-inaugura-55o-edicion-de-vina-del-mar-2014","status":"publish","type":"post","link":"http:\/\/www.eloriente.net\/home\/2014\/02\/24\/ricky-martin-inaugura-55o-edicion-de-vina-del-mar-2014\/","title":{"rendered":"Ricky Mart\u00edn inaugura la 55\u00ba edici\u00f3n de Vi\u00f1a del Mar 2014"},"content":{"rendered":"<p>eloriente.net<\/p>\n<p>24 de febrero de 2014<\/p>\n<p>Ante una presencia de m\u00e1s de 15 mil personas, la 55\u00ba edici\u00f3n del Festival de Vi\u00f1a del Mar en Chile, el m\u00e1s importante de Am\u00e9rica Latina en su tipo, dio inicio ayer 23 de febrero con un concierto del cantante puertorrique\u00f1o Ricky Mart\u00edn, quien emocion\u00f3 a los asistentes con sus \u00e9xitos <em>Come With Me<\/em> y <em>Shake you Bon Bon<\/em>.<\/p>\n<p>Luego de afirmar que Vi\u00f1a del Mar es un vicio y agradecer al p\u00fablico por su magia, Ricky Martin interpret\u00f3 la canci\u00f3n <em>Vuelve<\/em>, la cual calific\u00f3 como su favorita y asegur\u00f3 que morir\u00e1 cant\u00e1ndola. Posteriormente, dej\u00f3 la m\u00fasica rom\u00e1ntica para dar paso a <em>Living la vida loca<\/em> y <em>She bang<\/em>.<\/p>\n<p>Tras un recorrido por su melod\u00edas m\u00e1s importantes de su carrera profesional, cant\u00f3\u00a0<em>Por arriba, por abajo<\/em>, invitando al p\u00fablico a luchar por la unidad y por la paz entre los pueblos latinoamericanos. Finalmente,\u00a0Ricky Mart\u00edn se despidi\u00f3 del escenario con\u00a0<em>La copa de la vida<\/em>,\u00a0<em>Tu recuerdo, A medio vivir <\/em>y<em> Tal vez<\/em>.<\/p>\n<p>Durante la segunda parte de la primera jordana, el \u00abMoustro\u00bb, como es conocido el p\u00fablico asistente del festival, recibi\u00f3 la banda de rock chileno Los Tres, una de las agrupaciones m\u00e1s influyentes de los noventas en Sudam\u00e9rica.<\/p>\n<p>En punto de las 22:00 horas del d\u00eda de hoy, tiempo de Chile, saltar\u00e1 al escenario la cantautora italiana de balada pop Laura Pausini, junto con uno de los mayores exponente del rock argentino Fito P\u00e1ez.<\/p>\n<p>La edici\u00f3n 2014 del Festival Vi\u00f1a del Mar concluir\u00e1 el pr\u00f3ximo 28 de febrero, por lo que en los siguientes d\u00edas en la Quinta Vergara se contar\u00e1 con la presencia de los artistas del g\u00e9nero ranchero mexicano Ana Gabriel y Alejandro Fern\u00e1ndez; y La Ley, Carlos Vives, Gepe y Sonora Palacios, representantes de la m\u00fasica sudamericana.<\/p>\n<p>Asimismo, se podr\u00e1 disfrutar de la m\u00fasica de Paloma San Basilio, Melendui y Rod Stewart, provenientes de Europa; los reggeatoneros Alexis &amp; fido y\u00a0Yandar &amp; Jostin;\u00a0Tommy Torres; y el d\u00fao mexicano Jesse &amp; Joy. Consulta el programa dando click a la siguiente <a href=\"http:\/\/www.vinadelmar.cl\/index.php?seccion=eventos&amp;id=333\" target=\"_blank\">liga de enlace<\/a>.<\/p>\n<p>ELORIENTE.NET pone a tu disposici\u00f3n la se\u00f1al del canal A&amp;E, quienes traen para ti las transmisiones en vivo y material in\u00e9dito del festival:<\/p>\n<p>&nbsp;<\/p>\n<p><iframe loading=\"lazy\" src=\"http:\/\/player.theplatform.com\/p\/Q7ZnIC\/yptyOqhsWRoW\/embed\/select\/3GJl_x31pbfP\" frameborder=\"0\" width=\"642\" height=\"362\"><\/iframe><\/p>\n<p>Se\u00f1al: A&amp;E<\/p>\n<p>&nbsp;<\/p>\n<p><a href=\"http:\/\/www.eloriente.net\/home\/wp-content\/uploads\/2014\/02\/ricky-martin.jpg\"><img loading=\"lazy\" decoding=\"async\" class=\"alignnone size-medium wp-image-21502\" title=\"ricky martin\" src=\"http:\/\/www.eloriente.net\/home\/wp-content\/uploads\/2014\/02\/ricky-martin-300x199.jpg\" alt=\"\" width=\"300\" height=\"199\" srcset=\"http:\/\/www.eloriente.net\/home\/wp-content\/uploads\/2014\/02\/ricky-martin-300x199.jpg 300w, http:\/\/www.eloriente.net\/home\/wp-content\/uploads\/2014\/02\/ricky-martin.jpg 500w\" sizes=\"(max-width: 300px) 100vw, 300px\" \/><\/a><\/p>\n<p>Foto: ABZ<\/p>\n<p>&nbsp;<\/p>\n<p><strong>Entradas relacionadas:<\/strong><\/p>\n<p><a title=\"Permalink to Consulta aqu\u00ed lista de ganadores Grammy 2014\" href=\"http:\/\/www.eloriente.net\/home\/2014\/01\/27\/consulta-aqui-lista-completa-de-los-ganadores-grammy-2014\/\" rel=\"bookmark\">Consulta aqu\u00ed lista de ganadores Grammy 2014<\/a><\/p>\n<p><a href=\"http:\/\/www.eloriente.net\/home\/2014\/01\/27\/consulta-aqui-lista-completa-de-los-ganadores-grammy-2014\/\" rel=\"bookmark\"><img decoding=\"async\" title=\"Consulta aqu\u00ed lista de ganadores Grammy 2014\" src=\"http:\/\/www.eloriente.net\/home\/wp-content\/themes\/city-desk\/timthumb.php?src=http%3A%2F%2Fwww.eloriente.net%2Fhome%2Fwp-content%2Fuploads%2F2014%2F01%2FGrammy.jpg&amp;q=90&amp;w=160&amp;h=106&amp;zc=1\" alt=\"Consulta aqu\u00ed lista de ganadores Grammy 2014\" \/><\/a><\/p>\n<p>eloriente.net 27 de enero de 2014 Durante la noche de ayer, se llev\u00f3 a cabo la 56\u00ba entrega de los Premios Grammy 2014, donde la Academia Nacional de Artes y Ciencias de la Grabaci\u00f3n, una asociaci\u00f3n de m\u00fasicos estadounidenses, reconoci\u00f3 a lo m\u00e1s destacado de la industria musical durante el a\u00f1o 2013. El evento de [&#8230;]<\/p>\n<p>January 27, 2014<\/p>\n<div id=\"post-20153\">\n<p><a title=\"Permalink to Buena Vista Social Club se despide de los escenarios con gira \u201cAdi\u00f3s Tour\u201d\" href=\"http:\/\/www.eloriente.net\/home\/2014\/01\/25\/buena-vista-social-club-se-despide-de-los-escenarios\/\" rel=\"bookmark\">Buena Vista Social Club se despide de los escenarios con gira \u201cAdi\u00f3s Tour\u201d<\/a><\/p>\n<p><a href=\"http:\/\/www.eloriente.net\/home\/2014\/01\/25\/buena-vista-social-club-se-despide-de-los-escenarios\/\" rel=\"bookmark\"><img decoding=\"async\" title=\"Buena Vista Social Club se despide de los escenarios con gira \u201cAdi\u00f3s Tour\u201d\" src=\"http:\/\/www.eloriente.net\/home\/wp-content\/themes\/city-desk\/timthumb.php?src=http%3A%2F%2Fwww.eloriente.net%2Fhome%2Fwp-content%2Fuploads%2F2014%2F01%2FOrquesta-Buena-Vista-Social-Club_3-%C2%A9-Alejandro-Perez.jpg&amp;q=90&amp;w=160&amp;h=106&amp;zc=1\" alt=\"Buena Vista Social Club se despide de los escenarios con gira \u201cAdi\u00f3s Tour\u201d\" \/><\/a><\/p>\n<p>eloriente.net 25 de enero de 2014 La agrupaci\u00f3n musical cubana Buena Vista Social Club anunci\u00f3 recientemente su retiro de los escenarios y del t\u00e9rmino de un periodo de 48 a\u00f1os de trabajo promoviendo la m\u00fasica y el baile de salsa, bolero, guajira y son cubano. La \u00faltima aparici\u00f3n de Buena Vista Social Club ser\u00e1 en [&#8230;]<\/p>\n<p>January 25, 2014<\/p>\n<p><a title=\"Permalink to Historia detr\u00e1s de la canci\u00f3n: Ordinary Love de U2, por Canal 3\" href=\"http:\/\/www.eloriente.net\/home\/2014\/01\/15\/historia-detras-de-la-cancion-ordinary-love-de-u2-por-canal-3\/\" rel=\"bookmark\">Historia detr\u00e1s de la canci\u00f3n: Ordinary Love de U2, por Canal 3<\/a><\/p>\n<p><a href=\"http:\/\/www.eloriente.net\/home\/2014\/01\/15\/historia-detras-de-la-cancion-ordinary-love-de-u2-por-canal-3\/\" rel=\"bookmark\"><img decoding=\"async\" title=\"Historia detr\u00e1s de la canci\u00f3n: Ordinary Love de U2, por Canal 3\" src=\"http:\/\/www.eloriente.net\/home\/wp-content\/themes\/city-desk\/timthumb.php?src=http%3A%2F%2Fwww.eloriente.net%2Fhome%2Fwp-content%2Fuploads%2F2014%2F01%2FU2.jpg&amp;q=90&amp;w=160&amp;h=106&amp;zc=1\" alt=\"Historia detr\u00e1s de la canci\u00f3n: Ordinary Love de U2, por Canal 3\" \/><\/a><\/p>\n<p>eloriente.net 15 de enero de 2014 Una de las canciones m\u00e1s sonadas en el momento es sin duda \u201cOrdinary Love\u201d, interpretada por la banda de rock irlandesa U2, la cual hace un homenaje al ex presidente fallecido Nelson Mandela. El \u00e9xito musical fue recientemente galardona en los Premios Globos de Oro 2014 como mejor canci\u00f3n [&#8230;]<\/p>\n<p>January 15, 2014<\/p>\n<\/div>\n\n\t\t\t  <div \n\t\t\t  \tclass = \"fb-comments\" \n\t\t\t  \tdata-href = \"http:\/\/www.eloriente.net\/home\/2014\/02\/24\/ricky-martin-inaugura-55o-edicion-de-vina-del-mar-2014\/\"\n\t\t\t  \tdata-numposts = \"10\"\n\t\t\t\tdata-colorscheme = \"dark\"\n\t\t\t\tdata-order-by = \"social\"\n\t\t\t\tdata-mobile=true>\n\t\t\t  <\/div>\n\t\t  <style>\n\t\t\t.fb_iframe_widget_fluid_desktop iframe {\n\t\t\t    width: 100% !important;\n\t\t\t}\n\t\t  <\/style>\n\t\t  ","protected":false},"excerpt":{"rendered":"<p>eloriente.net 24 de febrero de 2014 Ante una presencia de m\u00e1s de 15 mil personas, la 55\u00ba edici\u00f3n del Festival de Vi\u00f1a del Mar en Chile, el m\u00e1s importante de Am\u00e9rica Latina en su tipo, dio inicio ayer 23 de febrero con un concierto del cantante puertorrique\u00f1o Ricky Mart\u00edn, quien emocion\u00f3 a los asistentes con [&hellip;]<\/p>\n","protected":false},"author":26,"featured_media":21502,"comment_status":"open","ping_status":"open","sticky":false,"template":"","format":"standard","meta":{"_jetpack_memberships_contains_paid_content":false,"footnotes":""},"categories":[5,18,32,10,24],"tags":[340,337,336,149,339,338],"class_list":["post-21498","post","type-post","status-publish","format-standard","has-post-thumbnail","hentry","category-canal-3-musica","category-educacion-y-cultura","category-entradas","category-lo-mas-reciente","category-mexico-y-el-mundo","tag-america-latina","tag-chile","tag-festival","tag-musica","tag-ricky-martin","tag-vina-del-mar"],"jetpack_featured_media_url":"http:\/\/www.eloriente.net\/home\/wp-content\/uploads\/2014\/02\/ricky-martin.jpg","jetpack_sharing_enabled":true,"_links":{"self":[{"href":"http:\/\/www.eloriente.net\/home\/wp-json\/wp\/v2\/posts\/21498"}],"collection":[{"href":"http:\/\/www.eloriente.net\/home\/wp-json\/wp\/v2\/posts"}],"about":[{"href":"http:\/\/www.eloriente.net\/home\/wp-json\/wp\/v2\/types\/post"}],"author":[{"embeddable":true,"href":"http:\/\/www.eloriente.net\/home\/wp-json\/wp\/v2\/users\/26"}],"replies":[{"embeddable":true,"href":"http:\/\/www.eloriente.net\/home\/wp-json\/wp\/v2\/comments?post=21498"}],"version-history":[{"count":10,"href":"http:\/\/www.eloriente.net\/home\/wp-json\/wp\/v2\/posts\/21498\/revisions"}],"predecessor-version":[{"id":21508,"href":"http:\/\/www.eloriente.net\/home\/wp-json\/wp\/v2\/posts\/21498\/revisions\/21508"}],"wp:featuredmedia":[{"embeddable":true,"href":"http:\/\/www.eloriente.net\/home\/wp-json\/wp\/v2\/media\/21502"}],"wp:attachment":[{"href":"http:\/\/www.eloriente.net\/home\/wp-json\/wp\/v2\/media?parent=21498"}],"wp:term":[{"taxonomy":"category","embeddable":true,"href":"http:\/\/www.eloriente.net\/home\/wp-json\/wp\/v2\/categories?post=21498"},{"taxonomy":"post_tag","embeddable":true,"href":"http:\/\/www.eloriente.net\/home\/wp-json\/wp\/v2\/tags?post=21498"}],"curies":[{"name":"wp","href":"https:\/\/api.w.org\/{rel}","templated":true}]}}