{"id":21510,"date":"2014-02-24T19:53:06","date_gmt":"2014-02-25T01:53:06","guid":{"rendered":"http:\/\/www.eloriente.net\/home\/?p=21510"},"modified":"2014-03-12T13:06:24","modified_gmt":"2014-03-12T19:06:24","slug":"los-hermanos-martell-y-carlos-cuevas-presentaran-4a-noche-bohemia-hector-martell","status":"publish","type":"post","link":"http:\/\/www.eloriente.net\/home\/2014\/02\/24\/los-hermanos-martell-y-carlos-cuevas-presentaran-4a-noche-bohemia-hector-martell\/","title":{"rendered":"Jueves 27\/Feb\/14 20:00 4\u00aa noche bohemia \u00abH\u00e9ctor Martell\u00bb"},"content":{"rendered":"<p>eloriente.net<\/p>\n<p>24 de febrero de 2014<\/p>\n<p>Los hermanos Ra\u00fal y Enrique Martell, junto con el cantante de bolero, Carlos Cuevas, invitan al p\u00fablico en general a asistir a la 4\u00aa Noche Bohemia en honor a su padre y amigo H\u00e9ctor Martell, quienes interpretar\u00e1n canciones en memoria del fallecido compositor oaxaque\u00f1o.<\/p>\n<p>Cabe recordar que los hermanos Martell realizaron el pasado 16 de febrero del a\u00f1o pasado, la tercera noche bohemia en el Teatro Macedonio Alcal\u00e1, donde compartieron escenario con la cantante oaxaque\u00f1a Lila Downs\u00a0con la misma finalidad.<\/p>\n<p>Asimismo, hace dos a\u00f1os tuvo lugar la segunda bohemia\u00a0en el z\u00f3calo capitalino \u201cBajo el Laurel\u201d, donde durante doce horas, decenas de cantantes y trovadores\u00a0recordaron a H\u00e9ctor Martell, como uno de los compositores contempor\u00e1neos\u00a0de m\u00fasica rom\u00e1ntica\u00a0m\u00e1s importantes que le dio identidad cultural a Oaxaca.<\/p>\n<p>La cita para esta cuarta edici\u00f3n es el pr\u00f3ximo 27 de febrero de 2014 a las 20:00 horas en el Teatro Macedonio Alcal\u00e1 \u00a1no faltes, asiste con toda tu familia y amigos!<\/p>\n<p>&nbsp;<\/p>\n<p><img loading=\"lazy\" decoding=\"async\" style=\"-webkit-user-select: none;\" src=\"http:\/\/www.todooaxacaradio.com\/wp-content\/uploads\/2014\/02\/martell.png\" alt=\"\" width=\"448\" height=\"298\" \/><\/p>\n<p>&nbsp;<\/p>\n<p><strong>Entradas relacionadas:<\/strong><\/p>\n<p><a title=\"Permalink to Arturo Ripstein recibe primera Medalla Bellas Artes en creaci\u00f3n cinematogr\u00e1fica\" href=\"http:\/\/www.eloriente.net\/home\/2014\/02\/24\/arturo-ripstein-recibe-primera-medalla-bellas-artes-en-creacion-cinematografica\/\" rel=\"bookmark\">Arturo Ripstein recibe primera Medalla Bellas Artes en creaci\u00f3n cinematogr\u00e1fica<\/a><\/p>\n<p><a href=\"http:\/\/www.eloriente.net\/home\/2014\/02\/24\/arturo-ripstein-recibe-primera-medalla-bellas-artes-en-creacion-cinematografica\/\" rel=\"bookmark\"><img decoding=\"async\" title=\"Arturo Ripstein recibe primera Medalla Bellas Artes en creaci\u00f3n cinematogr\u00e1fica\" src=\"http:\/\/www.eloriente.net\/home\/wp-content\/themes\/city-desk\/timthumb.php?src=http%3A%2F%2Fwww.eloriente.net%2Fhome%2Fwp-content%2Fuploads%2F2014%2F02%2FArturo-Ripstein.jpg&amp;q=90&amp;w=160&amp;h=106&amp;zc=1\" alt=\"Arturo Ripstein recibe primera Medalla Bellas Artes en creaci\u00f3n cinematogr\u00e1fica\" \/><\/a><\/p>\n<p>eloriente.net 24 de febrero de 2014 El director de cine mexicano, Arturo Ripstein y Rosen, recibir\u00e1 la Medalla Bellas Artes en creaci\u00f3n cinematogr\u00e1fica, como reconocimiento a su trayectoria profesional, en una ceremonia que se llevar\u00e1 a cabo hoy lunes 24 de febrero a las 19:00 horas en la Sala Manuel M. Ponce del Palacio de [&#8230;]<\/p>\n<p>February 24, 2014<\/p>\n<p><a title=\"Permalink to Se crear\u00e1 Centro de Vinculaci\u00f3n Universitaria en el recinto San Pablo\" href=\"http:\/\/www.eloriente.net\/home\/2014\/02\/22\/se-creara-centro-de-vinculacion-universitaria-en-el-recinto-san-pablo\/\" rel=\"bookmark\">Se crear\u00e1 Centro de Vinculaci\u00f3n Universitaria en el recinto San Pablo<\/a><\/p>\n<p><a href=\"http:\/\/www.eloriente.net\/home\/2014\/02\/22\/se-creara-centro-de-vinculacion-universitaria-en-el-recinto-san-pablo\/\" rel=\"bookmark\"><img decoding=\"async\" title=\"Se crear\u00e1 Centro de Vinculaci\u00f3n Universitaria en el recinto San Pablo\" src=\"http:\/\/www.eloriente.net\/home\/wp-content\/themes\/city-desk\/timthumb.php?src=http%3A%2F%2Fwww.eloriente.net%2Fhome%2Fwp-content%2Fuploads%2F2014%2F02%2Fuabjo3.jpg&amp;q=90&amp;w=160&amp;h=106&amp;zc=1\" alt=\"Se crear\u00e1 Centro de Vinculaci\u00f3n Universitaria en el recinto San Pablo\" \/><\/a><\/p>\n<p>eloriente.net\/UABJO 22 de febrero de 2014 Tras emitir la convocatoria correspondiente para la reconstrucci\u00f3n edificio San Pablo, ubicado en las calles de independencia esquina con Melchor Ocampo y que en el pasado fuera sede del Tribunal Superior de Justicia, La Universidad Aut\u00f3noma Benito Ju\u00e1rez de Oaxaca ha seleccionado el proyecto ganador para la edificaci\u00f3n del [&#8230;]<\/p>\n<p>February 22, 2014<\/p>\n<p><a title=\"Permalink to Video: \u201cJos\u00e9 Emilio Pacheco: Vida y Obra\u201d por Luz Elena Guti\u00e9rrez\" href=\"http:\/\/www.eloriente.net\/home\/2014\/02\/21\/video-jose-emilio-pacheco-vida-y-obra-por-luz-elena-gutierrez\/\" rel=\"bookmark\">Video: \u201cJos\u00e9 Emilio Pacheco: Vida y Obra\u201d por Luz Elena Guti\u00e9rrez<\/a><\/p>\n<p><a href=\"http:\/\/www.eloriente.net\/home\/2014\/02\/21\/video-jose-emilio-pacheco-vida-y-obra-por-luz-elena-gutierrez\/\" rel=\"bookmark\"><img decoding=\"async\" title=\"Video: \u201cJos\u00e9 Emilio Pacheco: Vida y Obra\u201d por Luz Elena Guti\u00e9rrez\" src=\"http:\/\/www.eloriente.net\/home\/wp-content\/themes\/city-desk\/timthumb.php?src=http%3A%2F%2Fwww.eloriente.net%2Fhome%2Fwp-content%2Fuploads%2F2014%2F02%2FLuz-Elena.png&amp;q=90&amp;w=160&amp;h=106&amp;zc=1\" alt=\"Video: \u201cJos\u00e9 Emilio Pacheco: Vida y Obra\u201d por Luz Elena Guti\u00e9rrez\" \/><\/a><\/p>\n<p>eloriente.net 21 de febrero de 2014 Jos\u00e9 Emilio Pacheco representa una vida dedicada a la literatura: Luz Elena Guti\u00e9rrez Conscientes de la importancia de la formaci\u00f3n cr\u00edtica y anal\u00edtica en la literatura para la vida del hombre, ELORIENTE.NET pone a tu disposici\u00f3n las palabras de la\u00a0Dra. Luz Elena Guti\u00e9rrez de Velasco, directora del Centro de [&#8230;]<\/p>\n<p>February 21, 2014<\/p>\n\n\t\t\t  <div \n\t\t\t  \tclass = \"fb-comments\" \n\t\t\t  \tdata-href = \"http:\/\/www.eloriente.net\/home\/2014\/02\/24\/los-hermanos-martell-y-carlos-cuevas-presentaran-4a-noche-bohemia-hector-martell\/\"\n\t\t\t  \tdata-numposts = \"10\"\n\t\t\t\tdata-colorscheme = \"dark\"\n\t\t\t\tdata-order-by = \"social\"\n\t\t\t\tdata-mobile=true>\n\t\t\t  <\/div>\n\t\t  <style>\n\t\t\t.fb_iframe_widget_fluid_desktop iframe {\n\t\t\t    width: 100% !important;\n\t\t\t}\n\t\t  <\/style>\n\t\t  ","protected":false},"excerpt":{"rendered":"<p>eloriente.net 24 de febrero de 2014 Los hermanos Ra\u00fal y Enrique Martell, junto con el cantante de bolero, Carlos Cuevas, invitan al p\u00fablico en general a asistir a la 4\u00aa Noche Bohemia en honor a su padre y amigo H\u00e9ctor Martell, quienes interpretar\u00e1n canciones en memoria del fallecido compositor oaxaque\u00f1o. Cabe recordar que los hermanos [&hellip;]<\/p>\n","protected":false},"author":26,"featured_media":21529,"comment_status":"open","ping_status":"open","sticky":false,"template":"","format":"standard","meta":{"_jetpack_memberships_contains_paid_content":false,"footnotes":""},"categories":[8,32],"tags":[],"class_list":["post-21510","post","type-post","status-publish","format-standard","has-post-thumbnail","hentry","category-agenda","category-entradas"],"jetpack_featured_media_url":"http:\/\/www.eloriente.net\/home\/wp-content\/uploads\/2014\/02\/martell-2.jpg","jetpack_sharing_enabled":true,"_links":{"self":[{"href":"http:\/\/www.eloriente.net\/home\/wp-json\/wp\/v2\/posts\/21510"}],"collection":[{"href":"http:\/\/www.eloriente.net\/home\/wp-json\/wp\/v2\/posts"}],"about":[{"href":"http:\/\/www.eloriente.net\/home\/wp-json\/wp\/v2\/types\/post"}],"author":[{"embeddable":true,"href":"http:\/\/www.eloriente.net\/home\/wp-json\/wp\/v2\/users\/26"}],"replies":[{"embeddable":true,"href":"http:\/\/www.eloriente.net\/home\/wp-json\/wp\/v2\/comments?post=21510"}],"version-history":[{"count":5,"href":"http:\/\/www.eloriente.net\/home\/wp-json\/wp\/v2\/posts\/21510\/revisions"}],"predecessor-version":[{"id":21514,"href":"http:\/\/www.eloriente.net\/home\/wp-json\/wp\/v2\/posts\/21510\/revisions\/21514"}],"wp:featuredmedia":[{"embeddable":true,"href":"http:\/\/www.eloriente.net\/home\/wp-json\/wp\/v2\/media\/21529"}],"wp:attachment":[{"href":"http:\/\/www.eloriente.net\/home\/wp-json\/wp\/v2\/media?parent=21510"}],"wp:term":[{"taxonomy":"category","embeddable":true,"href":"http:\/\/www.eloriente.net\/home\/wp-json\/wp\/v2\/categories?post=21510"},{"taxonomy":"post_tag","embeddable":true,"href":"http:\/\/www.eloriente.net\/home\/wp-json\/wp\/v2\/tags?post=21510"}],"curies":[{"name":"wp","href":"https:\/\/api.w.org\/{rel}","templated":true}]}}