{"id":21541,"date":"2014-02-25T13:18:59","date_gmt":"2014-02-25T19:18:59","guid":{"rendered":"http:\/\/www.eloriente.net\/home\/?p=21541"},"modified":"2014-02-25T20:16:17","modified_gmt":"2014-02-26T02:16:17","slug":"25feb2014-1900-en-vivo-ceremonia-de-ingreso-de-juan-villoro-a-el-colegio-nacional","status":"publish","type":"post","link":"http:\/\/www.eloriente.net\/home\/2014\/02\/25\/25feb2014-1900-en-vivo-ceremonia-de-ingreso-de-juan-villoro-a-el-colegio-nacional\/","title":{"rendered":"25\/Feb\/2014 19:00 En Vivo: Ceremonia de Ingreso de Juan Villoro a El Colegio Nacional"},"content":{"rendered":"<p>eloriente.net\/El Colegio Nacional<\/p>\n<p>25 de febrero de 2014<\/p>\n<p>&nbsp;<\/p>\n<p><iframe loading=\"lazy\" src=\"\/\/www.youtube.com\/embed\/dgGBYmUfD74\" frameborder=\"0\" width=\"420\" height=\"315\"><\/iframe><\/p>\n<p>&nbsp;<\/p>\n<p>Este d\u00eda, en punto de las 19:00, se efectuar\u00e1 la Ceremonia de Ingreso del escritor mexicano <a href=\"http:\/\/www.clubcultura.com\/clubliteratura\/clubescritores\/villoro\/index.html\" target=\"_blank\">Juan Villoro <\/a>a El Colegio Nacional, instituci\u00f3n cuya raz\u00f3n ser lo es la difusi\u00f3n de la cultura superior en el pa\u00eds.<\/p>\n<p>Fue creado por el gobierno federal el 8 de abril de 1943 mediante decreto expedido por el entonces presidente Manuel \u00c1vila Camacho, con 15 miembros fundadores: Mariano Azuela, novelista; Alfonso Caso, arque\u00f3logo; Antonio Caso, fil\u00f3sofo; Carlos Ch\u00e1vez, m\u00fasico; Ezequiel A. Ch\u00e1vez, educador; Ignacio Ch\u00e1vez, cardi\u00f3logo; Enrique Gonz\u00e1lez Mart\u00ednez, poeta; Isaac Ochoterena, bi\u00f3logo; Ezequiel Ord\u00f3\u00f1ez, ge\u00f3logo; Jos\u00e9 Clemente Orozco, pintor; Alfonso Reyes, poeta y humanista; Diego Rivera, pintor; Manuel Sandoval Vallarta, f\u00edsico; Manuel Uribe Troncoso, oftalm\u00f3logo, y Jos\u00e9 Vasconcelos, fil\u00f3sofo y educador.<\/p>\n<p>Ante esta destacada lista de pensadores, el ingreso de Juan Villoro, es considerada de primera trascendencia. Ganador de premios como el Iberoamericano Jos\u00e9 Donoso (2012) y del Premio Xavier Villaurrutia por La Casa Pierde (1999), Villoro es uno de los cinco miembros que renuevan en este 2014 la lista de personajes pertenecientes al colegio, despu\u00e9s del fallecimiento del fil\u00f3sofo Alejandro Rossi en 2009, el ling\u00fcista Antonio Alatorre en 2010, el escritor Carlos Fuentes en 2012, el f\u00edsico Leopoldo Garc\u00eda-Col\u00edn en 2012, el ingeniero Marcos Mazari en 2013, y del poeta Rub\u00e9n Bonifaz Nu\u00f1o.<\/p>\n<p>A las 19:00, da click en la siguiente imagen para enlazarte a la ceremonia de ingreso de Juan Villoro:<\/p>\n<p>&nbsp;<\/p>\n<p><a href=\"http:\/\/www.colegionacional.org.mx\/sacscms\/xstatic\/colegionacional\/template\/content.aspx?se=agendadetalle&amp;id=13359\" target=\"_blank\"><img loading=\"lazy\" decoding=\"async\" class=\"alignnone size-medium wp-image-21546\" title=\"1024px-ColegioNacionalDF wikipedia\" src=\"http:\/\/www.eloriente.net\/home\/wp-content\/uploads\/2014\/02\/1024px-ColegioNacionalDF-wikipedia-300x225.jpg\" alt=\"\" width=\"300\" height=\"225\" srcset=\"http:\/\/www.eloriente.net\/home\/wp-content\/uploads\/2014\/02\/1024px-ColegioNacionalDF-wikipedia-300x225.jpg 300w, http:\/\/www.eloriente.net\/home\/wp-content\/uploads\/2014\/02\/1024px-ColegioNacionalDF-wikipedia.jpg 1024w\" sizes=\"(max-width: 300px) 100vw, 300px\" \/><\/a><\/p>\n<p>Foto: <a href=\"http:\/\/upload.wikimedia.org\/wikipedia\/commons\/thumb\/f\/fb\/ColegioNacionalDF.JPG\/1024px-ColegioNacionalDF.JPG\" target=\"_blank\">Licencia<\/a><\/p>\n<p>&nbsp;<\/p>\n<p><strong>Entradas relacionadas:<\/strong><\/p>\n<div id=\"post-20160\">\n<p><a title=\"Permalink to Fallece el gran Jos\u00e9 Emilio Pacheco\" href=\"http:\/\/www.eloriente.net\/home\/2014\/01\/25\/hospitalizan-a-jose-emilio-pacheco-en-el-distrito-federal\/\" rel=\"bookmark\">Fallece el gran Jos\u00e9 Emilio Pacheco<\/a><\/p>\n<p><a href=\"http:\/\/www.eloriente.net\/home\/2014\/01\/25\/hospitalizan-a-jose-emilio-pacheco-en-el-distrito-federal\/\" rel=\"bookmark\"><img decoding=\"async\" title=\"Fallece el gran Jos\u00e9 Emilio Pacheco\" src=\"http:\/\/www.eloriente.net\/home\/wp-content\/themes\/city-desk\/timthumb.php?src=http%3A%2F%2Fwww.eloriente.net%2Fhome%2Fwp-content%2Fuploads%2F2012%2F11%2Fjose%CC%81-emilio-pacheco.jpg&amp;q=90&amp;w=160&amp;h=106&amp;zc=1\" alt=\"Fallece el gran Jos\u00e9 Emilio Pacheco\" \/><\/a><\/p>\n<p>eloriente.net 26 de enero de 2014 Alrededor de las 18:20 horas de este d\u00eda, la hija del poeta Jos\u00e9 Emilio Pacheco, Laura Emilia, confirm\u00f3 que su padre, el querido escritor mexicano, falleci\u00f3 a los 74 a\u00f1os de edad, mientras permanec\u00eda internado en el Instituto Nacional Salvador Zubir\u00e1n. \u201cSe fue muy tranquilo, se fue en paz, [&#8230;]<\/p>\n<p>January 25, 2014<\/p>\n<\/div>\n<div id=\"post-16088\">\n<p><a title=\"Permalink to Estrenan \u2018Conferencia sobre la lluvia\u2019, obra reciente de Juan Villoro\" href=\"http:\/\/www.eloriente.net\/home\/2013\/08\/30\/estrenan-conferencia-sobre-la-lluvia-obra-reciente-de-juan-villoro\/\" rel=\"bookmark\">Estrenan \u2018Conferencia sobre la lluvia\u2019, obra reciente de Juan Villoro<\/a><\/p>\n<p><a href=\"http:\/\/www.eloriente.net\/home\/2013\/08\/30\/estrenan-conferencia-sobre-la-lluvia-obra-reciente-de-juan-villoro\/\" rel=\"bookmark\"><img decoding=\"async\" title=\"Estrenan \u2018Conferencia sobre la lluvia\u2019, obra reciente de Juan Villoro\" src=\"http:\/\/www.eloriente.net\/home\/wp-content\/themes\/city-desk\/timthumb.php?src=http%3A%2F%2Fwww.eloriente.net%2Fhome%2Fwp-content%2Fuploads%2F2013%2F08%2F%40Conferencia-sobre-la-Lluvia.jpg&amp;q=90&amp;w=160&amp;h=106&amp;zc=1\" alt=\"Estrenan \u2018Conferencia sobre la lluvia\u2019, obra reciente de Juan Villoro\" \/><\/a><\/p>\n<p>eloriente.net \/ Conaculta 30 de agosto de 2013 Una historia en torno a los libros, la lectura y las bibliotecas La inauguraci\u00f3n del Foro Polivalente Antonieta Rivas Mercado de la Biblioteca de M\u00e9xico se realiz\u00f3 con el estreno de la puesta en escena de\u00a0Conferencia sobre la lluvia, del escritor Juan Villoro, la cual se presentar\u00e1 [&#8230;]<\/p>\n<p>August 30, 2013<\/p>\n<\/div>\n<p><a title=\"Permalink to Docente Intelectual: gestor de la reflexi\u00f3n cr\u00edtica\" href=\"http:\/\/www.eloriente.net\/home\/2013\/08\/27\/docente-intelectual-gestor-de-la-reflexion-critica\/\" rel=\"bookmark\">Docente Intelectual: gestor de la reflexi\u00f3n cr\u00edtica<\/a><\/p>\n<p>eloriente.net \/ Scielo 27 de agosto de 2013 \u00a0Por:\u00a0Mar\u00eda Evelinda Santiago Jim\u00e9nez*, Jos\u00e9 Bernardo Parra Victorino**, Misael Murillo Murillo*** * Doctora en Ciencias en Planificaci\u00f3n de Empresas y Desarrollo Regional por el Instituto Tecnol\u00f3gico de Oaxaca. Investigadora Nacional Nivel I (SNI). Profesora\u2013investigadora de la Divisi\u00f3n de Estudios de Posgrado e Investigaci\u00f3n y docente invitada en [&#8230;]<\/p>\n<p>August 27, 2013<\/p>\n\n\t\t\t  <div \n\t\t\t  \tclass = \"fb-comments\" \n\t\t\t  \tdata-href = \"http:\/\/www.eloriente.net\/home\/2014\/02\/25\/25feb2014-1900-en-vivo-ceremonia-de-ingreso-de-juan-villoro-a-el-colegio-nacional\/\"\n\t\t\t  \tdata-numposts = \"10\"\n\t\t\t\tdata-colorscheme = \"dark\"\n\t\t\t\tdata-order-by = \"social\"\n\t\t\t\tdata-mobile=true>\n\t\t\t  <\/div>\n\t\t  <style>\n\t\t\t.fb_iframe_widget_fluid_desktop iframe {\n\t\t\t    width: 100% !important;\n\t\t\t}\n\t\t  <\/style>\n\t\t  ","protected":false},"excerpt":{"rendered":"<p>eloriente.net\/El Colegio Nacional 25 de febrero de 2014 &nbsp; &nbsp; Este d\u00eda, en punto de las 19:00, se efectuar\u00e1 la Ceremonia de Ingreso del escritor mexicano Juan Villoro a El Colegio Nacional, instituci\u00f3n cuya raz\u00f3n ser lo es la difusi\u00f3n de la cultura superior en el pa\u00eds. Fue creado por el gobierno federal el 8 [&hellip;]<\/p>\n","protected":false},"author":1,"featured_media":21546,"comment_status":"open","ping_status":"open","sticky":false,"template":"","format":"standard","meta":{"_jetpack_memberships_contains_paid_content":false,"footnotes":""},"categories":[4,18,32,13,31],"tags":[],"class_list":["post-21541","post","type-post","status-publish","format-standard","has-post-thumbnail","hentry","category-canal-2-en-vivo","category-educacion-y-cultura","category-entradas","category-especiales","category-principal"],"jetpack_featured_media_url":"http:\/\/www.eloriente.net\/home\/wp-content\/uploads\/2014\/02\/1024px-ColegioNacionalDF-wikipedia.jpg","jetpack_sharing_enabled":true,"_links":{"self":[{"href":"http:\/\/www.eloriente.net\/home\/wp-json\/wp\/v2\/posts\/21541"}],"collection":[{"href":"http:\/\/www.eloriente.net\/home\/wp-json\/wp\/v2\/posts"}],"about":[{"href":"http:\/\/www.eloriente.net\/home\/wp-json\/wp\/v2\/types\/post"}],"author":[{"embeddable":true,"href":"http:\/\/www.eloriente.net\/home\/wp-json\/wp\/v2\/users\/1"}],"replies":[{"embeddable":true,"href":"http:\/\/www.eloriente.net\/home\/wp-json\/wp\/v2\/comments?post=21541"}],"version-history":[{"count":5,"href":"http:\/\/www.eloriente.net\/home\/wp-json\/wp\/v2\/posts\/21541\/revisions"}],"predecessor-version":[{"id":21589,"href":"http:\/\/www.eloriente.net\/home\/wp-json\/wp\/v2\/posts\/21541\/revisions\/21589"}],"wp:featuredmedia":[{"embeddable":true,"href":"http:\/\/www.eloriente.net\/home\/wp-json\/wp\/v2\/media\/21546"}],"wp:attachment":[{"href":"http:\/\/www.eloriente.net\/home\/wp-json\/wp\/v2\/media?parent=21541"}],"wp:term":[{"taxonomy":"category","embeddable":true,"href":"http:\/\/www.eloriente.net\/home\/wp-json\/wp\/v2\/categories?post=21541"},{"taxonomy":"post_tag","embeddable":true,"href":"http:\/\/www.eloriente.net\/home\/wp-json\/wp\/v2\/tags?post=21541"}],"curies":[{"name":"wp","href":"https:\/\/api.w.org\/{rel}","templated":true}]}}