{"id":21864,"date":"2014-03-01T12:15:28","date_gmt":"2014-03-01T18:15:28","guid":{"rendered":"http:\/\/www.eloriente.net\/home\/?p=21864"},"modified":"2018-10-24T09:55:38","modified_gmt":"2018-10-24T15:55:38","slug":"70-de-oaxaquenos-no-visitan-bibliotecas-y-60-no-les-gusta-leer","status":"publish","type":"post","link":"http:\/\/www.eloriente.net\/home\/2014\/03\/01\/70-de-oaxaquenos-no-visitan-bibliotecas-y-60-no-les-gusta-leer\/","title":{"rendered":"70% de oaxaque\u00f1os no visitan bibliotecas y 60% no les gusta leer"},"content":{"rendered":"<p><script src=\"\/\/pagead2.googlesyndication.com\/pagead\/js\/adsbygoogle.js\" async=\"\"><\/script><!-- BANNER ELORIENTE INCRUSTADO NOTAS --> <ins class=\"adsbygoogle\" style=\"display: inline-block; width: 300px; height: 250px;\" data-ad-client=\"ca-pub-1136171134853753\" data-ad-slot=\"7974633627\"><\/ins><script>\/\/ <![CDATA[ (adsbygoogle = window.adsbygoogle || []).push({}); \/\/ ]]><\/script><\/p>\n<p>&nbsp;<\/p>\n<p>eloriente.net<\/p>\n<p>1 de marzo de 2014<\/p>\n<p>El 70% de la poblaci\u00f3n oaxaque\u00f1a no frecuentan bibliotecas p\u00fablicas, aunado a que seis de cada 10 oaxaque\u00f1os no les agrada leer, as\u00ed lo dio a conocer los resultados de la encuesta \u00abH\u00e1bitos de lectura y uso de la Televisi\u00f3n\u00bb, realizada por el Centro de Informaci\u00f3n Estad\u00edstica y Documental para el Desarrollo (CIEDD) y la empresa Conceptos Marketing.<\/p>\n<p style=\"text-align: center;\"><a href=\"http:\/\/www.eloriente.net\/home\/wp-content\/uploads\/2014\/03\/libro-1.png\" target=\"_blank\" rel=\"noopener\"><img loading=\"lazy\" decoding=\"async\" class=\"aligncenter\" style=\"-webkit-user-select: none;\" src=\"http:\/\/www.eloriente.net\/home\/wp-content\/uploads\/2014\/03\/libro-1.png\" alt=\"\" width=\"262\" height=\"244\" \/><\/a><\/p>\n<p>La mitad de los ciudadanos entrevistados afirmaron tener de 1 a 20 libros en su hogar. Sin embargo, una cuarta parte de adultos entre 30 y 39 a\u00f1os de edad, junto con una quinta parte de ciudadanos mayores de 50 a\u00f1os, aseguraron poseer entre 50 y 100 libros.<\/p>\n<p>Al preguntar si normalmente terminan los libros que comienzan a leer, el 47.4% de oaxaque\u00f1os declar\u00f3 que siempre, el 24.2% a veces, el 15.5% nunca y el 11.3% casi siempre.<\/p>\n<p>La poblaci\u00f3n que le gusta leer asever\u00f3 suele realizar esta pr\u00e1ctica durante la tarde o en el transcurso de la noche: 40% de j\u00f3venes y adultos prefiere leer antes de acostarse y 50% de los adultos mayores de 50 a\u00f1os optan por la lectura en el atardecer.<\/p>\n<p>En promedio los ciudadanos dedican una hora diaria a la le\u00edda, esto expresado por mujeres y hombres de distintas edades. Asimismo, 9 de cada 10 entrevistados ley\u00f3 en promedio 2.6 libros en el a\u00f1o 2013, de los cuales 47.4% concluy\u00f3 la lectura.<\/p>\n<p style=\"text-align: center;\"><img loading=\"lazy\" decoding=\"async\" class=\"aligncenter\" style=\"-webkit-user-select: none;\" src=\"http:\/\/www.eloriente.net\/home\/wp-content\/uploads\/2014\/03\/libro-2.png\" alt=\"\" width=\"275\" height=\"221\" \/><\/p>\n<p><script async src=\"\/\/pagead2.googlesyndication.com\/pagead\/js\/adsbygoogle.js\"><\/script><br \/>\n<ins class=\"adsbygoogle\" style=\"display: block; text-align: center;\" data-ad-layout=\"in-article\" data-ad-format=\"fluid\" data-ad-client=\"ca-pub-1136171134853753\" data-ad-slot=\"7980763077\"><\/ins><br \/>\n<script>\n     (adsbygoogle = window.adsbygoogle || []).push({});\n<\/script><br \/>\nEn 2013 tambi\u00e9n, 41.7% de oaxaque\u00f1os ley\u00f3 novelas, 15.9% libros acad\u00e9micos, 14.3% cuentos, 6.8% religiosos, 6% de superaci\u00f3n personal y 5.5% biograf\u00edas, principalmente. Siendo Don Quijote de la Mancha, El alquimista, Cien a\u00f1os de soledad, Volar sobre el pantano y El perfume, los t\u00edtulos favoritos entre los entrevistados.<\/p>\n<p>Tambi\u00e9n, se present\u00f3 que el 78% de la ciudadan\u00eda suele leer el peri\u00f3dico y 58% revistas.<\/p>\n<p>La encuesta fue aplicada a 503 ciudadanos residentes en los cinco principales municipios de los Valles Centrales del Estado de Oaxaca: Santa Cruz Xoxocotl\u00e1n, Santa Luc\u00eda del camino, Tlacolula de Matamoros, Villa de Etla y Oaxaca de Ju\u00e1rez, del 14 al 16 febrero de 2014.<\/p>\n<p style=\"text-align: center;\"><a href=\"http:\/\/www.eloriente.net\/home\/wp-content\/uploads\/2014\/03\/Captura-de-pantalla-2014-03-04-a-las-13.27.16.png\"><img loading=\"lazy\" decoding=\"async\" class=\"alignnone size-medium wp-image-22067\" title=\"Captura de pantalla 2014-03-04 a la(s) 13.27.16\" src=\"http:\/\/www.eloriente.net\/home\/wp-content\/uploads\/2014\/03\/Captura-de-pantalla-2014-03-04-a-las-13.27.16-300x235.png\" alt=\"\" width=\"300\" height=\"235\" srcset=\"http:\/\/www.eloriente.net\/home\/wp-content\/uploads\/2014\/03\/Captura-de-pantalla-2014-03-04-a-las-13.27.16-300x235.png 300w, http:\/\/www.eloriente.net\/home\/wp-content\/uploads\/2014\/03\/Captura-de-pantalla-2014-03-04-a-las-13.27.16.png 580w\" sizes=\"(max-width: 300px) 100vw, 300px\" \/><\/a><\/p>\n<p>Consulta el reporte completo, dando click a la siguiente <a href=\"http:\/\/www.ciedd.oaxaca.gob.mx\/info\/pdf\/encuesta_febrero2014.pdf\" target=\"_blank\" rel=\"noopener\">liga de enlace<\/a>.<\/p>\n<p>&nbsp;<\/p>\n<p><a href=\"http:\/\/www.eloriente.net\/home\/wp-content\/uploads\/2014\/03\/libros-oaxaca.jpg\"><img loading=\"lazy\" decoding=\"async\" class=\"alignnone size-medium wp-image-21874\" title=\"libros oaxaca\" src=\"http:\/\/www.eloriente.net\/home\/wp-content\/uploads\/2014\/03\/libros-oaxaca-300x199.jpg\" alt=\"\" width=\"300\" height=\"199\" srcset=\"http:\/\/www.eloriente.net\/home\/wp-content\/uploads\/2014\/03\/libros-oaxaca-300x199.jpg 300w, http:\/\/www.eloriente.net\/home\/wp-content\/uploads\/2014\/03\/libros-oaxaca-1024x682.jpg 1024w, http:\/\/www.eloriente.net\/home\/wp-content\/uploads\/2014\/03\/libros-oaxaca.jpg 2000w\" sizes=\"(max-width: 300px) 100vw, 300px\" \/><\/a><\/p>\n<p>Foto: Jano Mendoza<\/p>\n<p>&nbsp;<\/p>\n<p><strong>Entradas relacionadas:<\/strong><\/p>\n<p><a title=\"Permalink to Convocan a poetas latinoamericanos al XIV Premio Casa de Am\u00e9rica\" href=\"http:\/\/www.eloriente.net\/home\/2014\/02\/27\/convocan-a-xiv-premio-casa-de-america-de-poesia\/\" rel=\"bookmark\">Convocan a poetas latinoamericanos al XIV Premio Casa de Am\u00e9rica<\/a><\/p>\n<p><a href=\"http:\/\/www.eloriente.net\/home\/2014\/02\/27\/convocan-a-xiv-premio-casa-de-america-de-poesia\/\" rel=\"bookmark\"><img decoding=\"async\" title=\"Convocan a poetas latinoamericanos al XIV Premio Casa de Am\u00e9rica\" src=\"http:\/\/www.eloriente.net\/home\/wp-content\/themes\/city-desk\/timthumb.php?src=http%3A%2F%2Fwww.eloriente.net%2Fhome%2Fwp-content%2Fuploads%2F2014%2F02%2Fbloqueo-del-escritor.jpg&amp;q=90&amp;w=160&amp;h=106&amp;zc=1\" alt=\"Convocan a poetas latinoamericanos al XIV Premio Casa de Am\u00e9rica\" \/><\/a><\/p>\n<p>eloriente.net 27 de febrero de 2014 Con la finalidad de estimular la creaci\u00f3n de poemas que abran o exploren perspectivas in\u00e9ditas y tem\u00e1ticas renovadoras, el consorcio espa\u00f1ol Casa de Am\u00e9rica y la Editorial Visor Libros convocan a literatos latinoamericanos a participar en su concurso de poes\u00eda, para hacerse acreedor al XIV Premio Casa de Am\u00e9rica. [&#8230;]<\/p>\n<p>February 27, 2014<\/p>\n<div id=\"post-21604\">\n<p><a title=\"Permalink to Traducir\u00e1n f\u00e1bulas de Esopo a lenguas ind\u00edgenas\" href=\"http:\/\/www.eloriente.net\/home\/2014\/02\/26\/traduciran-fabulas-de-esopo-a-lenguas-indigenas\/\" rel=\"bookmark\">Traducir\u00e1n f\u00e1bulas de Esopo a lenguas ind\u00edgenas<\/a><\/p>\n<p><a href=\"http:\/\/www.eloriente.net\/home\/2014\/02\/26\/traduciran-fabulas-de-esopo-a-lenguas-indigenas\/\" rel=\"bookmark\"><img decoding=\"async\" title=\"Traducir\u00e1n f\u00e1bulas de Esopo a lenguas ind\u00edgenas\" src=\"http:\/\/www.eloriente.net\/home\/wp-content\/themes\/city-desk\/timthumb.php?src=http%3A%2F%2Fwww.eloriente.net%2Fhome%2Fwp-content%2Fuploads%2F2014%2F02%2Ff%C3%A1bulas.jpg&amp;q=90&amp;w=160&amp;h=106&amp;zc=1\" alt=\"Traducir\u00e1n f\u00e1bulas de Esopo a lenguas ind\u00edgenas\" \/><\/a><\/p>\n<p>eloriente.net\/FAHHO 26 de febrero de 2014 Teniendo como objetivo fortalecer el uso de las lenguas ind\u00edgenas, el artista Francisco Toledo en coordinaci\u00f3n con la Fundaci\u00f3n Alfredo Harp Hel\u00fa Oaxaca (FAHHO) y la Secretaria de la Culturas y Artes de Oaxaca, publicar\u00e1n las f\u00e1bulas de Esopo en zapoteco, en sus cuatro variantes. El proyecto se dio [&#8230;]<\/p>\n<p>February 26, 2014<\/p>\n<p><a title=\"Permalink to Guelaguetza de libros beneficia a Santo Domingo Tomaltepec y Bajos de Coyula\" href=\"http:\/\/www.eloriente.net\/home\/2014\/02\/07\/guelaguetza-de-libros-beneficia-a-santo-domingo-tomaltepec-y-bajos-de-coyula\/\" rel=\"bookmark\">Guelaguetza de libros beneficia a Santo Domingo Tomaltepec y Bajos de Coyula<\/a><\/p>\n<p><a href=\"http:\/\/www.eloriente.net\/home\/2014\/02\/07\/guelaguetza-de-libros-beneficia-a-santo-domingo-tomaltepec-y-bajos-de-coyula\/\" rel=\"bookmark\"><img decoding=\"async\" title=\"Guelaguetza de libros beneficia a Santo Domingo Tomaltepec y Bajos de Coyula\" src=\"http:\/\/www.eloriente.net\/home\/wp-content\/themes\/city-desk\/timthumb.php?src=http%3A%2F%2Fwww.eloriente.net%2Fhome%2Fwp-content%2Fuploads%2F2014%2F02%2Firene.jpg&amp;q=90&amp;w=160&amp;h=106&amp;zc=1\" alt=\"Guelaguetza de libros beneficia a Santo Domingo Tomaltepec y Bajos de Coyula\" \/><\/a><\/p>\n<p>eloriente.net\/UABJO 7 de febrero de 2014 El proyecto social de la universidad es reconocido a nivel internacional y puede ser replicado por otros estado del pa\u00eds El rector de la Universidad Aut\u00f3noma \u201cBenito Ju\u00e1rez\u201d de Oaxaca (UABJO), Eduardo Mart\u00ednez Helmes entreg\u00f3 a las autoridades municipales de Santo Domingo Tomaltepec y Bajos de Coyula de Santa [&#8230;]<\/p>\n<p>February 7, 2014<\/p>\n<\/div>\n\n\t\t\t  <div \n\t\t\t  \tclass = \"fb-comments\" \n\t\t\t  \tdata-href = \"http:\/\/www.eloriente.net\/home\/2014\/03\/01\/70-de-oaxaquenos-no-visitan-bibliotecas-y-60-no-les-gusta-leer\/\"\n\t\t\t  \tdata-numposts = \"10\"\n\t\t\t\tdata-colorscheme = \"dark\"\n\t\t\t\tdata-order-by = \"social\"\n\t\t\t\tdata-mobile=true>\n\t\t\t  <\/div>\n\t\t  <style>\n\t\t\t.fb_iframe_widget_fluid_desktop iframe {\n\t\t\t    width: 100% !important;\n\t\t\t}\n\t\t  <\/style>\n\t\t  ","protected":false},"excerpt":{"rendered":"<p>&nbsp; eloriente.net 1 de marzo de 2014 El 70% de la poblaci\u00f3n oaxaque\u00f1a no frecuentan bibliotecas p\u00fablicas, aunado a que seis de cada 10 oaxaque\u00f1os no les agrada leer, as\u00ed lo dio a conocer los resultados de la encuesta \u00abH\u00e1bitos de lectura y uso de la Televisi\u00f3n\u00bb, realizada por el Centro de Informaci\u00f3n Estad\u00edstica y [&hellip;]<\/p>\n","protected":false},"author":26,"featured_media":22067,"comment_status":"open","ping_status":"open","sticky":false,"template":"","format":"standard","meta":{"_jetpack_memberships_contains_paid_content":false,"footnotes":""},"categories":[18,32,35,10,23],"tags":[430,432,429,428,431,350,73],"class_list":["post-21864","post","type-post","status-publish","format-standard","has-post-thumbnail","hentry","category-educacion-y-cultura","category-entradas","category-secciones-oriente","category-lo-mas-reciente","category-municipios","tag-bibliotecas","tag-encuesta","tag-habito","tag-lectura","tag-leer","tag-libros","tag-oaxaca"],"jetpack_featured_media_url":"http:\/\/www.eloriente.net\/home\/wp-content\/uploads\/2014\/03\/Captura-de-pantalla-2014-03-04-a-las-13.27.16.png","jetpack_sharing_enabled":true,"_links":{"self":[{"href":"http:\/\/www.eloriente.net\/home\/wp-json\/wp\/v2\/posts\/21864"}],"collection":[{"href":"http:\/\/www.eloriente.net\/home\/wp-json\/wp\/v2\/posts"}],"about":[{"href":"http:\/\/www.eloriente.net\/home\/wp-json\/wp\/v2\/types\/post"}],"author":[{"embeddable":true,"href":"http:\/\/www.eloriente.net\/home\/wp-json\/wp\/v2\/users\/26"}],"replies":[{"embeddable":true,"href":"http:\/\/www.eloriente.net\/home\/wp-json\/wp\/v2\/comments?post=21864"}],"version-history":[{"count":5,"href":"http:\/\/www.eloriente.net\/home\/wp-json\/wp\/v2\/posts\/21864\/revisions"}],"predecessor-version":[{"id":54879,"href":"http:\/\/www.eloriente.net\/home\/wp-json\/wp\/v2\/posts\/21864\/revisions\/54879"}],"wp:featuredmedia":[{"embeddable":true,"href":"http:\/\/www.eloriente.net\/home\/wp-json\/wp\/v2\/media\/22067"}],"wp:attachment":[{"href":"http:\/\/www.eloriente.net\/home\/wp-json\/wp\/v2\/media?parent=21864"}],"wp:term":[{"taxonomy":"category","embeddable":true,"href":"http:\/\/www.eloriente.net\/home\/wp-json\/wp\/v2\/categories?post=21864"},{"taxonomy":"post_tag","embeddable":true,"href":"http:\/\/www.eloriente.net\/home\/wp-json\/wp\/v2\/tags?post=21864"}],"curies":[{"name":"wp","href":"https:\/\/api.w.org\/{rel}","templated":true}]}}