{"id":21922,"date":"2014-03-02T09:55:58","date_gmt":"2014-03-02T15:55:58","guid":{"rendered":"http:\/\/www.eloriente.net\/home\/?p=21922"},"modified":"2014-03-02T09:55:58","modified_gmt":"2014-03-02T15:55:58","slug":"se-prepara-festival-latinoamericano-de-poesia-ser-al-fin-una-palabra","status":"publish","type":"post","link":"http:\/\/www.eloriente.net\/home\/2014\/03\/02\/se-prepara-festival-latinoamericano-de-poesia-ser-al-fin-una-palabra\/","title":{"rendered":"Se prepara festival latinoamericano de poes\u00eda &#8216;Ser al fin una palabra&#8217;:"},"content":{"rendered":"<p>eloriente.net\/Agencia N22<\/p>\n<p>2 de marzo de 2014<\/p>\n<p><strong>CIUDAD DE M\u00c9XICO, M\u00e9xico, (N22).- <\/strong>\u00bfQu\u00e9 puede hacer un poeta en la c\u00e1rcel? Puede crear poes\u00eda intensa, poes\u00eda ruda y, sobre todo, poes\u00eda vivencial, \u201cde esa en la que tienes que vomitar el h\u00edgado para sacar tu dolor\u201d, asegur\u00f3 en entrevista Federico Corral Vallejo, coordinador\u00a0 del Festival Latinoamericano de Poes\u00eda \u201cSer al fin una palabra\u201d.<\/p>\n<p>\u00abSer al fin una palabra\u201d naci\u00f3 en 2005, con el objetivo de compartir, difundir y hermanar a los pueblos latinoamericanos a trav\u00e9s de la poes\u00eda. Creado por Fernando Corona, Roberto Gonz\u00e1lez y Federico Corral Vallejo, el nombre hace homenaje al Premio Nobel mexicano Octavio Paz.<\/p>\n<p>Celebrado cada a\u00f1o en diferentes fechas y sedes como c\u00e1rceles, mercados, Superamas, universidades y escuelas primarias, el encuentro pretende acercar a la sociedad la poes\u00eda como una opci\u00f3n de vida. Chihuahua, Veracruz y Nezahualc\u00f3yotl son algunos de los estados que abrieron sus puertas a esta propuesta cultural.<\/p>\n<p>\u201cLas tres primeras emisiones cerramos el festival en Bellas Artes, pero de nada sirve que termines ah\u00ed si va a ir tu abuelita, tu t\u00eda y tu amigo. Es desperdiciar un lugar magno para un p\u00fablico reducido.<\/p>\n<p>\u201cClaro que nos dio un buen prestigio estar en el museo Diego Rivera, por ejemplo, o en la Capilla Alfonsina, en todos estos lugares seguimos teniendo las puertas abiertas, pero la visi\u00f3n del festival ha cambiado, porque creo que la poes\u00eda no s\u00f3lo debe ser para los poetas, debe salir a la sociedad, la poes\u00eda siempre anda en busca de poetas\u201d, agreg\u00f3 Corral, quien tiene m\u00e1s de 20 a\u00f1os de trayectoria.<\/p>\n<p>De acuerdo con el tambi\u00e9n editor, la c\u00e1rcel es uno de los foros m\u00e1s interesantes donde se ha desarrollado el festival.\u00a0 \u201cSe lleg\u00f3 a crear poes\u00eda de esa que sale del alma, me atrever\u00eda a decir que muy al estilo de Jaime Sabines, creo que cuando el ser humano est\u00e1 en cautiverio anhela tantas cosas, no s\u00f3lo la libertad, y a trav\u00e9s de las letras encuentra un medio para liberarse de sus malas experiencias\u201d.<\/p>\n<p>Enrique Gonz\u00e1lez Rojo, Carlos Montemayor, Vicente Quirarte, Iliana Godoy y Jorge Calvimontes son algunos de los poetas que han participado con su obra en \u201cSer al fin una palabra\u201d. Durante cuatro d\u00edas la poes\u00eda infantil, er\u00f3tica y de protesta social encuentra voz a trav\u00e9s de sus autores y espectadores.<\/p>\n<p>\u201cAqu\u00ed no se venden libros, aqu\u00ed lo \u00fanico que van a encontrar es alimento para el esp\u00edritu. \u00a0No se trata de evangelizar, se trata de compartir un poco de tu historia, porque la poes\u00eda refleja en peque\u00f1as frases la realidad, las vivencias y sobre todo, crea conciencia. No termina con la violencia, crea conciencia, que es distinto\u201d, finaliz\u00f3 el tambi\u00e9n \u00a0autor de <em>Vomitar mi muerte <\/em>(2000).<\/p>\n<p>La edici\u00f3n de este a\u00f1o se llevar\u00e1 a cabo en el estado de Hidalgo. La fecha a\u00fan est\u00e1 por confirmarse.<\/p>\n<p><a href=\"http:\/\/www.eloriente.net\/home\/wp-content\/uploads\/2014\/03\/@federico-corral-vallejo.jpg\"><img loading=\"lazy\" decoding=\"async\" class=\"alignnone size-medium wp-image-21923\" title=\"@federico corral vallejo\" src=\"http:\/\/www.eloriente.net\/home\/wp-content\/uploads\/2014\/03\/@federico-corral-vallejo-168x300.jpg\" alt=\"\" width=\"168\" height=\"300\" srcset=\"http:\/\/www.eloriente.net\/home\/wp-content\/uploads\/2014\/03\/@federico-corral-vallejo-168x300.jpg 168w, http:\/\/www.eloriente.net\/home\/wp-content\/uploads\/2014\/03\/@federico-corral-vallejo.jpg 539w\" sizes=\"(max-width: 168px) 100vw, 168px\" \/><\/a><\/p>\n<p>@FedericoCorralVallejo<\/p>\n<p><strong>Otras Entradas:<\/strong><\/p>\n<div id=\"post-21864\">\n<p><a title=\"Permalink to 70% de oaxaque\u00f1os no visitan bibliotecas y 60% no les gusta leer\" href=\"http:\/\/www.eloriente.net\/home\/2014\/03\/01\/70-de-oaxaquenos-no-visitan-bibliotecas-y-60-no-les-gusta-leer\/\" rel=\"bookmark\">70% de oaxaque\u00f1os no visitan bibliotecas y 60% no les gusta leer<\/a><\/p>\n<p><a href=\"http:\/\/www.eloriente.net\/home\/2014\/03\/01\/70-de-oaxaquenos-no-visitan-bibliotecas-y-60-no-les-gusta-leer\/\" rel=\"bookmark\"><img decoding=\"async\" title=\"70% de oaxaque\u00f1os no visitan bibliotecas y 60% no les gusta leer\" src=\"http:\/\/www.eloriente.net\/home\/wp-content\/themes\/city-desk\/timthumb.php?src=http%3A%2F%2Fwww.eloriente.net%2Fhome%2Fwp-content%2Fuploads%2F2014%2F03%2Flibros-oaxaca.jpg&amp;q=90&amp;w=160&amp;h=106&amp;zc=1\" alt=\"70% de oaxaque\u00f1os no visitan bibliotecas y 60% no les gusta leer\" \/><\/a>eloriente.net 1 de marzo de 2014 El 70% de la poblaci\u00f3n oaxaque\u00f1a no frecuentan bibliotecas p\u00fablicas, aunado a que seis de cada 10 oaxaque\u00f1os no les agrada leer, as\u00ed lo dio a conocer los resultados de la encuesta \u201cH\u00e1bitos de lectura y uso de la Televisi\u00f3n\u201d, realizada por el Centro de Informaci\u00f3n Estad\u00edstica y Documental [&#8230;]<\/p>\n<p>March 1, 2014<\/p>\n<\/div>\n<div id=\"post-21840\">\n<p><a title=\"Permalink to Aret\u00e9 Digital publica su reporte mensual sobre gesti\u00f3n cultural, marzo 2014\" href=\"http:\/\/www.eloriente.net\/home\/2014\/03\/01\/arete-digital-publica-su-reporte-mensual-sobre-gestion-cultural-marzo-2014\/\" rel=\"bookmark\">Aret\u00e9 Digital publica su reporte mensual sobre gesti\u00f3n cultural, marzo 2014<\/a><\/p>\n<p><a href=\"http:\/\/www.eloriente.net\/home\/2014\/03\/01\/arete-digital-publica-su-reporte-mensual-sobre-gestion-cultural-marzo-2014\/\" rel=\"bookmark\"><img decoding=\"async\" title=\"Aret\u00e9 Digital publica su reporte mensual sobre gesti\u00f3n cultural, marzo 2014\" src=\"http:\/\/www.eloriente.net\/home\/wp-content\/themes\/city-desk\/timthumb.php?src=http%3A%2F%2Fwww.eloriente.net%2Fhome%2Fwp-content%2Fuploads%2F2014%2F03%2FIPCE.jpg&amp;q=90&amp;w=160&amp;h=106&amp;zc=1\" alt=\"Aret\u00e9 Digital publica su reporte mensual sobre gesti\u00f3n cultural, marzo 2014\" \/><\/a>eloriente.net 1 de marzo de 2014 La Asociaci\u00f3n Espa\u00f1ola de Gestores de Patrimonio Cultural (AEGPC) public\u00f3 hoy su Reporte Mensual sobre gesti\u00f3n cultural, Aret\u00e9 Digital,\u00a0marzo 2014, en el cu\u00e1l muestra una s\u00edntesis sobre las actividades, convocatorias, cursos, jornadas, congresos, seminarios y noticias de la instituci\u00f3n, en las que se destacan las convocatorias de Fundaci\u00f3n Carolina, [&#8230;]<\/p>\n<p>March 1, 2014<\/p>\n<\/div>\n<p><a title=\"Permalink to Convocan a poetas latinoamericanos al XIV Premio Casa de Am\u00e9rica\" href=\"http:\/\/www.eloriente.net\/home\/2014\/02\/27\/convocan-a-xiv-premio-casa-de-america-de-poesia\/\" rel=\"bookmark\">Convocan a poetas latinoamericanos al XIV Premio Casa de Am\u00e9rica<\/a><\/p>\n<p><a href=\"http:\/\/www.eloriente.net\/home\/2014\/02\/27\/convocan-a-xiv-premio-casa-de-america-de-poesia\/\" rel=\"bookmark\"><img decoding=\"async\" title=\"Convocan a poetas latinoamericanos al XIV Premio Casa de Am\u00e9rica\" src=\"http:\/\/www.eloriente.net\/home\/wp-content\/themes\/city-desk\/timthumb.php?src=http%3A%2F%2Fwww.eloriente.net%2Fhome%2Fwp-content%2Fuploads%2F2014%2F02%2Fbloqueo-del-escritor.jpg&amp;q=90&amp;w=160&amp;h=106&amp;zc=1\" alt=\"Convocan a poetas latinoamericanos al XIV Premio Casa de Am\u00e9rica\" \/><\/a><\/p>\n<p>eloriente.net 27 de febrero de 2014 Con la finalidad de estimular la creaci\u00f3n de poemas que abran o exploren perspectivas in\u00e9ditas y tem\u00e1ticas renovadoras, el consorcio espa\u00f1ol Casa de Am\u00e9rica y la Editorial Visor Libros convocan a literatos latinoamericanos a participar en su concurso de poes\u00eda, para hacerse acreedor al XIV Premio Casa de Am\u00e9rica. [&#8230;]<\/p>\n<p>February 27, 2014<\/p>\n\n\t\t\t  <div \n\t\t\t  \tclass = \"fb-comments\" \n\t\t\t  \tdata-href = \"http:\/\/www.eloriente.net\/home\/2014\/03\/02\/se-prepara-festival-latinoamericano-de-poesia-ser-al-fin-una-palabra\/\"\n\t\t\t  \tdata-numposts = \"10\"\n\t\t\t\tdata-colorscheme = \"dark\"\n\t\t\t\tdata-order-by = \"social\"\n\t\t\t\tdata-mobile=true>\n\t\t\t  <\/div>\n\t\t  <style>\n\t\t\t.fb_iframe_widget_fluid_desktop iframe {\n\t\t\t    width: 100% !important;\n\t\t\t}\n\t\t  <\/style>\n\t\t  ","protected":false},"excerpt":{"rendered":"<p>eloriente.net\/Agencia N22 2 de marzo de 2014 CIUDAD DE M\u00c9XICO, M\u00e9xico, (N22).- \u00bfQu\u00e9 puede hacer un poeta en la c\u00e1rcel? Puede crear poes\u00eda intensa, poes\u00eda ruda y, sobre todo, poes\u00eda vivencial, \u201cde esa en la que tienes que vomitar el h\u00edgado para sacar tu dolor\u201d, asegur\u00f3 en entrevista Federico Corral Vallejo, coordinador\u00a0 del Festival Latinoamericano [&hellip;]<\/p>\n","protected":false},"author":1,"featured_media":21923,"comment_status":"open","ping_status":"open","sticky":false,"template":"","format":"standard","meta":{"_jetpack_memberships_contains_paid_content":false,"footnotes":""},"categories":[18,32,10,24],"tags":[],"class_list":["post-21922","post","type-post","status-publish","format-standard","has-post-thumbnail","hentry","category-educacion-y-cultura","category-entradas","category-lo-mas-reciente","category-mexico-y-el-mundo"],"jetpack_featured_media_url":"http:\/\/www.eloriente.net\/home\/wp-content\/uploads\/2014\/03\/@federico-corral-vallejo.jpg","jetpack_sharing_enabled":true,"_links":{"self":[{"href":"http:\/\/www.eloriente.net\/home\/wp-json\/wp\/v2\/posts\/21922"}],"collection":[{"href":"http:\/\/www.eloriente.net\/home\/wp-json\/wp\/v2\/posts"}],"about":[{"href":"http:\/\/www.eloriente.net\/home\/wp-json\/wp\/v2\/types\/post"}],"author":[{"embeddable":true,"href":"http:\/\/www.eloriente.net\/home\/wp-json\/wp\/v2\/users\/1"}],"replies":[{"embeddable":true,"href":"http:\/\/www.eloriente.net\/home\/wp-json\/wp\/v2\/comments?post=21922"}],"version-history":[{"count":2,"href":"http:\/\/www.eloriente.net\/home\/wp-json\/wp\/v2\/posts\/21922\/revisions"}],"predecessor-version":[{"id":21925,"href":"http:\/\/www.eloriente.net\/home\/wp-json\/wp\/v2\/posts\/21922\/revisions\/21925"}],"wp:featuredmedia":[{"embeddable":true,"href":"http:\/\/www.eloriente.net\/home\/wp-json\/wp\/v2\/media\/21923"}],"wp:attachment":[{"href":"http:\/\/www.eloriente.net\/home\/wp-json\/wp\/v2\/media?parent=21922"}],"wp:term":[{"taxonomy":"category","embeddable":true,"href":"http:\/\/www.eloriente.net\/home\/wp-json\/wp\/v2\/categories?post=21922"},{"taxonomy":"post_tag","embeddable":true,"href":"http:\/\/www.eloriente.net\/home\/wp-json\/wp\/v2\/tags?post=21922"}],"curies":[{"name":"wp","href":"https:\/\/api.w.org\/{rel}","templated":true}]}}