{"id":22018,"date":"2014-03-04T10:13:28","date_gmt":"2014-03-04T16:13:28","guid":{"rendered":"http:\/\/www.eloriente.net\/home\/?p=22018"},"modified":"2014-03-04T12:22:30","modified_gmt":"2014-03-04T18:22:30","slug":"reconocen-a-marcela-lagarde-con-presea-elvia-carrillo-puerto","status":"publish","type":"post","link":"http:\/\/www.eloriente.net\/home\/2014\/03\/04\/reconocen-a-marcela-lagarde-con-presea-elvia-carrillo-puerto\/","title":{"rendered":"Senado reconoce a Marcela Lagarde con presea Elvia Carrillo Puerto"},"content":{"rendered":"<p>eloriente.net<\/p>\n<p>4 de marzo de 2014<\/p>\n<p>La antrop\u00f3loga e investigadora mexicana, Mar\u00eda Marcela Lagarde y de los R\u00edos, recibir\u00e1 el pr\u00f3ximo jueves 6 de marzo la presea Elvia Carrillo Puerto, reconocimiento que otorga la C\u00e1mara de Senadores a una representante\u00a0del g\u00e9nero femenino que se destaque en la defensa, protecci\u00f3n e investigaci\u00f3n de los derechos humanos de las mujeres y de la igualdad de g\u00e9nero en el pa\u00eds.<\/p>\n<p>Dicho galard\u00f3n se entrega anualmente en el marco del D\u00eda de la Internacional de la Mujer en sesi\u00f3n solemne en el Senado, con la presencia del Presidente de la Rep\u00fablica, el titular de la Suprema Corte de Justicia de la Naci\u00f3n, as\u00ed como organizaciones civiles de derechos humanos.<\/p>\n<p>La Comisi\u00f3n para la Igualdad de G\u00e9nero de la LXII Legislatura de la C\u00e1mara de Senadores eligi\u00f3 a la tambi\u00e9n escritora, Marcela Lagarde, como acreedora a este reconocimiento, tras su imparable trayectoria como activista en contra del feminicidio, en pro de los derechos humanos, democracia, participaci\u00f3n y autonom\u00eda de las mujeres.<\/p>\n<p>Marcela Lagarde es actualmente catedr\u00e1tica de la Universidad Nacional Aut\u00f3noma de M\u00e9xico (UNAM) en los posgrados de antropolog\u00eda, sociolog\u00eda y estudios de g\u00e9nero. Colabora activamente en organizaciones nacionales e internacionales feministas en M\u00e9xico, Latinoam\u00e9rica y Espa\u00f1a.<\/p>\n<p>De 2003 a 2006, Marcela Lagarde fue diputada por representaci\u00f3n proporcional de la LIX Legislatura del Congreso de la Uni\u00f3n, por la fracci\u00f3n parlamentaria del PRD del Distrito Federal, durante su cargo promovi\u00f3 el reconocimiento del feminicidio como delito en el C\u00f3digo Penal Federal y de la Ley General de Acceso de las Mujeres a Una Vida Libre de Violencia, ley vigente desde el 2 de febrero de 2007.<\/p>\n<p>Tambi\u00e9n se destac\u00f3 por su constante trabajo a favor de los derechos de las mujeres,\u00a0cre\u00f3 la Comisi\u00f3n Especial de Feminicidio en el Congreso para investigar el asesinato de mujeres en Ciudad Ju\u00e1rez y dirigi\u00f3 la investigaci\u00f3n diagn\u00f3stica sobre violencia feminicida en la Rep\u00fablica Mexicana.<\/p>\n<p>Marcela Lagarde es autora de m\u00e1s de 100 art\u00edculos y varios libros en materia de g\u00e9nero, se destacan \u00abLos cautiverios de las mujeres. Madresposas, monjas, putas, presas y locas\u00bb, \u00abG\u00e9nero y feminismo. Desarrollo humano y democracia\u00bb,\u00a0\u00abPara mis socias de la vida. Claves feministas para el poder\u00edo y la autonom\u00eda de las mujeres, los liderazgos entra\u00f1ables y las negociaciones en el amor\u00bb, \u00abIdentidad de g\u00e9nero y derechos humanos\u00bb, \u00abLa multidimensionalidad de la categor\u00eda de g\u00e9nero y del feminismo\u00bb, entre otros.<\/p>\n<p>&nbsp;<\/p>\n<p><iframe loading=\"lazy\" src=\"\/\/www.youtube.com\/embed\/24gQhJvXmFM\" frameborder=\"0\" width=\"560\" height=\"315\"><\/iframe><\/p>\n<p>Video:\u00a0<a dir=\"ltr\" href=\"https:\/\/www.youtube.com\/user\/popularesydiversas?feature=watch\" data-sessionlink=\"feature=watch&amp;ei=UvsVU-2cGsXlsgKFhIHACw\" data-ytid=\"UCfbIAWhPkSl-CFH3n8rs-PQ\" data-name=\"watch\">Populares y Diversas<\/a><\/p>\n<p>&nbsp;<\/p>\n<p><a href=\"http:\/\/www.eloriente.net\/home\/wp-content\/uploads\/2014\/03\/Marcela-Lagarde-Por-Beatriz-Mora.jpg\"><img loading=\"lazy\" decoding=\"async\" class=\"alignnone size-medium wp-image-22025\" title=\"Marcela Lagarde-Por Beatriz Mora\" src=\"http:\/\/www.eloriente.net\/home\/wp-content\/uploads\/2014\/03\/Marcela-Lagarde-Por-Beatriz-Mora-300x199.jpg\" alt=\"\" width=\"300\" height=\"199\" srcset=\"http:\/\/www.eloriente.net\/home\/wp-content\/uploads\/2014\/03\/Marcela-Lagarde-Por-Beatriz-Mora-300x199.jpg 300w, http:\/\/www.eloriente.net\/home\/wp-content\/uploads\/2014\/03\/Marcela-Lagarde-Por-Beatriz-Mora.jpg 786w\" sizes=\"(max-width: 300px) 100vw, 300px\" \/><\/a><\/p>\n<p>Foto: Beatriz Mora<\/p>\n<p>&nbsp;<\/p>\n<p><strong>Entradas relacionadas:<\/strong><\/p>\n<p><a title=\"Permalink to Rebeca Grynspan es nombrada Secretaria General Iberoamericana\" href=\"http:\/\/www.eloriente.net\/home\/2014\/02\/24\/rebeca-grynspan-es-nombrada-secretaria-general-iberoamericana\/\" rel=\"bookmark\">Rebeca Grynspan es nombrada Secretaria General Iberoamericana<\/a><\/p>\n<p><a href=\"http:\/\/www.eloriente.net\/home\/2014\/02\/24\/rebeca-grynspan-es-nombrada-secretaria-general-iberoamericana\/\" rel=\"bookmark\"><img decoding=\"async\" title=\"Rebeca Grynspan es nombrada Secretaria General Iberoamericana\" src=\"http:\/\/www.eloriente.net\/home\/wp-content\/themes\/city-desk\/timthumb.php?src=http%3A%2F%2Fwww.eloriente.net%2Fhome%2Fwp-content%2Fuploads%2F2014%2F02%2FRebeca-Grynspan-SGI.jpg&amp;q=90&amp;w=160&amp;h=106&amp;zc=1\" alt=\"Rebeca Grynspan es nombrada Secretaria General Iberoamericana\" \/><\/a><\/p>\n<p>eloriente.net\/SEGIB 24 de febrero de 2014 \u00a0 La costarricense Rebeca Grynspan ha sido elegida nueva Secretaria General Iberoamericana en la Reuni\u00f3n extraordinaria de los Ministros de Relaciones Exteriores que han celebrado el lunes 24 de febrero, en M\u00e9xico DF, los 22 pa\u00edses que conforman la Conferencia Iberoamericana. M\u00e9xico ostenta en 2014 la presidencia Pro-Tempore de [&#8230;]<\/p>\n<p>February 24, 2014<\/p>\n<p><a title=\"Permalink to Ind\u00edgenas con discapacidad\" href=\"http:\/\/www.eloriente.net\/home\/2014\/02\/21\/indigenas-con-discapacidad\/\" rel=\"bookmark\">Ind\u00edgenas con discapacidad<\/a><\/p>\n<p><a href=\"http:\/\/www.eloriente.net\/home\/2014\/02\/21\/indigenas-con-discapacidad\/\" rel=\"bookmark\"><img decoding=\"async\" title=\"Ind\u00edgenas con discapacidad\" src=\"http:\/\/www.eloriente.net\/home\/wp-content\/themes\/city-desk\/timthumb.php?src=http%3A%2F%2Fwww.eloriente.net%2Fhome%2Fwp-content%2Fuploads%2F2014%2F02%2FDiscapacitados-2.jpg&amp;q=90&amp;w=160&amp;h=106&amp;zc=1\" alt=\"Ind\u00edgenas con discapacidad\" \/><\/a><\/p>\n<p>eloriente.net 21 de febrero de 2014 En M\u00e9xico existen dos realidades innegables: la situaci\u00f3n de exclusi\u00f3n y marginaci\u00f3n en la que viven las personas ind\u00edgenas y las personas con discapacidad, ahora, si combinamos estos dos factores, el panorama es doblemente desfavorecedor. Hist\u00f3ricamente, estos dos sectores de la poblaci\u00f3n han vivido en extrema pobreza, discriminaci\u00f3n y [&#8230;]<\/p>\n<p>February 21, 2014<\/p>\n<p><a title=\"Permalink to Luz de Vida, una esperanza para ni\u00f1os con c\u00e1ncer\" href=\"http:\/\/www.eloriente.net\/home\/2014\/02\/08\/luz-de-vida-una-esperanza-para-ninos-con-cancer\/\" rel=\"bookmark\">Luz de Vida, una esperanza para ni\u00f1os con c\u00e1ncer<\/a><\/p>\n<p><a href=\"http:\/\/www.eloriente.net\/home\/2014\/02\/08\/luz-de-vida-una-esperanza-para-ninos-con-cancer\/\" rel=\"bookmark\"><img decoding=\"async\" title=\"Luz de Vida, una esperanza para ni\u00f1os con c\u00e1ncer\" src=\"http:\/\/www.eloriente.net\/home\/wp-content\/themes\/city-desk\/timthumb.php?src=http%3A%2F%2Fwww.eloriente.net%2Fhome%2Fwp-content%2Fuploads%2F2013%2F12%2FProayuda.jpg&amp;q=90&amp;w=160&amp;h=106&amp;zc=1\" alt=\"Luz de Vida, una esperanza para ni\u00f1os con c\u00e1ncer\" \/><\/a><\/p>\n<p>eloriente.net 23 de diciembre de 2013 Foto: Luz de Vida La organizaci\u00f3n \u2018Luz de Vida\u2019 es un proyecto de ciudadanos, quienes brindan apoyo y esperanza a ni\u00f1os y j\u00f3venes con c\u00e1ncer de escasos recursos y a sus familia, con la finalidad de que juntos logren una mejor calidad de vida y una visi\u00f3n diferente. Luz [&#8230;]<\/p>\n<p>February 8, 2014<\/p>\n\n\t\t\t  <div \n\t\t\t  \tclass = \"fb-comments\" \n\t\t\t  \tdata-href = \"http:\/\/www.eloriente.net\/home\/2014\/03\/04\/reconocen-a-marcela-lagarde-con-presea-elvia-carrillo-puerto\/\"\n\t\t\t  \tdata-numposts = \"10\"\n\t\t\t\tdata-colorscheme = \"dark\"\n\t\t\t\tdata-order-by = \"social\"\n\t\t\t\tdata-mobile=true>\n\t\t\t  <\/div>\n\t\t  <style>\n\t\t\t.fb_iframe_widget_fluid_desktop iframe {\n\t\t\t    width: 100% !important;\n\t\t\t}\n\t\t  <\/style>\n\t\t  ","protected":false},"excerpt":{"rendered":"<p>eloriente.net 4 de marzo de 2014 La antrop\u00f3loga e investigadora mexicana, Mar\u00eda Marcela Lagarde y de los R\u00edos, recibir\u00e1 el pr\u00f3ximo jueves 6 de marzo la presea Elvia Carrillo Puerto, reconocimiento que otorga la C\u00e1mara de Senadores a una representante\u00a0del g\u00e9nero femenino que se destaque en la defensa, protecci\u00f3n e investigaci\u00f3n de los derechos humanos [&hellip;]<\/p>\n","protected":false},"author":26,"featured_media":22025,"comment_status":"open","ping_status":"open","sticky":false,"template":"","format":"standard","meta":{"_jetpack_memberships_contains_paid_content":false,"footnotes":""},"categories":[22,32,10,21],"tags":[],"class_list":["post-22018","post","type-post","status-publish","format-standard","has-post-thumbnail","hentry","category-derechos-humanos","category-entradas","category-lo-mas-reciente","category-politica-y-gobierno"],"jetpack_featured_media_url":"http:\/\/www.eloriente.net\/home\/wp-content\/uploads\/2014\/03\/Marcela-Lagarde-Por-Beatriz-Mora.jpg","jetpack_sharing_enabled":true,"_links":{"self":[{"href":"http:\/\/www.eloriente.net\/home\/wp-json\/wp\/v2\/posts\/22018"}],"collection":[{"href":"http:\/\/www.eloriente.net\/home\/wp-json\/wp\/v2\/posts"}],"about":[{"href":"http:\/\/www.eloriente.net\/home\/wp-json\/wp\/v2\/types\/post"}],"author":[{"embeddable":true,"href":"http:\/\/www.eloriente.net\/home\/wp-json\/wp\/v2\/users\/26"}],"replies":[{"embeddable":true,"href":"http:\/\/www.eloriente.net\/home\/wp-json\/wp\/v2\/comments?post=22018"}],"version-history":[{"count":15,"href":"http:\/\/www.eloriente.net\/home\/wp-json\/wp\/v2\/posts\/22018\/revisions"}],"predecessor-version":[{"id":22060,"href":"http:\/\/www.eloriente.net\/home\/wp-json\/wp\/v2\/posts\/22018\/revisions\/22060"}],"wp:featuredmedia":[{"embeddable":true,"href":"http:\/\/www.eloriente.net\/home\/wp-json\/wp\/v2\/media\/22025"}],"wp:attachment":[{"href":"http:\/\/www.eloriente.net\/home\/wp-json\/wp\/v2\/media?parent=22018"}],"wp:term":[{"taxonomy":"category","embeddable":true,"href":"http:\/\/www.eloriente.net\/home\/wp-json\/wp\/v2\/categories?post=22018"},{"taxonomy":"post_tag","embeddable":true,"href":"http:\/\/www.eloriente.net\/home\/wp-json\/wp\/v2\/tags?post=22018"}],"curies":[{"name":"wp","href":"https:\/\/api.w.org\/{rel}","templated":true}]}}