{"id":22030,"date":"2014-03-04T11:45:42","date_gmt":"2014-03-04T17:45:42","guid":{"rendered":"http:\/\/www.eloriente.net\/home\/?p=22030"},"modified":"2014-03-04T12:40:12","modified_gmt":"2014-03-04T18:40:12","slug":"a-diez-anos-de-su-fallecimiento-recordamos-a-fernando-lazaro-carreter","status":"publish","type":"post","link":"http:\/\/www.eloriente.net\/home\/2014\/03\/04\/a-diez-anos-de-su-fallecimiento-recordamos-a-fernando-lazaro-carreter\/","title":{"rendered":"A diez a\u00f1os de su muerte, recordamos a Fernando L\u00e1zaro Carreter"},"content":{"rendered":"<p>eloriente.net<\/p>\n<p>4 de marzo de 2014<\/p>\n<p><strong>Si se empobrece la lengua se empobrece el pensamiento: Fernando L\u00e1zaro Carreter<\/strong><\/p>\n<p>A diez a\u00f1os de su deceso, en ELORIENTE.NET recordamos al doctor en Filosof\u00eda y Letras, Fernando L\u00e1zaro Carreter, originario de Zaragoza, Espa\u00f1a, altamente reconocido por su destacado trabajo como director de la Real Academia Espa\u00f1ola del a\u00f1o 1992 a 1998, por sus investigaciones ling\u00fc\u00edsticas, estudios literarios y su redacci\u00f3n para libros de texto, peri\u00f3dicos y obras teatrales.<\/p>\n<p>La obra m\u00e1s importante de Fernando L\u00e1zaro Carreter es <em><a href=\"http:\/\/www.casadellibro.com\/libro-el-dardo-en-la-palabra\/9788499083247\/1619766\" target=\"_blank\">El dardo de la palabra<\/a><\/em>, en la que presenta un an\u00e1lisis profundo del lenguaje period\u00edstico; a propia voz del autor, se\u00f1ala que las personas que est\u00e1n al frente de los medios de comunicaci\u00f3n, deben ser unos buenos gu\u00edas para los ciudadanos, en cuanto al uso del lenguaje se refiere. En 1997 recibi\u00f3\u00a0el\u00a0Premio Don Juan de Borb\u00f3n por dicho texto.<\/p>\n<p>Entre otras t\u00edtulos destacables se encuentran\u00a0<em>Estudios de Ling\u00fc\u00edstica\u00a0<\/em>(1980),\u00a0<em>Estudios de po\u00e9tica<\/em> (1976),\u00a0<em>Lazarillo de Tormes en la Picaresca<\/em>\u00a0(1973),\u00a0<em>Estilo barroco y personalidad creadora\u00a0(1966),\u00a0<em>Diccionario de t\u00e9rminos filol\u00f3gicos<\/em>\u00a0(1953),\u00a0<em>C\u00f3mo se comenta un texto literario<\/em>\u00a0(1957) y\u00a0<em>Las ideas ling\u00fc\u00edsticas en Espa\u00f1a durante el siglo XVIII\u00a0<\/em>(1948).<\/em><\/p>\n<p>Tambi\u00e9n obtuvo las condecoraciones Comandeur dans l\u00b4Ordre des Arts et de Lettres de Francia; la Creu de Sant Jordi; Premio Arag\u00f3n de las Letras; Premio de Periodismo Manuel Aznar y Manuel de Cavia; Premio Internacional Men\u00e9ndez Pelayo; y el Premio Nacional de Periodismo Miguel Delibes.<\/p>\n<p>El doctor\u00a0en Filosof\u00eda y Letras,\u00a0Fernando L\u00e1zaro Carreter, recibi\u00f3 el doctorado\u00a0honoris causa\u00a0por las universidades de Zaragoza en 1985, Salamanca en 1986, Aut\u00f3noma de Madrid en 1988, Valladolid en 1993, La Laguna en 1994 y A Coru\u00f1a en 1997.<\/p>\n<p>El escritor falleci\u00f3 en la madrugada del 4 de marzo de 2004 en Madrid, Espa\u00f1a, a causa de un fallo multiorg\u00e1nico a la edad de 80 a\u00f1os.<\/p>\n<p><a href=\"http:\/\/www.eloriente.net\/home\/wp-content\/uploads\/2014\/03\/Lazaro-Carreter-Por-RAE.jpg\"><img loading=\"lazy\" decoding=\"async\" class=\"alignnone  wp-image-22043\" title=\"SONY DSC\" src=\"http:\/\/www.eloriente.net\/home\/wp-content\/uploads\/2014\/03\/Lazaro-Carreter-Por-RAE.jpg\" alt=\"\" width=\"233\" height=\"350\" srcset=\"http:\/\/www.eloriente.net\/home\/wp-content\/uploads\/2014\/03\/Lazaro-Carreter-Por-RAE.jpg 333w, http:\/\/www.eloriente.net\/home\/wp-content\/uploads\/2014\/03\/Lazaro-Carreter-Por-RAE-199x300.jpg 199w\" sizes=\"(max-width: 233px) 100vw, 233px\" \/><\/a><\/p>\n<p>Imagen: RAE<\/p>\n<p>Recursos ELORIENTE.NET:<\/p>\n<p>Acto Acad\u00e9mico de Investidura como Doctores Honoris Causa por la Universidad de Valladolid de los Excmos. Sres. D. Fernando L\u00e1zaro Carreter y D. Vicente Palacio Atard.<br \/>\nUniversidad de Valladolid, 22 de enero de 1993:<br \/>\n<iframe loading=\"lazy\" src=\"\/\/www.youtube.com\/embed\/Gs5j5fkGJNE\" frameborder=\"0\" width=\"420\" height=\"315\"><\/iframe><br \/>\n<strong>Entradas relacionadas:<\/strong><\/p>\n<p><a title=\"Permalink to Actualidad Espa\u00f1ola: Todo sigue igual, por Paula Mart\u00edn\" href=\"http:\/\/www.eloriente.net\/home\/2014\/03\/03\/actualidad-espanola-todo-sigue-igual-por-paula-martin\/\" rel=\"bookmark\">Actualidad Espa\u00f1ola: Todo sigue igual, por Paula Mart\u00edn<\/a><\/p>\n<p><a href=\"http:\/\/www.eloriente.net\/home\/2014\/03\/03\/actualidad-espanola-todo-sigue-igual-por-paula-martin\/\" rel=\"bookmark\"><img decoding=\"async\" title=\"Actualidad Espa\u00f1ola: Todo sigue igual, por Paula Mart\u00edn\" src=\"http:\/\/www.eloriente.net\/home\/wp-content\/themes\/city-desk\/timthumb.php?src=http%3A%2F%2Fwww.eloriente.net%2Fhome%2Fwp-content%2Fuploads%2F2014%2F03%2FBANDERA-DE-ESPAN%CC%83A-Algunos-derechos-reservados-por-sermarr-erGuiri.jpg&amp;q=90&amp;w=160&amp;h=106&amp;zc=1\" alt=\"Actualidad Espa\u00f1ola: Todo sigue igual, por Paula Mart\u00edn\" \/><\/a><\/p>\n<p>eloriente.net 3 de marzo de 2014 Por: Paula Mart\u00edn** *En EL ORIENTE.NET damos la bienvenida a Paula Mart\u00edn quien estar\u00e1 reportando desde Espa\u00f1a. Paula escribe para @tribunasal, @soloporteros, @firstFmag, @TheWangConn @daledetacon y @El_Oriente. Abajo m\u00e1s sobre ella y, si das click sobre su nombre, ir\u00e1s a su cuenta de Twitter. Bienvenida! TODO SIGUE IGUAL\u2026 La [&#8230;]<\/p>\n<p>March 3, 2014<\/p>\n<p><a title=\"Permalink to Convocan a poetas latinoamericanos al XIV Premio Casa de Am\u00e9rica\" href=\"http:\/\/www.eloriente.net\/home\/2014\/02\/27\/convocan-a-xiv-premio-casa-de-america-de-poesia\/\" rel=\"bookmark\">Convocan a poetas latinoamericanos al XIV Premio Casa de Am\u00e9rica<\/a><\/p>\n<p><a href=\"http:\/\/www.eloriente.net\/home\/2014\/02\/27\/convocan-a-xiv-premio-casa-de-america-de-poesia\/\" rel=\"bookmark\"><img decoding=\"async\" title=\"Convocan a poetas latinoamericanos al XIV Premio Casa de Am\u00e9rica\" src=\"http:\/\/www.eloriente.net\/home\/wp-content\/themes\/city-desk\/timthumb.php?src=http%3A%2F%2Fwww.eloriente.net%2Fhome%2Fwp-content%2Fuploads%2F2014%2F02%2Fbloqueo-del-escritor.jpg&amp;q=90&amp;w=160&amp;h=106&amp;zc=1\" alt=\"Convocan a poetas latinoamericanos al XIV Premio Casa de Am\u00e9rica\" \/><\/a><\/p>\n<p>eloriente.net 27 de febrero de 2014 Con la finalidad de estimular la creaci\u00f3n de poemas que abran o exploren perspectivas in\u00e9ditas y tem\u00e1ticas renovadoras, el consorcio espa\u00f1ol Casa de Am\u00e9rica y la Editorial Visor Libros convocan a literatos latinoamericanos a participar en su concurso de poes\u00eda, para hacerse acreedor al XIV Premio Casa de Am\u00e9rica. [&#8230;]<\/p>\n<p>February 27, 2014<\/p>\n<p><a title=\"Permalink to Video: \u201cJos\u00e9 Emilio Pacheco: Vida y Obra\u201d por Luz Elena Guti\u00e9rrez\" href=\"http:\/\/www.eloriente.net\/home\/2014\/02\/21\/video-jose-emilio-pacheco-vida-y-obra-por-luz-elena-gutierrez\/\" rel=\"bookmark\">Video: \u201cJos\u00e9 Emilio Pacheco: Vida y Obra\u201d por Luz Elena Guti\u00e9rrez<\/a><\/p>\n<p><a href=\"http:\/\/www.eloriente.net\/home\/2014\/02\/21\/video-jose-emilio-pacheco-vida-y-obra-por-luz-elena-gutierrez\/\" rel=\"bookmark\"><img decoding=\"async\" title=\"Video: \u201cJos\u00e9 Emilio Pacheco: Vida y Obra\u201d por Luz Elena Guti\u00e9rrez\" src=\"http:\/\/www.eloriente.net\/home\/wp-content\/themes\/city-desk\/timthumb.php?src=http%3A%2F%2Fwww.eloriente.net%2Fhome%2Fwp-content%2Fuploads%2F2014%2F02%2FLuz-Elena.png&amp;q=90&amp;w=160&amp;h=106&amp;zc=1\" alt=\"Video: \u201cJos\u00e9 Emilio Pacheco: Vida y Obra\u201d por Luz Elena Guti\u00e9rrez\" \/><\/a><\/p>\n<p>eloriente.net 21 de febrero de 2014 Jos\u00e9 Emilio Pacheco representa una vida dedicada a la literatura: Luz Elena Guti\u00e9rrez Conscientes de la importancia de la formaci\u00f3n cr\u00edtica y anal\u00edtica en la literatura para la vida del hombre, ELORIENTE.NET pone a tu disposici\u00f3n las palabras de la\u00a0Dra. Luz Elena Guti\u00e9rrez de Velasco, directora del Centro de [&#8230;]<\/p>\n<p>February 21, 2014<\/p>\n\n\t\t\t  <div \n\t\t\t  \tclass = \"fb-comments\" \n\t\t\t  \tdata-href = \"http:\/\/www.eloriente.net\/home\/2014\/03\/04\/a-diez-anos-de-su-fallecimiento-recordamos-a-fernando-lazaro-carreter\/\"\n\t\t\t  \tdata-numposts = \"10\"\n\t\t\t\tdata-colorscheme = \"dark\"\n\t\t\t\tdata-order-by = \"social\"\n\t\t\t\tdata-mobile=true>\n\t\t\t  <\/div>\n\t\t  <style>\n\t\t\t.fb_iframe_widget_fluid_desktop iframe {\n\t\t\t    width: 100% !important;\n\t\t\t}\n\t\t  <\/style>\n\t\t  ","protected":false},"excerpt":{"rendered":"<p>eloriente.net 4 de marzo de 2014 Si se empobrece la lengua se empobrece el pensamiento: Fernando L\u00e1zaro Carreter A diez a\u00f1os de su deceso, en ELORIENTE.NET recordamos al doctor en Filosof\u00eda y Letras, Fernando L\u00e1zaro Carreter, originario de Zaragoza, Espa\u00f1a, altamente reconocido por su destacado trabajo como director de la Real Academia Espa\u00f1ola del a\u00f1o [&hellip;]<\/p>\n","protected":false},"author":26,"featured_media":22043,"comment_status":"open","ping_status":"open","sticky":false,"template":"","format":"standard","meta":{"_jetpack_memberships_contains_paid_content":false,"footnotes":""},"categories":[18,32,10,24],"tags":[120,490,492,491,489,493],"class_list":{"0":"post-22030","1":"post","2":"type-post","3":"status-publish","4":"format-standard","5":"has-post-thumbnail","6":"hentry","7":"category-educacion-y-cultura","8":"category-entradas","9":"category-lo-mas-reciente","10":"category-mexico-y-el-mundo","11":"tag-escritor","13":"tag-fernando-lazaro-carreter","14":"tag-lenguaje","15":"tag-literato","16":"tag-rae"},"jetpack_featured_media_url":"http:\/\/www.eloriente.net\/home\/wp-content\/uploads\/2014\/03\/Lazaro-Carreter-Por-RAE.jpg","jetpack_sharing_enabled":true,"_links":{"self":[{"href":"http:\/\/www.eloriente.net\/home\/wp-json\/wp\/v2\/posts\/22030"}],"collection":[{"href":"http:\/\/www.eloriente.net\/home\/wp-json\/wp\/v2\/posts"}],"about":[{"href":"http:\/\/www.eloriente.net\/home\/wp-json\/wp\/v2\/types\/post"}],"author":[{"embeddable":true,"href":"http:\/\/www.eloriente.net\/home\/wp-json\/wp\/v2\/users\/26"}],"replies":[{"embeddable":true,"href":"http:\/\/www.eloriente.net\/home\/wp-json\/wp\/v2\/comments?post=22030"}],"version-history":[{"count":15,"href":"http:\/\/www.eloriente.net\/home\/wp-json\/wp\/v2\/posts\/22030\/revisions"}],"predecessor-version":[{"id":22046,"href":"http:\/\/www.eloriente.net\/home\/wp-json\/wp\/v2\/posts\/22030\/revisions\/22046"}],"wp:featuredmedia":[{"embeddable":true,"href":"http:\/\/www.eloriente.net\/home\/wp-json\/wp\/v2\/media\/22043"}],"wp:attachment":[{"href":"http:\/\/www.eloriente.net\/home\/wp-json\/wp\/v2\/media?parent=22030"}],"wp:term":[{"taxonomy":"category","embeddable":true,"href":"http:\/\/www.eloriente.net\/home\/wp-json\/wp\/v2\/categories?post=22030"},{"taxonomy":"post_tag","embeddable":true,"href":"http:\/\/www.eloriente.net\/home\/wp-json\/wp\/v2\/tags?post=22030"}],"curies":[{"name":"wp","href":"https:\/\/api.w.org\/{rel}","templated":true}]}}