{"id":22222,"date":"2014-03-07T17:46:09","date_gmt":"2014-03-07T23:46:09","guid":{"rendered":"http:\/\/www.eloriente.net\/home\/?p=22222"},"modified":"2014-03-12T13:03:45","modified_gmt":"2014-03-12T19:03:45","slug":"presentan-obra-teatral-frida-el-ultimo-instante-2","status":"publish","type":"post","link":"http:\/\/www.eloriente.net\/home\/2014\/03\/07\/presentan-obra-teatral-frida-el-ultimo-instante-2\/","title":{"rendered":"S\u00e1bado 8\/Mar\/14 17:00 y 20:00 Obra de teatro \u201cFrida, el \u00faltimo instante\u201d"},"content":{"rendered":"<p>eloriente.net<\/p>\n<p>7 de marzo de 2013<\/p>\n<p>En el marco del 60 aniversario luctuoso de Frida Kahlo, el Taller de Experimentaci\u00f3n Esc\u00e9nica de Oaxaca invita al p\u00fablico en general a la puesta en escena \u201cFrida, el \u00faltimo instante\u201d, espect\u00e1culo esc\u00e9nico que combina el teatro, la danza, la m\u00fasica y la pl\u00e1stica para revelar el \u00faltimo instante de vida de la famosa pintora mexicana.<\/p>\n<p>La obra es dirigida por la actriz y directora teatral, Liliana Alberto, quien afirm\u00f3 \u201cFrida, el \u00faltimo instante\u201d es una integraci\u00f3n de im\u00e1genes a manera de collage que nos permite asomarnos a los pasajes m\u00e1s importantes de la vida de Frida, sus dolores, alegr\u00edas, amores, emociones, canciones y la profunda relaci\u00f3n de amor con su inseparable Diego Rivera.<\/p>\n<p>La actriz Lucina Rojas y Ferm\u00edn Ram\u00edrez, director de la Compa\u00f1\u00eda de Danza Mexicana de la Casa de la Cultura Oaxaque\u00f1a, dar\u00e1n vida a Frida Kahlo y Diego Rivera respectivamente. La obra se basa en un texto de Jos\u00e9 Palacios, director del Centro Cultural de la Universidad Tecnol\u00f3gica de la Mixteca.<\/p>\n<p>La cita es este s\u00e1bado 8 de marzo de 2014 en el Teatro Macedonio Alcal\u00e1, ubicado en el Centro Hist\u00f3rico de la ciudad de Oaxaca, en dos funciones: 17:00 y 20:00 horas. Cuota de recuperaci\u00f3n 60 pesos, boletos en taquilla \u00a1no faltes!<\/p>\n<p>&nbsp;<\/p>\n<p style=\"text-align: center;\"><img loading=\"lazy\" decoding=\"async\" class=\"aligncenter\" style=\"-webkit-user-select: none;\" src=\"http:\/\/www.todooaxacaradio.com\/wp-content\/uploads\/2014\/03\/Frida.jpg\" alt=\"\" width=\"367\" height=\"565\" \/><\/p>\n<p>&nbsp;<\/p>\n<p><strong>Entradas relacionadas:\u00a0<\/strong><\/p>\n<p><a title=\"Permalink to Felipe Garc\u00eda Llamas present\u00f3 segunda edici\u00f3n de su libro \u201cPlantas sanadoras\u201d en Oaxaca\" href=\"http:\/\/www.eloriente.net\/home\/2014\/03\/05\/felipe-garcia-llamas-presenta-la-segunda-edicion-de-su-libro-plantas-sanadoras\/\" rel=\"bookmark\">Felipe Garc\u00eda Llamas present\u00f3 segunda edici\u00f3n de su libro \u201cPlantas sanadoras\u201d en Oaxaca<\/a><\/p>\n<p><a href=\"http:\/\/www.eloriente.net\/home\/2014\/03\/05\/felipe-garcia-llamas-presenta-la-segunda-edicion-de-su-libro-plantas-sanadoras\/\" rel=\"bookmark\"><img decoding=\"async\" title=\"Felipe Garc\u00eda Llamas present\u00f3 segunda edici\u00f3n de su libro \u201cPlantas sanadoras\u201d en Oaxaca\" src=\"http:\/\/www.eloriente.net\/home\/wp-content\/themes\/city-desk\/timthumb.php?src=http%3A%2F%2Fwww.eloriente.net%2Fhome%2Fwp-content%2Fuploads%2F2014%2F03%2FPlantas-Sanadoras-Por-El-Oriente.jpg&amp;q=90&amp;w=160&amp;h=106&amp;zc=1\" alt=\"Felipe Garc\u00eda Llamas present\u00f3 segunda edici\u00f3n de su libro \u201cPlantas sanadoras\u201d en Oaxaca\" \/><\/a><\/p>\n<p>eloriente.net 5 de marzo de 2014 \u201cTantas prescripciones m\u00e9dicas hicieron de m\u00ed un enfermo cr\u00f3nico\u201d, afirma el Ing. Felipe Garc\u00eda Llamas, quien present\u00f3 recientemente en la capital oaxaque\u00f1a la segunda edici\u00f3n del libro de su autor\u00eda \u201cPlantas sanadoras\u201d, obra que re\u00fane informaci\u00f3n de 700 tipos de vegetales y hierbas que se caracterizan por su uso [&#8230;]<\/p>\n<p>March 5, 2014<\/p>\n<p><a title=\"Permalink to Demanda diputada Escamilla Le\u00f3n desaparecer Centro de Dise\u00f1o de Oaxaca\" href=\"http:\/\/www.eloriente.net\/home\/2014\/03\/03\/demanda-diputada-escamilla-leon-desaparecer-centro-de-diseno-de-oaxaca\/\" rel=\"bookmark\">Demanda diputada Escamilla Le\u00f3n desaparecer Centro de Dise\u00f1o de Oaxaca<\/a><\/p>\n<p><a href=\"http:\/\/www.eloriente.net\/home\/2014\/03\/03\/demanda-diputada-escamilla-leon-desaparecer-centro-de-diseno-de-oaxaca\/\" rel=\"bookmark\"><img decoding=\"async\" title=\"Demanda diputada Escamilla Le\u00f3n desaparecer Centro de Dise\u00f1o de Oaxaca\" src=\"http:\/\/www.eloriente.net\/home\/wp-content\/themes\/city-desk\/timthumb.php?src=http%3A%2F%2Fwww.eloriente.net%2Fhome%2Fwp-content%2Fuploads%2F2014%2F03%2FEscamilla-Congreso.jpg&amp;q=90&amp;w=160&amp;h=106&amp;zc=1\" alt=\"Demanda diputada Escamilla Le\u00f3n desaparecer Centro de Dise\u00f1o de Oaxaca\" \/><\/a><\/p>\n<p>eloriente.net\/Congreso del Estado En los \u00faltimos tres\u00a0 a\u00f1os le ha costado al erario alrededor de 30 millones de pesos y s\u00f3lo han realizado dos actividades: la cartograf\u00eda del sector artesanal de Oaxaca y el impulso del Festival Proyecta 2013. Por considerar que el Centro de Dise\u00f1o de Oaxaca no ha tenido acciones contundentes en beneficio [&#8230;]<\/p>\n<p>March 3, 2014<\/p>\n<p><a title=\"Permalink to Actualidad Espa\u00f1ola: Todo sigue igual, por Paula Mart\u00edn\" href=\"http:\/\/www.eloriente.net\/home\/2014\/03\/03\/actualidad-espanola-todo-sigue-igual-por-paula-martin\/\" rel=\"bookmark\">Actualidad Espa\u00f1ola: Todo sigue igual, por Paula Mart\u00edn<\/a><\/p>\n<p><a href=\"http:\/\/www.eloriente.net\/home\/2014\/03\/03\/actualidad-espanola-todo-sigue-igual-por-paula-martin\/\" rel=\"bookmark\"><img decoding=\"async\" title=\"Actualidad Espa\u00f1ola: Todo sigue igual, por Paula Mart\u00edn\" src=\"http:\/\/www.eloriente.net\/home\/wp-content\/themes\/city-desk\/timthumb.php?src=http%3A%2F%2Fwww.eloriente.net%2Fhome%2Fwp-content%2Fuploads%2F2014%2F03%2FBANDERA-DE-ESPAN%CC%83A-Algunos-derechos-reservados-por-sermarr-erGuiri.jpg&amp;q=90&amp;w=160&amp;h=106&amp;zc=1\" alt=\"Actualidad Espa\u00f1ola: Todo sigue igual, por Paula Mart\u00edn\" \/><\/a><\/p>\n<p>eloriente.net 3 de marzo de 2014 Por: Paula Mart\u00edn** *En EL ORIENTE.NET damos la bienvenida a Paula Mart\u00edn quien estar\u00e1 reportando desde Espa\u00f1a. Paula escribe para @tribunasal, @soloporteros, @firstFmag, @TheWangConn @daledetacon y @El_Oriente. Abajo m\u00e1s sobre ella y, si das click sobre su nombre, ir\u00e1s a su cuenta de Twitter. Bienvenida! TODO SIGUE IGUAL\u2026 La [&#8230;]<\/p>\n<p>March 3, 2014<\/p>\n\n\t\t\t  <div \n\t\t\t  \tclass = \"fb-comments\" \n\t\t\t  \tdata-href = \"http:\/\/www.eloriente.net\/home\/2014\/03\/07\/presentan-obra-teatral-frida-el-ultimo-instante-2\/\"\n\t\t\t  \tdata-numposts = \"10\"\n\t\t\t\tdata-colorscheme = \"dark\"\n\t\t\t\tdata-order-by = \"social\"\n\t\t\t\tdata-mobile=true>\n\t\t\t  <\/div>\n\t\t  <style>\n\t\t\t.fb_iframe_widget_fluid_desktop iframe {\n\t\t\t    width: 100% !important;\n\t\t\t}\n\t\t  <\/style>\n\t\t  ","protected":false},"excerpt":{"rendered":"<p>eloriente.net 7 de marzo de 2013 En el marco del 60 aniversario luctuoso de Frida Kahlo, el Taller de Experimentaci\u00f3n Esc\u00e9nica de Oaxaca invita al p\u00fablico en general a la puesta en escena \u201cFrida, el \u00faltimo instante\u201d, espect\u00e1culo esc\u00e9nico que combina el teatro, la danza, la m\u00fasica y la pl\u00e1stica para revelar el \u00faltimo instante [&hellip;]<\/p>\n","protected":false},"author":26,"featured_media":22221,"comment_status":"open","ping_status":"open","sticky":false,"template":"","format":"standard","meta":{"_jetpack_memberships_contains_paid_content":false,"footnotes":""},"categories":[8,18,32,10],"tags":[241,542,540,544,242,543,541],"class_list":["post-22222","post","type-post","status-publish","format-standard","has-post-thumbnail","hentry","category-agenda","category-educacion-y-cultura","category-entradas","category-lo-mas-reciente","tag-cultura","tag-diego","tag-frida","tag-kahlo","tag-pintura","tag-rivera","tag-teatro"],"jetpack_featured_media_url":"http:\/\/www.eloriente.net\/home\/wp-content\/uploads\/2014\/03\/frida-agenda.jpg","jetpack_sharing_enabled":true,"_links":{"self":[{"href":"http:\/\/www.eloriente.net\/home\/wp-json\/wp\/v2\/posts\/22222"}],"collection":[{"href":"http:\/\/www.eloriente.net\/home\/wp-json\/wp\/v2\/posts"}],"about":[{"href":"http:\/\/www.eloriente.net\/home\/wp-json\/wp\/v2\/types\/post"}],"author":[{"embeddable":true,"href":"http:\/\/www.eloriente.net\/home\/wp-json\/wp\/v2\/users\/26"}],"replies":[{"embeddable":true,"href":"http:\/\/www.eloriente.net\/home\/wp-json\/wp\/v2\/comments?post=22222"}],"version-history":[{"count":5,"href":"http:\/\/www.eloriente.net\/home\/wp-json\/wp\/v2\/posts\/22222\/revisions"}],"predecessor-version":[{"id":22226,"href":"http:\/\/www.eloriente.net\/home\/wp-json\/wp\/v2\/posts\/22222\/revisions\/22226"}],"wp:featuredmedia":[{"embeddable":true,"href":"http:\/\/www.eloriente.net\/home\/wp-json\/wp\/v2\/media\/22221"}],"wp:attachment":[{"href":"http:\/\/www.eloriente.net\/home\/wp-json\/wp\/v2\/media?parent=22222"}],"wp:term":[{"taxonomy":"category","embeddable":true,"href":"http:\/\/www.eloriente.net\/home\/wp-json\/wp\/v2\/categories?post=22222"},{"taxonomy":"post_tag","embeddable":true,"href":"http:\/\/www.eloriente.net\/home\/wp-json\/wp\/v2\/tags?post=22222"}],"curies":[{"name":"wp","href":"https:\/\/api.w.org\/{rel}","templated":true}]}}