{"id":22228,"date":"2014-03-07T15:30:34","date_gmt":"2014-03-07T21:30:34","guid":{"rendered":"http:\/\/www.eloriente.net\/home\/?p=22228"},"modified":"2014-03-07T17:52:16","modified_gmt":"2014-03-07T23:52:16","slug":"solicita-fraccion-parlamentaria-del-prd-acompanar-a-presidentas-municipales-2","status":"publish","type":"post","link":"http:\/\/www.eloriente.net\/home\/2014\/03\/07\/solicita-fraccion-parlamentaria-del-prd-acompanar-a-presidentas-municipales-2\/","title":{"rendered":"Solicita fracci\u00f3n parlamentaria del PRD acompa\u00f1ar a presidentas municipales"},"content":{"rendered":"<p>eloriente.net\/<a href=\"http:\/\/www.congresooaxaca.gob.mx\/\" target=\"_blank\">Congreso del Estado<\/a><\/p>\n<p>7 de marzo de 2014<\/p>\n<p><strong>Se analiza un exhorto para que la Secretar\u00eda General de Gobierno conlleve acciones oportunas para coadyuvar con las presidentas municipales del Estado.<\/strong><\/p>\n<p>Para alcanzar un ambiente de estabilidad y gobernabilidad en los diferentes municipios gobernados por mujeres, los diputados integrantes de la fracci\u00f3n parlamentaria del Partido de la Revoluci\u00f3n Democr\u00e1tica, propusieron el acompa\u00f1amiento a las presidentas municipales de Oaxaca.<\/p>\n<p>El punto de acuerdo presentado en la sesi\u00f3n ordinaria de este 27 de febrero y muy a prop\u00f3sito del D\u00eda Internacional de la Mujer, reconoce que actualmente es dif\u00edcil que la participaci\u00f3n pol\u00edtica de las mujeres sea considerada como uno de los elementos esenciales para el fortalecimiento y perfeccionamiento de la democracia.<\/p>\n<p>Dicha propuesta que fue turnada a la Comisi\u00f3n Permanente de Igualdad de G\u00e9nero, consiste en un exhorto al titular del Poder Ejecutivo, a fin de que se sirva instruir al Secretario General de Gobierno para que lleve a cabo todas las acciones que resulten oportunas para coadyuvar con las presidentas municipales del Estado.<\/p>\n<p>En la exposici\u00f3n de motivos, se expone que a\u00fan no ha podido concebirse que la pugna por el reconocimiento, defensa y ejercicio pleno de los derechos de las mujeres ha sido fundamento de desarrollo econ\u00f3mico y social.<\/p>\n<p>En el Estado de Oaxaca, apunta, a\u00fan prevalecen pensamientos e ideolog\u00edas heredadas y por lo tanto aplicadas de forma natural que ponen en entredicho las posibilidades del desarrollo de \u00e1reas, regiones y sociedades en manos directivas de una mujer, coartando oportunidades y obstaculizando el progreso.<\/p>\n<p>\u00c9sta, es la situaci\u00f3n que impera en aquellas municipalidades de Oaxaca, donde la Presidencia Municipal la personifica una mujer, en las que la negativa cultural a reconocer las oportunidades que surgen de cada ser humano, anteponiendo el g\u00e9nero al que pertenezca, ha comprometido la gobernabilidad y por ende las expectativas de crecimiento econ\u00f3mico y social de los propios municipios y el desarrollo humano de los habitantes.<\/p>\n<p>Se reconoce en este punto de acuerdo que lejos del pensamiento colectivo que las mujeres del mundo contribuyen con mucho m\u00e1s que la mitad de la econom\u00eda internacional cuantificable, son base y sustento de la conservaci\u00f3n del tejido social, que representa m\u00e1s del 60% de la mano de obra del mundo.<\/p>\n<p>Las mujeres son las depositarias y transmisoras de la cultura, tradiciones y educaci\u00f3n primigenia de ser humanos de ambos g\u00e9neros y primordial n\u00facleo de las instituciones b\u00e1sicas de toda sociedad.<\/p>\n<p>En ese sentido, admite que el reconocimiento a los aportes de las mujeres se ha limitado a roles estereotipados y anacr\u00f3nicos que han quedado lejos de responder a las necesidades, circunstancias y condiciones de la vida actual.<\/p>\n<p>Se\u00f1ala que la b\u00fasqueda por el reconocimiento y garant\u00eda de ejercicio de los derechos pol\u00edticos de las mujeres fue, es y ser\u00e1 la base para la consecuci\u00f3n de sociedades arm\u00f3nicas, productivas, equitativas, igualitarias y desarrolladas en todos sus conceptos: econ\u00f3mico, social, jur\u00eddico, industrial, comercial, pol\u00edtico y de gobierno.<\/p>\n<p>El voto pasivo y activo, el ejercicio de la representaci\u00f3n pol\u00edtica, la participaci\u00f3n en los \u00f3rganos y poderes del Estado, opinar y formar parte en la toma de decisiones colectivas, guiar y dirigir como cabeza de gobierno y administrar sociedades, no son capacidades ajenas a las potencialidades, habilidades. Talentos e inteligencias de las mujeres, puntualiz\u00f3.<\/p>\n<p>&nbsp;<\/p>\n<p><a href=\"http:\/\/www.eloriente.net\/home\/wp-content\/uploads\/2014\/03\/PRD-Por-Congreso.jpg\"><img loading=\"lazy\" decoding=\"async\" class=\"alignnone size-medium wp-image-22214\" src=\"http:\/\/www.eloriente.net\/home\/wp-content\/uploads\/2014\/03\/PRD-Por-Congreso-300x175.jpg\" alt=\"\" width=\"300\" height=\"175\" srcset=\"http:\/\/www.eloriente.net\/home\/wp-content\/uploads\/2014\/03\/PRD-Por-Congreso-300x175.jpg 300w, http:\/\/www.eloriente.net\/home\/wp-content\/uploads\/2014\/03\/PRD-Por-Congreso-1024x599.jpg 1024w, http:\/\/www.eloriente.net\/home\/wp-content\/uploads\/2014\/03\/PRD-Por-Congreso.jpg 1282w\" sizes=\"(max-width: 300px) 100vw, 300px\" \/><\/a><\/p>\n<p>Foto: Congreso del Estado<\/p>\n<p>&nbsp;<\/p>\n<p><strong>Entradas relacionadas:<\/strong><\/p>\n<p><a href=\"http:\/\/www.eloriente.net\/home\/2014\/03\/04\/reconocen-a-marcela-lagarde-con-presea-elvia-carrillo-puerto\/\" target=\"_blank\">Senado reconoce a Marcela Lagarde con presea Elvia Carrillo Puerto<\/a><\/p>\n<p><a href=\"http:\/\/www.eloriente.net\/home\/2014\/03\/04\/reconocen-a-marcela-lagarde-con-presea-elvia-carrillo-puerto\/\" rel=\"bookmark\"><img decoding=\"async\" src=\"http:\/\/www.eloriente.net\/home\/wp-content\/themes\/city-desk\/timthumb.php?src=http%3A%2F%2Fwww.eloriente.net%2Fhome%2Fwp-content%2Fuploads%2F2014%2F03%2FMarcela-Lagarde-Por-Beatriz-Mora.jpg&amp;q=90&amp;w=160&amp;h=106&amp;zc=1\" alt=\"Senado reconoce a Marcela Lagarde con presea Elvia Carrillo Puerto\" \/><\/a><\/p>\n<p>eloriente.net 4 de marzo de 2014 La antrop\u00f3loga e investigadora mexicana, Mar\u00eda Marcela Lagarde y de los R\u00edos, recibir\u00e1 el pr\u00f3ximo jueves 6 de marzo la presea Elvia Carrillo Puerto, reconocimiento que otorga la C\u00e1mara de Senadores a una representante\u00a0del g\u00e9nero femenino que se destaque en la defensa, protecci\u00f3n e investigaci\u00f3n de los derechos humanos [&#8230;]<\/p>\n<p>March 4, 2014<\/p>\n<p><a href=\"http:\/\/www.eloriente.net\/home\/2014\/03\/03\/demanda-diputada-escamilla-leon-desaparecer-centro-de-diseno-de-oaxaca\/\" target=\"_blank\">Demanda diputada Escamilla Le\u00f3n desaparecer Centro de Dise\u00f1o de Oaxaca<\/a><\/p>\n<p><a href=\"http:\/\/www.eloriente.net\/home\/2014\/03\/03\/demanda-diputada-escamilla-leon-desaparecer-centro-de-diseno-de-oaxaca\/\" rel=\"bookmark\"><img decoding=\"async\" src=\"http:\/\/www.eloriente.net\/home\/wp-content\/themes\/city-desk\/timthumb.php?src=http%3A%2F%2Fwww.eloriente.net%2Fhome%2Fwp-content%2Fuploads%2F2014%2F03%2FEscamilla-Congreso.jpg&amp;q=90&amp;w=160&amp;h=106&amp;zc=1\" alt=\"Demanda diputada Escamilla Le\u00f3n desaparecer Centro de Dise\u00f1o de Oaxaca\" \/><\/a><\/p>\n<p>eloriente.net\/Congreso del Estado En los \u00faltimos tres\u00a0 a\u00f1os le ha costado al erario alrededor de 30 millones de pesos y s\u00f3lo han realizado dos actividades: la cartograf\u00eda del sector artesanal de Oaxaca y el impulso del Festival Proyecta 2013. Por considerar que el Centro de Dise\u00f1o de Oaxaca no ha tenido acciones contundentes en beneficio [&#8230;]<\/p>\n<p>March 3, 2014<\/p>\n<p><a href=\"http:\/\/www.eloriente.net\/home\/2014\/03\/01\/se-busca-crear-un-nuevo-modelo-educativo-en-la-entidad-iturribaria-bolanos\/\" target=\"_blank\">Se busca crear un nuevo modelo educativo en la entidad: Iturribar\u00eda Bola\u00f1os<\/a><\/p>\n<p><a href=\"http:\/\/www.eloriente.net\/home\/2014\/03\/01\/se-busca-crear-un-nuevo-modelo-educativo-en-la-entidad-iturribaria-bolanos\/\" rel=\"bookmark\"><img decoding=\"async\" src=\"http:\/\/www.eloriente.net\/home\/wp-content\/themes\/city-desk\/timthumb.php?src=http%3A%2F%2Fwww.eloriente.net%2Fhome%2Fwp-content%2Fuploads%2F2014%2F03%2Fdiputados-ieepo.jpg&amp;q=90&amp;w=160&amp;h=106&amp;zc=1\" alt=\"Se busca crear un nuevo modelo educativo en la entidad: Iturribar\u00eda Bola\u00f1os\" \/><\/a><\/p>\n<p>eloriente.net\/Congreso del Estado 1 de marzo de 2014 Integrantes de la Comisi\u00f3n Permanente de Educaci\u00f3n P\u00fablica cuestionaron los alcances de las pol\u00edticas educativa en Oaxaca y llamaron a buscar una soluci\u00f3n conjunta.\u00a0 Ante integrantes de la Comisi\u00f3n Permanente de Educaci\u00f3n P\u00fablica de la LXII Legislatura del Estado, que preside el diputado perredista Jes\u00fas L\u00f3pez Rodr\u00edguez, [&#8230;]<\/p>\n<p>March 1, 2014<\/p>\n\n\t\t\t  <div \n\t\t\t  \tclass = \"fb-comments\" \n\t\t\t  \tdata-href = \"http:\/\/www.eloriente.net\/home\/2014\/03\/07\/solicita-fraccion-parlamentaria-del-prd-acompanar-a-presidentas-municipales-2\/\"\n\t\t\t  \tdata-numposts = \"10\"\n\t\t\t\tdata-colorscheme = \"dark\"\n\t\t\t\tdata-order-by = \"social\"\n\t\t\t\tdata-mobile=true>\n\t\t\t  <\/div>\n\t\t  <style>\n\t\t\t.fb_iframe_widget_fluid_desktop iframe {\n\t\t\t    width: 100% !important;\n\t\t\t}\n\t\t  <\/style>\n\t\t  ","protected":false},"excerpt":{"rendered":"<p>eloriente.net\/Congreso del Estado 7 de marzo de 2014 Se analiza un exhorto para que la Secretar\u00eda General de Gobierno conlleve acciones oportunas para coadyuvar con las presidentas municipales del Estado. Para alcanzar un ambiente de estabilidad y gobernabilidad en los diferentes municipios gobernados por mujeres, los diputados integrantes de la fracci\u00f3n parlamentaria del Partido de [&hellip;]<\/p>\n","protected":false},"author":26,"featured_media":22214,"comment_status":"open","ping_status":"open","sticky":false,"template":"","format":"standard","meta":{"_jetpack_memberships_contains_paid_content":false,"footnotes":""},"categories":[91,32,21],"tags":[246,93,277,367,231,159,539],"class_list":["post-22228","post","type-post","status-publish","format-standard","has-post-thumbnail","hentry","category-congreso-y-justicia","category-entradas","category-politica-y-gobierno","tag-congreso","tag-diputados","tag-gobierno","tag-municipio","tag-politica","tag-prd","tag-presidentas"],"jetpack_featured_media_url":"http:\/\/www.eloriente.net\/home\/wp-content\/uploads\/2014\/03\/PRD-Por-Congreso.jpg","jetpack_sharing_enabled":true,"_links":{"self":[{"href":"http:\/\/www.eloriente.net\/home\/wp-json\/wp\/v2\/posts\/22228"}],"collection":[{"href":"http:\/\/www.eloriente.net\/home\/wp-json\/wp\/v2\/posts"}],"about":[{"href":"http:\/\/www.eloriente.net\/home\/wp-json\/wp\/v2\/types\/post"}],"author":[{"embeddable":true,"href":"http:\/\/www.eloriente.net\/home\/wp-json\/wp\/v2\/users\/26"}],"replies":[{"embeddable":true,"href":"http:\/\/www.eloriente.net\/home\/wp-json\/wp\/v2\/comments?post=22228"}],"version-history":[{"count":2,"href":"http:\/\/www.eloriente.net\/home\/wp-json\/wp\/v2\/posts\/22228\/revisions"}],"predecessor-version":[{"id":22231,"href":"http:\/\/www.eloriente.net\/home\/wp-json\/wp\/v2\/posts\/22228\/revisions\/22231"}],"wp:featuredmedia":[{"embeddable":true,"href":"http:\/\/www.eloriente.net\/home\/wp-json\/wp\/v2\/media\/22214"}],"wp:attachment":[{"href":"http:\/\/www.eloriente.net\/home\/wp-json\/wp\/v2\/media?parent=22228"}],"wp:term":[{"taxonomy":"category","embeddable":true,"href":"http:\/\/www.eloriente.net\/home\/wp-json\/wp\/v2\/categories?post=22228"},{"taxonomy":"post_tag","embeddable":true,"href":"http:\/\/www.eloriente.net\/home\/wp-json\/wp\/v2\/tags?post=22228"}],"curies":[{"name":"wp","href":"https:\/\/api.w.org\/{rel}","templated":true}]}}