{"id":22291,"date":"2014-03-10T09:01:25","date_gmt":"2014-03-10T15:01:25","guid":{"rendered":"http:\/\/www.eloriente.net\/home\/?p=22291"},"modified":"2014-03-10T09:02:17","modified_gmt":"2014-03-10T15:02:17","slug":"reconoce-cabildo-municipal-a-mujeres-oaxaquenas-destacadas","status":"publish","type":"post","link":"http:\/\/www.eloriente.net\/home\/2014\/03\/10\/reconoce-cabildo-municipal-a-mujeres-oaxaquenas-destacadas\/","title":{"rendered":"Reconoce cabildo municipal a mujeres oaxaque\u00f1as destacadas"},"content":{"rendered":"<p>eloriente.net<\/p>\n<p>10 de marzo de 2014<\/p>\n<p>En conmemoraci\u00f3n al D\u00eda Internacional de la Mujer, el Honorable Cabildo de Oaxaca de Ju\u00e1rez entreg\u00f3 reconocimientos a 16 mujeres, destacadas por su invaluable aportaci\u00f3n a la vida econ\u00f3mica, acad\u00e9mica, social, cultural, pol\u00edtica, deportiva y period\u00edstica de la capital del estado.<\/p>\n<p>En sesi\u00f3n solemne, los concejales capitalinos reconocieron el trabajo de las ciudadanas Hilda Z\u00e1rate de Lara, Guadalupe Villa, B\u00e1rbara Garc\u00eda Ch\u00e1vez, Mar\u00eda Elizabeth Acosta L\u00f3pez, Mar\u00eda Elena Marrufo Tenorio, Mar\u00eda Ferrina, Alicia Lilia Porras Mazari, Carmen Cordero Avenda\u00f1o de Durand y Mar\u00eda Soledad Jarqu\u00edn Edgar.<\/p>\n<p>Adem\u00e1s, de la aportaci\u00f3n de Ruth Karina Escobar Gonz\u00e1lez, Margarita Toledo Garc\u00eda, Clara Matus Fuentes, Ana Luisa Cu\u00e9llar Caballero, Aura Guadalupe Borges Yazegey, Martha Porfiria Chandomid Salud y Juana Benjamina Fern\u00e1ndez Pichardo.<\/p>\n<p>La regidora de Grupos Vulnerables y Equidad de G\u00e9nero, Alina G\u00f3mez Lagunas, oradora oficial del evento, reconoci\u00f3 el compromiso del ayuntamiento con la igualdad de oportunidades y paridad de g\u00e9nero en la vida pol\u00edtica de Oaxaca, desarrollando el liderazgo de las mujeres a trav\u00e9s de postulaciones a cargos populares.<\/p>\n<p>Tras expresar su admiraci\u00f3n y respeto a las 16 mujeres reconocidas como ciudadanas distinguidas, la concejal resalt\u00f3 que d\u00eda con d\u00eda la mujer avanza y se abre espacios que anteriormente eran exclusivamente otorgados a los hombres, demostrando con ello su capacidad y competitividad en diversos \u00e1mbitos.<\/p>\n<p>Destacando en cada uno de ellos por su esfuerzo y sacrificio, \u00abpero sobre todo, por su alto compromiso de contribuir al desarrollo de la capital del estado y sus habitantes\u00bb, puntualiz\u00f3.<\/p>\n<p>La concejal capitalina dijo que la regidur\u00eda a su cargo brindar\u00e1 atenci\u00f3n integral a las mujeres oaxaque\u00f1as mediante la implementaci\u00f3n de programas y acciones encaminadas a generar modelos de asistencia social y prevenci\u00f3n, fundament\u00e1ndolas en consultas ciudadanas.<\/p>\n<p>&nbsp;<\/p>\n<p><a href=\"http:\/\/www.eloriente.net\/home\/wp-content\/uploads\/2014\/03\/Mujeres-Por-ayuntamiento.jpg\"><img loading=\"lazy\" decoding=\"async\" class=\"alignnone size-medium wp-image-22292\" title=\"Mujeres-Por ayuntamiento\" src=\"http:\/\/www.eloriente.net\/home\/wp-content\/uploads\/2014\/03\/Mujeres-Por-ayuntamiento-300x200.jpg\" alt=\"\" width=\"300\" height=\"200\" srcset=\"http:\/\/www.eloriente.net\/home\/wp-content\/uploads\/2014\/03\/Mujeres-Por-ayuntamiento-300x200.jpg 300w, http:\/\/www.eloriente.net\/home\/wp-content\/uploads\/2014\/03\/Mujeres-Por-ayuntamiento.jpg 783w\" sizes=\"(max-width: 300px) 100vw, 300px\" \/><\/a><\/p>\n<p>Foto: Ayuntamiento de Oaxaca de Ju\u00e1rez<\/p>\n<p>&nbsp;<\/p>\n<p><strong>Entradas relacionadas:<\/strong><\/p>\n<p><a title=\"Permalink to S\u00f3lo una mujer en gabinete de gobierno de Oaxaca #Infograf\u00eda\" href=\"http:\/\/www.eloriente.net\/home\/2014\/03\/08\/solo-una-mujer-en-gabinete-de-gobierno-de-oaxaca-aqui-el-numero-en-cada-poder\/\" rel=\"bookmark\">S\u00f3lo una mujer en gabinete de gobierno de Oaxaca #Infograf\u00eda<\/a><\/p>\n<p><a href=\"http:\/\/www.eloriente.net\/home\/2014\/03\/08\/solo-una-mujer-en-gabinete-de-gobierno-de-oaxaca-aqui-el-numero-en-cada-poder\/\" rel=\"bookmark\"><img decoding=\"async\" title=\"S\u00f3lo una mujer en gabinete de gobierno de Oaxaca #Infograf\u00eda\" src=\"http:\/\/www.eloriente.net\/home\/wp-content\/themes\/city-desk\/timthumb.php?src=http%3A%2F%2Fwww.eloriente.net%2Fhome%2Fwp-content%2Fuploads%2F2014%2F03%2FInfograf%C3%ADa-mujeres-en-poderes-p%C3%BAblicos-de-Oaxaca.jpg&amp;q=90&amp;w=160&amp;h=106&amp;zc=1\" alt=\"S\u00f3lo una mujer en gabinete de gobierno de Oaxaca #Infograf\u00eda\" \/><\/a><\/p>\n<p>eloriente.net 8 de marzo de 2014 eloriente.net (Oaxaca, M\u00e9xico, a 8 de marzo de 2014).- En el marco de la celebraci\u00f3n del D\u00eda Internacional de la Mujer en este 2014 y en un contexto nacional reformador en materia pol\u00edtica, en Oaxaca se mantiene el \u201cdesequilibrio de sexos\u201d tradicional, en lo que a espacios gubernamentales y [&#8230;]<\/p>\n<p>March 8, 2014<\/p>\n<div id=\"post-22249\">\n<p><a title=\"Permalink to 30% de investigadores en el mundo son mujeres: UNESCO\" href=\"http:\/\/www.eloriente.net\/home\/2014\/03\/08\/30-de-investigadores-en-el-mundo-son-mujeres\/\" rel=\"bookmark\">30% de investigadores en el mundo son mujeres: UNESCO<\/a><\/p>\n<p><a href=\"http:\/\/www.eloriente.net\/home\/2014\/03\/08\/30-de-investigadores-en-el-mundo-son-mujeres\/\" rel=\"bookmark\"><img decoding=\"async\" title=\"30% de investigadores en el mundo son mujeres: UNESCO\" src=\"http:\/\/www.eloriente.net\/home\/wp-content\/themes\/city-desk\/timthumb.php?src=http%3A%2F%2Fwww.eloriente.net%2Fhome%2Fwp-content%2Fuploads%2F2014%2F03%2FFranc%CC%A7oise_Barre%CC%81-Sinoussi-press_conference_Dec_06th_2008-3.jpg&amp;q=90&amp;w=160&amp;h=106&amp;zc=1\" alt=\"30% de investigadores en el mundo son mujeres: UNESCO\" \/><\/a><\/p>\n<p>eloriente.net 8 de marzo de 2014 De acuerdo al Instituto de Estad\u00edstica de la Organizaci\u00f3n de las Naciones Unidas para la Educaci\u00f3n, la Ciencia y la Cultura (UNESCO), las mujeres constituyen un 30% de los investigadores existentes en el mundo, siendo Asia Central la regi\u00f3n con m\u00e1s presencia de f\u00e9minas dedicadas a la ciencia con [&#8230;]<\/p>\n<p>March 8, 2014<\/p>\n<\/div>\n<div id=\"post-22228\">\n<p><a title=\"Permalink to Solicita fracci\u00f3n parlamentaria del PRD acompa\u00f1ar a presidentas municipales\" href=\"http:\/\/www.eloriente.net\/home\/2014\/03\/07\/solicita-fraccion-parlamentaria-del-prd-acompanar-a-presidentas-municipales-2\/\" rel=\"bookmark\">Solicita fracci\u00f3n parlamentaria del PRD acompa\u00f1ar a presidentas municipales<\/a><\/p>\n<p><a href=\"http:\/\/www.eloriente.net\/home\/2014\/03\/07\/solicita-fraccion-parlamentaria-del-prd-acompanar-a-presidentas-municipales-2\/\" rel=\"bookmark\"><img decoding=\"async\" title=\"Solicita fracci\u00f3n parlamentaria del PRD acompa\u00f1ar a presidentas municipales\" src=\"http:\/\/www.eloriente.net\/home\/wp-content\/themes\/city-desk\/timthumb.php?src=http%3A%2F%2Fwww.eloriente.net%2Fhome%2Fwp-content%2Fuploads%2F2014%2F03%2FPRD-Por-Congreso.jpg&amp;q=90&amp;w=160&amp;h=106&amp;zc=1\" alt=\"Solicita fracci\u00f3n parlamentaria del PRD acompa\u00f1ar a presidentas municipales\" \/><\/a><\/p>\n<p>eloriente.net\/Congreso del Estado 7 de marzo de 2014 Se analiza un exhorto para que la Secretar\u00eda General de Gobierno conlleve acciones oportunas para coadyuvar con las presidentas municipales del Estado. Para alcanzar un ambiente de estabilidad y gobernabilidad en los diferentes municipios gobernados por mujeres, los diputados integrantes de la fracci\u00f3n parlamentaria del Partido de [&#8230;]<\/p>\n<p>March 7, 2014<\/p>\n<\/div>\n\n\t\t\t  <div \n\t\t\t  \tclass = \"fb-comments\" \n\t\t\t  \tdata-href = \"http:\/\/www.eloriente.net\/home\/2014\/03\/10\/reconoce-cabildo-municipal-a-mujeres-oaxaquenas-destacadas\/\"\n\t\t\t  \tdata-numposts = \"10\"\n\t\t\t\tdata-colorscheme = \"dark\"\n\t\t\t\tdata-order-by = \"social\"\n\t\t\t\tdata-mobile=true>\n\t\t\t  <\/div>\n\t\t  <style>\n\t\t\t.fb_iframe_widget_fluid_desktop iframe {\n\t\t\t    width: 100% !important;\n\t\t\t}\n\t\t  <\/style>\n\t\t  ","protected":false},"excerpt":{"rendered":"<p>eloriente.net 10 de marzo de 2014 En conmemoraci\u00f3n al D\u00eda Internacional de la Mujer, el Honorable Cabildo de Oaxaca de Ju\u00e1rez entreg\u00f3 reconocimientos a 16 mujeres, destacadas por su invaluable aportaci\u00f3n a la vida econ\u00f3mica, acad\u00e9mica, social, cultural, pol\u00edtica, deportiva y period\u00edstica de la capital del estado. En sesi\u00f3n solemne, los concejales capitalinos reconocieron el [&hellip;]<\/p>\n","protected":false},"author":26,"featured_media":22292,"comment_status":"open","ping_status":"open","sticky":false,"template":"","format":"standard","meta":{"_jetpack_memberships_contains_paid_content":false,"footnotes":""},"categories":[32,10,23,464],"tags":[560,558,559,189,367,73,557],"class_list":["post-22291","post","type-post","status-publish","format-standard","has-post-thumbnail","hentry","category-entradas","category-lo-mas-reciente","category-municipios","category-oaxaca-estados","tag-concejales","tag-destacadas-2","tag-honor","tag-mujeres","tag-municipio","tag-oaxaca","tag-reconocimiento"],"jetpack_featured_media_url":"http:\/\/www.eloriente.net\/home\/wp-content\/uploads\/2014\/03\/Mujeres-Por-ayuntamiento.jpg","jetpack_sharing_enabled":true,"_links":{"self":[{"href":"http:\/\/www.eloriente.net\/home\/wp-json\/wp\/v2\/posts\/22291"}],"collection":[{"href":"http:\/\/www.eloriente.net\/home\/wp-json\/wp\/v2\/posts"}],"about":[{"href":"http:\/\/www.eloriente.net\/home\/wp-json\/wp\/v2\/types\/post"}],"author":[{"embeddable":true,"href":"http:\/\/www.eloriente.net\/home\/wp-json\/wp\/v2\/users\/26"}],"replies":[{"embeddable":true,"href":"http:\/\/www.eloriente.net\/home\/wp-json\/wp\/v2\/comments?post=22291"}],"version-history":[{"count":2,"href":"http:\/\/www.eloriente.net\/home\/wp-json\/wp\/v2\/posts\/22291\/revisions"}],"predecessor-version":[{"id":22294,"href":"http:\/\/www.eloriente.net\/home\/wp-json\/wp\/v2\/posts\/22291\/revisions\/22294"}],"wp:featuredmedia":[{"embeddable":true,"href":"http:\/\/www.eloriente.net\/home\/wp-json\/wp\/v2\/media\/22292"}],"wp:attachment":[{"href":"http:\/\/www.eloriente.net\/home\/wp-json\/wp\/v2\/media?parent=22291"}],"wp:term":[{"taxonomy":"category","embeddable":true,"href":"http:\/\/www.eloriente.net\/home\/wp-json\/wp\/v2\/categories?post=22291"},{"taxonomy":"post_tag","embeddable":true,"href":"http:\/\/www.eloriente.net\/home\/wp-json\/wp\/v2\/tags?post=22291"}],"curies":[{"name":"wp","href":"https:\/\/api.w.org\/{rel}","templated":true}]}}