{"id":22436,"date":"2014-03-12T18:27:23","date_gmt":"2014-03-13T00:27:23","guid":{"rendered":"http:\/\/www.eloriente.net\/home\/?p=22436"},"modified":"2014-03-12T18:35:08","modified_gmt":"2014-03-13T00:35:08","slug":"escucha-a-sergio-rios-veronica-quevedo-y-yuri-roldan-en-todo-oaxaca-radio-11mar14","status":"publish","type":"post","link":"http:\/\/www.eloriente.net\/home\/2014\/03\/12\/escucha-a-sergio-rios-veronica-quevedo-y-yuri-roldan-en-todo-oaxaca-radio-11mar14\/","title":{"rendered":"Escucha a Sergio R\u00edos, Ver\u00f3nica Quevedo y Yuri Rold\u00e1n en Todo Oaxaca Radio 11\/Mar\/14"},"content":{"rendered":"<p>todooaxacaradio.com<\/p>\n<p>12 de marzo de 2014<\/p>\n<p>Como cada martes, en punto de las 17:00 horas se transmiti\u00f3 el programa Todo Oaxaca Radio completamente en vivo desde la Ciudad de Oaxaca de Ju\u00e1rez, a trav\u00e9s de las frecuencias abiertas 570 AM, 94.9 FM y para todo el mundo a trav\u00e9s de www.todooaxacaradio.com.<\/p>\n<p>El programa es conducido por Rub\u00e9n Vasconcelos Beltr\u00e1n, cronista de la Ciudad de Oaxaca, as\u00ed como Guadalupe Zarza Brise\u00f1o, reconocida empresaria y representante de la sociedad civil.<\/p>\n<p><strong>Nuestros temas e invitados del 11 de marzo de 2014<\/strong><\/p>\n<p>En esta segunda emisi\u00f3n de marzo de 2014, charlamos con diferentes personalidades para abordar temas de inter\u00e9s de car\u00e1cter p\u00fablico y social que conciernen a nuestra entidad oaxaque\u00f1a \u00bfquieres saber m\u00e1s? Escucha el programa dando click en el reproductor localizado al final de la redacci\u00f3n.<\/p>\n<p><strong>Minuto 2\u201945\u2019<strong>\u2019<\/strong><\/strong><\/p>\n<p>Sergio Pablo R\u00edos Aquino, Director de Servicios de Agua Potable y Alcantarillado de Oaxaca.<\/p>\n<p><em>\u00abNecesitamos aproximadamente de mil a 1,200 litros por segundo de agua para abastecer; ahorita estamos surtiendo 860 litros\u00bb<\/em><\/p>\n<p><em>\u00abEl color del agua se debe a reacciones qu\u00edmicas entre el cloro, el fierro y el manganeso en los pozos profundos; se oxida el agua y toma el color oscuro\u00bb<\/em><\/p>\n<p><em>\u00abTenemos 14 zonas ubicadas de peligro para la temporada de lluvias, tenemos preparadas todas las brigadas de emergencia\u00bb<\/em><\/p>\n<p><em>\u00abVigilen sus medidores, ahora tenemos un robo bastante extenso, aproximadamente 15 mil medidores est\u00e1n reportados como robados\u00bb<\/em><\/p>\n<p><em>\u00abLa tarifa se cobra por el volumen de agua medido, si gastan de 0 a 20 metros c\u00fabicos tiene un subsidio\u00bb<\/em><\/p>\n<p><a href=\"http:\/\/www.todooaxacaradio.com\/wp-content\/uploads\/2014\/03\/Sergio-R\u00edos.jpg\"><img loading=\"lazy\" decoding=\"async\" class=\"aligncenter size-medium wp-image-17782\" title=\"Sergio-R\u00edos\" src=\"http:\/\/www.todooaxacaradio.com\/wp-content\/uploads\/2014\/03\/Sergio-R\u00edos-300x207.jpg\" alt=\"\" width=\"300\" height=\"207\" \/><\/a><\/p>\n<p><strong>Minuto 24\u201910\u2019<strong>\u2019<\/strong><\/strong><\/p>\n<p>Ver\u00f3nica Quevedo Arango, Presidenta Honoraria del DIF Municipal en Oaxaca de Ju\u00e1rez.<\/p>\n<p><em>\u00abHace dos meses se inaugur\u00f3 el programa de prevenci\u00f3n en c\u00e1ncer cervicouterino y c\u00e1ncer de mama, porque hay un alto \u00edndice de mortandad en las mujeres\u00bb<\/em><\/p>\n<p><em>\u00abBrindamos servicios m\u00e9dicos a personas con enfermedades cr\u00f3nico-degenerativas, hipertensi\u00f3n arterial, osteoporosis y diabetes mellitus\u00bb<\/em><\/p>\n<p><em>\u00abTenemos un programa de est\u00edmulo a la educaci\u00f3n, el cual beneficia a 1,700 ni\u00f1os y ni\u00f1as de escasos recursos para que contin\u00faen con sus estudios\u00bb<\/em><\/p>\n<p><em>\u00abTenemos un programa para adultos mayores de 60 a 64 a\u00f1os, el DIF Municipal los ayuda con una despensa mensual\u00bb<\/em><\/p>\n<p><em>\u00abTenemos el programa dirigido a los adolescentes llamado &#8216;Todo a su tiempo&#8217;, ahorita hay un alto \u00edndice de jovencitas de primero de secundaria ya tienen un beb\u00e9 o est\u00e1n embarazadas\u00bb<\/em><\/p>\n<p>&nbsp;<\/p>\n<p><a href=\"http:\/\/www.eloriente.net\/home\/wp-content\/uploads\/2014\/03\/Ver\u00f3nica-Quevedo.jpg\"><img loading=\"lazy\" decoding=\"async\" class=\"size-medium wp-image-22439 aligncenter\" title=\"Ver\u00f3nica-Quevedo\" src=\"http:\/\/www.eloriente.net\/home\/wp-content\/uploads\/2014\/03\/Ver\u00f3nica-Quevedo-300x226.jpg\" alt=\"\" width=\"300\" height=\"226\" srcset=\"http:\/\/www.eloriente.net\/home\/wp-content\/uploads\/2014\/03\/Ver\u00f3nica-Quevedo-300x226.jpg 300w, http:\/\/www.eloriente.net\/home\/wp-content\/uploads\/2014\/03\/Ver\u00f3nica-Quevedo-1024x773.jpg 1024w\" sizes=\"(max-width: 300px) 100vw, 300px\" \/><\/a><\/p>\n<p><strong>Minuto 44\u201955\u2019<strong>\u2019<\/strong><\/strong><\/p>\n<p>Dr. Yuri Alfonso Rold\u00e1n Arag\u00f3n, M\u00e9dico Infect\u00f3logo, especialista en influenza.<\/p>\n<p><em>\u00abLa influenza es causada por un virus que da una infecci\u00f3n respiratoria aguda\u00bb<\/em><\/p>\n<p><em>\u00abDesafortunadamente este a\u00f1o se han incrementado el n\u00famero de casos\u00bb<\/em><\/p>\n<p><em>\u00abLa influenza se acompa\u00f1a de fiebre, dolor muscular, tos, falta de aire y puede causar hasta la muerte\u00bb<\/em><\/p>\n<p><em>\u00abLa mejor forma de prevenir la influenza es vacun\u00e1ndose, la vacuna se elabora con los virus del a\u00f1o anterior\u00bb<\/em><\/p>\n<p><em>\u00abActualmente no se le da tratamiento a todos, solo a los que est\u00e1n en factores de riesgo\u00bb<\/em><\/p>\n<p>&nbsp;<\/p>\n<p><iframe loading=\"lazy\" src=\"http:\/\/www.ivoox.com\/player_ek_2916232_1.html\" frameborder=\"0\" scrolling=\"no\" width=\"238\" height=\"48\"><\/iframe><\/p>\n<p>&nbsp;<\/p>\n<p><strong>Entradas relacionadas:<\/strong><\/p>\n<p><a title=\"Permalink to Escucha a Jorge Guerrero, Jessica Arag\u00f3n y V\u00edctor Cruz en Todo Oaxaca Radio 4\/Mar\/14\" href=\"http:\/\/www.eloriente.net\/home\/2014\/03\/05\/escucha-a-jorge-guerrero-jessica-aragon-y-victor-cruz-en-todo-oaxaca-radio-4mar14\/\" rel=\"bookmark\">Escucha a Jorge Guerrero, Jessica Arag\u00f3n y V\u00edctor Cruz en Todo Oaxaca Radio 4\/Mar\/14<\/a><\/p>\n<p><a href=\"http:\/\/www.eloriente.net\/home\/2014\/03\/05\/escucha-a-jorge-guerrero-jessica-aragon-y-victor-cruz-en-todo-oaxaca-radio-4mar14\/\" rel=\"bookmark\"><img decoding=\"async\" title=\"Escucha a Jorge Guerrero, Jessica Arag\u00f3n y V\u00edctor Cruz en Todo Oaxaca Radio 4\/Mar\/14\" src=\"http:\/\/www.eloriente.net\/home\/wp-content\/themes\/city-desk\/timthumb.php?src=http%3A%2F%2Fwww.eloriente.net%2Fhome%2Fwp-content%2Fuploads%2F2014%2F03%2FJorge-Guerrero.jpg&amp;q=90&amp;w=160&amp;h=106&amp;zc=1\" alt=\"Escucha a Jorge Guerrero, Jessica Arag\u00f3n y V\u00edctor Cruz en Todo Oaxaca Radio 4\/Mar\/14\" \/><\/a><\/p>\n<p>todooaxacaradio.com 5 de marzo de 2014 Como cada martes, en punto de las 17:00 horas se transmiti\u00f3 el programa Todo Oaxaca Radio completamente en vivo desde la Ciudad de Oaxaca de Ju\u00e1rez, a trav\u00e9s de las frecuencias abiertas 570 AM, 94.9 FM y para todo el mundo a trav\u00e9s de www.todooaxacaradio.com. El programa es conducido [&#8230;]<\/p>\n<p>March 5, 2014<\/p>\n<div id=\"post-21674\">\n<p><a title=\"Permalink to F\u00e9lix Caballero, Carlos Sp\u00edndola y Jaime Castellanos en Todo Oaxaca Radio 25\/Feb\/14\" href=\"http:\/\/www.eloriente.net\/home\/2014\/02\/26\/felix-caballero-carlos-spindola-y-jaime-castellanos-en-todo-oaxaca-radio-25feb14\/\" rel=\"bookmark\">F\u00e9lix Caballero, Carlos Sp\u00edndola y Jaime Castellanos en Todo Oaxaca Radio 25\/Feb\/14<\/a><\/p>\n<p><a href=\"http:\/\/www.eloriente.net\/home\/2014\/02\/26\/felix-caballero-carlos-spindola-y-jaime-castellanos-en-todo-oaxaca-radio-25feb14\/\" rel=\"bookmark\"><img decoding=\"async\" title=\"F\u00e9lix Caballero, Carlos Sp\u00edndola y Jaime Castellanos en Todo Oaxaca Radio 25\/Feb\/14\" src=\"http:\/\/www.eloriente.net\/home\/wp-content\/themes\/city-desk\/timthumb.php?src=http%3A%2F%2Fwww.eloriente.net%2Fhome%2Fwp-content%2Fuploads%2F2014%2F02%2FF%C3%A9lix.jpg&amp;q=90&amp;w=160&amp;h=106&amp;zc=1\" alt=\"F\u00e9lix Caballero, Carlos Sp\u00edndola y Jaime Castellanos en Todo Oaxaca Radio 25\/Feb\/14\" \/><\/a><\/p>\n<p>todooaxacaradio.com 25 de febrero de 2014 Como cada martes, en punto de las 17:00 horas se transmiti\u00f3 el programa Todo Oaxaca Radio completamente en vivo desde la Ciudad de Oaxaca de Ju\u00e1rez, a trav\u00e9s de las frecuencias abiertas 570 AM, 94.9 FM y para todo el mundo a trav\u00e9s de www.todooaxacaradio.com. El programa es conducido [&#8230;]<\/p>\n<p>February 26, 2014<\/p>\n<\/div>\n<div id=\"post-21235\">\n<p><a title=\"Permalink to Escucha a Juan Jos\u00e9 Consejo, Mario Bola\u00f1os, \u00c1lvaro Gonz\u00e1lez y Suhail Su\u00e1rez en Todo Oaxaca Radio 18\/Feb\/14\" href=\"http:\/\/www.eloriente.net\/home\/2014\/02\/19\/escucha-a-juan-jose-consejo-mario-bolanos-alvaro-gonzalez-y-suhail-suarez-en-todo-oaxaca-radio-18feb14\/\" rel=\"bookmark\">Escucha a Juan Jos\u00e9 Consejo, Mario Bola\u00f1os, \u00c1lvaro Gonz\u00e1lez y Suhail Su\u00e1rez en Todo Oaxaca Radio 18\/Feb\/14<\/a><\/p>\n<p><a href=\"http:\/\/www.eloriente.net\/home\/2014\/02\/19\/escucha-a-juan-jose-consejo-mario-bolanos-alvaro-gonzalez-y-suhail-suarez-en-todo-oaxaca-radio-18feb14\/\" rel=\"bookmark\"><img decoding=\"async\" title=\"Escucha a Juan Jos\u00e9 Consejo, Mario Bola\u00f1os, \u00c1lvaro Gonz\u00e1lez y Suhail Su\u00e1rez en Todo Oaxaca Radio 18\/Feb\/14\" src=\"http:\/\/www.eloriente.net\/home\/wp-content\/themes\/city-desk\/timthumb.php?src=http%3A%2F%2Fwww.eloriente.net%2Fhome%2Fwp-content%2Fuploads%2F2014%2F02%2FJuan-Jos%C3%A9-Consejo.jpg&amp;q=90&amp;w=160&amp;h=106&amp;zc=1\" alt=\"Escucha a Juan Jos\u00e9 Consejo, Mario Bola\u00f1os, \u00c1lvaro Gonz\u00e1lez y Suhail Su\u00e1rez en Todo Oaxaca Radio 18\/Feb\/14\" \/><\/a><\/p>\n<p>todooaxacaradio.com 19 de febrero de 2014 Como cada martes, en punto de las 17:00 horas se transmiti\u00f3 el programa Todo Oaxaca Radio completamente en vivo desde la Ciudad de Oaxaca de Ju\u00e1rez, a trav\u00e9s de las frecuencias abiertas 570 AM, 94.9 FM y para todo el mundo a trav\u00e9s de www.todooaxacaradio.com. El programa es conducido [&#8230;]<\/p>\n<p>February 19, 2014<\/p>\n<\/div>\n\n\t\t\t  <div \n\t\t\t  \tclass = \"fb-comments\" \n\t\t\t  \tdata-href = \"http:\/\/www.eloriente.net\/home\/2014\/03\/12\/escucha-a-sergio-rios-veronica-quevedo-y-yuri-roldan-en-todo-oaxaca-radio-11mar14\/\"\n\t\t\t  \tdata-numposts = \"10\"\n\t\t\t\tdata-colorscheme = \"dark\"\n\t\t\t\tdata-order-by = \"social\"\n\t\t\t\tdata-mobile=true>\n\t\t\t  <\/div>\n\t\t  <style>\n\t\t\t.fb_iframe_widget_fluid_desktop iframe {\n\t\t\t    width: 100% !important;\n\t\t\t}\n\t\t  <\/style>\n\t\t  ","protected":false},"excerpt":{"rendered":"<p>todooaxacaradio.com 12 de marzo de 2014 Como cada martes, en punto de las 17:00 horas se transmiti\u00f3 el programa Todo Oaxaca Radio completamente en vivo desde la Ciudad de Oaxaca de Ju\u00e1rez, a trav\u00e9s de las frecuencias abiertas 570 AM, 94.9 FM y para todo el mundo a trav\u00e9s de www.todooaxacaradio.com. El programa es conducido [&hellip;]<\/p>\n","protected":false},"author":26,"featured_media":22439,"comment_status":"open","ping_status":"open","sticky":false,"template":"","format":"standard","meta":{"_jetpack_memberships_contains_paid_content":false,"footnotes":""},"categories":[32,12],"tags":[],"class_list":["post-22436","post","type-post","status-publish","format-standard","has-post-thumbnail","hentry","category-entradas","category-todo-oaxaca-radio"],"jetpack_featured_media_url":"http:\/\/www.eloriente.net\/home\/wp-content\/uploads\/2014\/03\/Ver\u00f3nica-Quevedo.jpg","jetpack_sharing_enabled":true,"_links":{"self":[{"href":"http:\/\/www.eloriente.net\/home\/wp-json\/wp\/v2\/posts\/22436"}],"collection":[{"href":"http:\/\/www.eloriente.net\/home\/wp-json\/wp\/v2\/posts"}],"about":[{"href":"http:\/\/www.eloriente.net\/home\/wp-json\/wp\/v2\/types\/post"}],"author":[{"embeddable":true,"href":"http:\/\/www.eloriente.net\/home\/wp-json\/wp\/v2\/users\/26"}],"replies":[{"embeddable":true,"href":"http:\/\/www.eloriente.net\/home\/wp-json\/wp\/v2\/comments?post=22436"}],"version-history":[{"count":5,"href":"http:\/\/www.eloriente.net\/home\/wp-json\/wp\/v2\/posts\/22436\/revisions"}],"predecessor-version":[{"id":22441,"href":"http:\/\/www.eloriente.net\/home\/wp-json\/wp\/v2\/posts\/22436\/revisions\/22441"}],"wp:featuredmedia":[{"embeddable":true,"href":"http:\/\/www.eloriente.net\/home\/wp-json\/wp\/v2\/media\/22439"}],"wp:attachment":[{"href":"http:\/\/www.eloriente.net\/home\/wp-json\/wp\/v2\/media?parent=22436"}],"wp:term":[{"taxonomy":"category","embeddable":true,"href":"http:\/\/www.eloriente.net\/home\/wp-json\/wp\/v2\/categories?post=22436"},{"taxonomy":"post_tag","embeddable":true,"href":"http:\/\/www.eloriente.net\/home\/wp-json\/wp\/v2\/tags?post=22436"}],"curies":[{"name":"wp","href":"https:\/\/api.w.org\/{rel}","templated":true}]}}