{"id":22443,"date":"2014-03-13T10:23:24","date_gmt":"2014-03-13T16:23:24","guid":{"rendered":"http:\/\/www.eloriente.net\/home\/?p=22443"},"modified":"2014-03-13T10:23:42","modified_gmt":"2014-03-13T16:23:42","slug":"13mar14-1000-en-vivo-foro-nacional-sobre-educacion-basica","status":"publish","type":"post","link":"http:\/\/www.eloriente.net\/home\/2014\/03\/13\/13mar14-1000-en-vivo-foro-nacional-sobre-educacion-basica\/","title":{"rendered":"13\/Mar\/14 10:00 En Vivo: Foro Nacional sobre Educaci\u00f3n B\u00e1sica"},"content":{"rendered":"<p>eloriente.net<\/p>\n<p>13 de marzo de 2014<\/p>\n<p>La Secretar\u00eda de Educaci\u00f3n P\u00fablica organiza en Puebla este 13 de marzo el foro sobre <a href=\"http:\/\/www.modeloeducativo.sep.gob.mx\/\" target=\"_blank\">Educaci\u00f3n B\u00e1sica de la Consulta Nacional<\/a> a la cual convocara, para efectuar \u00abuna revisi\u00f3n del modelo educativo\u00bb.<\/p>\n<p>Desde <a href=\"http:\/\/www.modeloeducativo.sep.gob.mx\/foros_fecha.html\" target=\"_blank\">febrero hasta junio de 2014<\/a>, una serie de foros ser\u00e1n efectuados en diversas sedes regionales.<\/p>\n<p>La <a href=\"file:\/\/\/Users\/staffcom\/Downloads\/base_educacion_basica.pdf\" target=\"_blank\">Agenda espec\u00edfica para el tema de Educaci\u00f3n B\u00e1sica<\/a> son:<\/p>\n<p>1. El reto de educar a los mexicanos en el siglo XXI<\/p>\n<p>2. \u00bfQu\u00e9 es hoy lo b\u00e1sico indispensable?<\/p>\n<p>3. \u00bfC\u00f3mo organizar la escuela de educaci\u00f3n b\u00e1sica para que sea eficaz?<\/p>\n<p>4. \u00bfC\u00f3mo garantizar la inclusi\u00f3n y la equidad en la escuela b\u00e1sica?<\/p>\n<p>5. El desarrollo profesional docente<\/p>\n<p>Por la importancia de estos temas y de la consulta en general, sigue desde las 10 de la ma\u00f1ana de este 13 de marzo, en vivo con se\u00f1al de la SEP, la transmisi\u00f3n en directo. Da click sobre la imagen:<\/p>\n<p>&nbsp;<\/p>\n<p><a href=\"http:\/\/basica.sep.gob.mx\/Streaming\/stream.html\" target=\"_blank\"><img loading=\"lazy\" decoding=\"async\" class=\"size-medium wp-image-22444 aligncenter\" title=\"Foro Puebla Educaci\u00f3n B\u00e1sica 2014\" src=\"http:\/\/www.eloriente.net\/home\/wp-content\/uploads\/2014\/03\/Captura-de-pantalla-2014-03-13-a-las-10.18.19-300x172.png\" alt=\"\" width=\"300\" height=\"172\" srcset=\"http:\/\/www.eloriente.net\/home\/wp-content\/uploads\/2014\/03\/Captura-de-pantalla-2014-03-13-a-las-10.18.19-300x172.png 300w, http:\/\/www.eloriente.net\/home\/wp-content\/uploads\/2014\/03\/Captura-de-pantalla-2014-03-13-a-las-10.18.19.png 989w\" sizes=\"(max-width: 300px) 100vw, 300px\" \/><\/a><\/p>\n<p><strong>Otras Entradas:<\/strong><\/p>\n<p><a title=\"Permalink to Entra en vigor Ley de Transporte; busca mejorar infraestructura y organizaci\u00f3n #Infograf\u00edas\" href=\"http:\/\/www.eloriente.net\/home\/2014\/03\/10\/entra-en-vigor-ley-de-transporte-busca-mejorar-infraestructura-y-organizacion-infografias\/\" rel=\"bookmark\">Entra en vigor Ley de Transporte; busca mejorar infraestructura y organizaci\u00f3n #Infograf\u00edas<\/a><\/p>\n<p><a href=\"http:\/\/www.eloriente.net\/home\/2014\/03\/10\/entra-en-vigor-ley-de-transporte-busca-mejorar-infraestructura-y-organizacion-infografias\/\" rel=\"bookmark\"><img decoding=\"async\" title=\"Entra en vigor Ley de Transporte; busca mejorar infraestructura y organizaci\u00f3n #Infograf\u00edas\" src=\"http:\/\/www.eloriente.net\/home\/wp-content\/themes\/city-desk\/timthumb.php?src=http%3A%2F%2Fwww.eloriente.net%2Fhome%2Fwp-content%2Fuploads%2F2014%2F03%2Ftaxis-amarillos.jpg&amp;q=90&amp;w=160&amp;h=106&amp;zc=1\" alt=\"Entra en vigor Ley de Transporte; busca mejorar infraestructura y organizaci\u00f3n #Infograf\u00edas\" \/><\/a><\/p>\n<p>eloriente.net 10 de marzo de 2014 eloriente.net (Oaxaca, M\u00e9xico, a 10 de marzo de 2014).-\u00a0Con la finalidad de planear, regular, administrar, controlar y supervisar la prestaci\u00f3n del servicio de transporte p\u00fablico, ayer entr\u00f3 en vigor la Ley de Transporte del Estado de Oaxaca, luego de ser publicado el decreto respectivo en el Peri\u00f3dico Oficial local [&#8230;]<\/p>\n<p>March 10, 2014<\/p>\n<div id=\"post-22315\">\n<p><a title=\"Permalink to Gobierno, Congreso y Secci\u00f3n 22 acuerdan incumplir armonizaci\u00f3n de Reforma Educativa\" href=\"http:\/\/www.eloriente.net\/home\/2014\/03\/10\/gobierno-congreso-y-seccion-22-acuerdan-incumplir-armonizacion-de-reforma-educativa\/\" rel=\"bookmark\">Gobierno, Congreso y Secci\u00f3n 22 acuerdan incumplir armonizaci\u00f3n de Reforma Educativa<\/a><\/p>\n<p><a href=\"http:\/\/www.eloriente.net\/home\/2014\/03\/10\/gobierno-congreso-y-seccion-22-acuerdan-incumplir-armonizacion-de-reforma-educativa\/\" rel=\"bookmark\"><img decoding=\"async\" title=\"Gobierno, Congreso y Secci\u00f3n 22 acuerdan incumplir armonizaci\u00f3n de Reforma Educativa\" src=\"http:\/\/www.eloriente.net\/home\/wp-content\/themes\/city-desk\/timthumb.php?src=http%3A%2F%2Fwww.eloriente.net%2Fhome%2Fwp-content%2Fuploads%2F2014%2F03%2FTodos-los-derechos-reservados-por-Gabino-Cue%CC%81-Monteagudo.jpg&amp;q=90&amp;w=160&amp;h=106&amp;zc=1\" alt=\"Gobierno, Congreso y Secci\u00f3n 22 acuerdan incumplir armonizaci\u00f3n de Reforma Educativa\" \/><\/a>eloriente.net 10 de marzo de 2014 eloriente.net (Oaxaca, M\u00e9xico, a 10 de marzo de 2014).- Rub\u00e9n N\u00fa\u00f1ez Gin\u00e9s, l\u00edder de la Secci\u00f3n 22 del Sindicato Nacional de Trabajadores de la Educaci\u00f3n; Gabino Cu\u00e9 Monteagudo, Gobernador de Oaxaca; y Jes\u00fas L\u00f3pez Rodr\u00edguez, presidente de la Mesa Directiva del Congreso de Oaxaca, firmaron esta ma\u00f1ana la declaraci\u00f3n [&#8230;]<\/p>\n<p>March 10, 2014<\/p>\n<\/div>\n<div id=\"post-22311\">\n<p><a title=\"Permalink to Un paso m\u00e1s a recentralizaci\u00f3n educativa\" href=\"http:\/\/www.eloriente.net\/home\/2014\/03\/10\/un-paso-mas-a-recentralizacion-educativa\/\" rel=\"bookmark\">Un paso m\u00e1s a recentralizaci\u00f3n educativa<\/a><\/p>\n<p><a href=\"http:\/\/www.eloriente.net\/home\/2014\/03\/10\/un-paso-mas-a-recentralizacion-educativa\/\" rel=\"bookmark\"><img decoding=\"async\" title=\"Un paso m\u00e1s a recentralizaci\u00f3n educativa\" src=\"http:\/\/www.eloriente.net\/home\/wp-content\/themes\/city-desk\/timthumb.php?src=http%3A%2F%2Fwww.eloriente.net%2Fhome%2Fwp-content%2Fuploads%2F2013%2F09%2FZocalo-Seccion-22-Algunos-derechos-reservados-por-Marysol.jpg&amp;q=90&amp;w=160&amp;h=106&amp;zc=1\" alt=\"Un paso m\u00e1s a recentralizaci\u00f3n educativa\" \/><\/a>eloriente.net 10 de marzo de 2014 Por: Adri\u00e1n Ortiz Romero + Un paso m\u00e1s a recentralizaci\u00f3n educativa + Oaxaca, aliada de S-22\u2026 para la desdicha Esta semana ser\u00e1 clave para que Oaxaca marque nuevas pautas en el tema educativo. Estamos en el umbral del l\u00edmite del plazo concedido por las reformas federales en materia educativa [&#8230;]<\/p>\n<p>March 10, 2014<\/p>\n<\/div>\n<p>&nbsp;<\/p>\n\n\t\t\t  <div \n\t\t\t  \tclass = \"fb-comments\" \n\t\t\t  \tdata-href = \"http:\/\/www.eloriente.net\/home\/2014\/03\/13\/13mar14-1000-en-vivo-foro-nacional-sobre-educacion-basica\/\"\n\t\t\t  \tdata-numposts = \"10\"\n\t\t\t\tdata-colorscheme = \"dark\"\n\t\t\t\tdata-order-by = \"social\"\n\t\t\t\tdata-mobile=true>\n\t\t\t  <\/div>\n\t\t  <style>\n\t\t\t.fb_iframe_widget_fluid_desktop iframe {\n\t\t\t    width: 100% !important;\n\t\t\t}\n\t\t  <\/style>\n\t\t  ","protected":false},"excerpt":{"rendered":"<p>eloriente.net 13 de marzo de 2014 La Secretar\u00eda de Educaci\u00f3n P\u00fablica organiza en Puebla este 13 de marzo el foro sobre Educaci\u00f3n B\u00e1sica de la Consulta Nacional a la cual convocara, para efectuar \u00abuna revisi\u00f3n del modelo educativo\u00bb. Desde febrero hasta junio de 2014, una serie de foros ser\u00e1n efectuados en diversas sedes regionales. La [&hellip;]<\/p>\n","protected":false},"author":1,"featured_media":22444,"comment_status":"open","ping_status":"open","sticky":false,"template":"","format":"standard","meta":{"_jetpack_memberships_contains_paid_content":false,"footnotes":""},"categories":[4,18,32,10,24],"tags":[],"class_list":["post-22443","post","type-post","status-publish","format-standard","has-post-thumbnail","hentry","category-canal-2-en-vivo","category-educacion-y-cultura","category-entradas","category-lo-mas-reciente","category-mexico-y-el-mundo"],"jetpack_featured_media_url":"http:\/\/www.eloriente.net\/home\/wp-content\/uploads\/2014\/03\/Captura-de-pantalla-2014-03-13-a-las-10.18.19.png","jetpack_sharing_enabled":true,"_links":{"self":[{"href":"http:\/\/www.eloriente.net\/home\/wp-json\/wp\/v2\/posts\/22443"}],"collection":[{"href":"http:\/\/www.eloriente.net\/home\/wp-json\/wp\/v2\/posts"}],"about":[{"href":"http:\/\/www.eloriente.net\/home\/wp-json\/wp\/v2\/types\/post"}],"author":[{"embeddable":true,"href":"http:\/\/www.eloriente.net\/home\/wp-json\/wp\/v2\/users\/1"}],"replies":[{"embeddable":true,"href":"http:\/\/www.eloriente.net\/home\/wp-json\/wp\/v2\/comments?post=22443"}],"version-history":[{"count":3,"href":"http:\/\/www.eloriente.net\/home\/wp-json\/wp\/v2\/posts\/22443\/revisions"}],"predecessor-version":[{"id":22447,"href":"http:\/\/www.eloriente.net\/home\/wp-json\/wp\/v2\/posts\/22443\/revisions\/22447"}],"wp:featuredmedia":[{"embeddable":true,"href":"http:\/\/www.eloriente.net\/home\/wp-json\/wp\/v2\/media\/22444"}],"wp:attachment":[{"href":"http:\/\/www.eloriente.net\/home\/wp-json\/wp\/v2\/media?parent=22443"}],"wp:term":[{"taxonomy":"category","embeddable":true,"href":"http:\/\/www.eloriente.net\/home\/wp-json\/wp\/v2\/categories?post=22443"},{"taxonomy":"post_tag","embeddable":true,"href":"http:\/\/www.eloriente.net\/home\/wp-json\/wp\/v2\/tags?post=22443"}],"curies":[{"name":"wp","href":"https:\/\/api.w.org\/{rel}","templated":true}]}}