{"id":22456,"date":"2014-03-13T12:57:34","date_gmt":"2014-03-13T18:57:34","guid":{"rendered":"http:\/\/www.eloriente.net\/home\/?p=22456"},"modified":"2014-03-13T13:00:29","modified_gmt":"2014-03-13T19:00:29","slug":"videos-foros-de-consulta-de-educacion-normal-en-mexico","status":"publish","type":"post","link":"http:\/\/www.eloriente.net\/home\/2014\/03\/13\/videos-foros-de-consulta-de-educacion-normal-en-mexico\/","title":{"rendered":"Videos: Foros de consulta de educaci\u00f3n normal en M\u00e9xico"},"content":{"rendered":"<p>eloriente.net<\/p>\n<p>13 de marzo de 2014<\/p>\n<p>Dentro del marco de actividades \u201cForos de Consulta Nacional\u00a0para la revisi\u00f3n del Modelo Educativo\u201d, convocado por la Secretar\u00eda de Educaci\u00f3n P\u00fablica (SEP), se llevaron a cabo las mesas de an\u00e1lisis y evaluaci\u00f3n de la actual educaci\u00f3n normal en el pa\u00eds.<\/p>\n<p>Como te lo dimos a conocer semanas pasadas, los <a href=\"http:\/\/www.eloriente.net\/home\/2014\/01\/15\/sep-convoca-a-participar-en-foros-para-revision-del-modelo-educativo\/\" target=\"_blank\">\u00abForos de Consulta Nacional para la revisi\u00f3n del Modelo Educativo\u00bb<\/a>\u00a0planean llevar a cabo una propuesta de ajustes que requiera el modelo educativo mexicano para garantizar que \u00e9ste responda a las aspiraciones y necesidades de la naci\u00f3n.<\/p>\n<p>ELORIENTE.NET trae para ti las grabaciones completas de los eventos que se realizaron en la ciudad de Toluca, Estado de M\u00e9xico y Hermosillo, Sonora, en materia de educaci\u00f3n normal.<\/p>\n<p>&nbsp;<\/p>\n<p><strong>Mesa 1<strong>: Toluca, Estado de M\u00e9xico<\/strong><\/strong><\/p>\n<p><iframe loading=\"lazy\" src=\"\/\/www.youtube.com\/embed\/JKK61AbmdLs\" frameborder=\"0\" width=\"560\" height=\"315\"><\/iframe><\/p>\n<p>&nbsp;<\/p>\n<p><strong>Mesa 2: Hermosillo, Sonora<\/strong><\/p>\n<p><iframe loading=\"lazy\" src=\"\/\/www.youtube.com\/embed\/acmILUI5Va4\" frameborder=\"0\" width=\"420\" height=\"315\"><\/iframe><\/p>\n<p>&nbsp;<\/p>\n<p><strong>Mesa 3: Toluca, Estado de M\u00e9xico\u00a0<\/strong><\/p>\n<p><iframe loading=\"lazy\" src=\"\/\/www.youtube.com\/embed\/bykRg5ICsJI\" frameborder=\"0\" width=\"560\" height=\"315\"><\/iframe><\/p>\n<p>&nbsp;<\/p>\n<p><strong>Mesa 4: Toluca, Estado de M\u00e9xico<\/strong><\/p>\n<p><iframe loading=\"lazy\" src=\"\/\/www.youtube.com\/embed\/doBnMLBe5N0\" frameborder=\"0\" width=\"560\" height=\"315\"><\/iframe><\/p>\n<p>&nbsp;<\/p>\n<p><strong>Mesa 5: Toluca, Estado de M\u00e9xico<\/strong><\/p>\n<p><iframe loading=\"lazy\" src=\"\/\/www.youtube.com\/embed\/n_VUnfFB5wo\" frameborder=\"0\" width=\"560\" height=\"315\"><\/iframe><\/p>\n<p>&nbsp;<\/p>\n<p><a href=\"http:\/\/www.eloriente.net\/home\/wp-content\/uploads\/2014\/03\/consulta-educaci\u00f3n-normal.jpg\"><img loading=\"lazy\" decoding=\"async\" class=\"alignnone size-medium wp-image-22458\" title=\"consulta educaci\u00f3n normal\" src=\"http:\/\/www.eloriente.net\/home\/wp-content\/uploads\/2014\/03\/consulta-educaci\u00f3n-normal-300x168.jpg\" alt=\"\" width=\"300\" height=\"168\" srcset=\"http:\/\/www.eloriente.net\/home\/wp-content\/uploads\/2014\/03\/consulta-educaci\u00f3n-normal-300x168.jpg 300w, http:\/\/www.eloriente.net\/home\/wp-content\/uploads\/2014\/03\/consulta-educaci\u00f3n-normal.jpg 792w\" sizes=\"(max-width: 300px) 100vw, 300px\" \/><\/a><\/p>\n<p>Foto: Eleazar Flores<\/p>\n<p>&nbsp;<\/p>\n<p><strong>Entradas relacionadas:<\/strong><\/p>\n<p><a title=\"Permalink to 13\/Mar\/14 10:00 En Vivo: Foro Nacional sobre Educaci\u00f3n B\u00e1sica\" href=\"http:\/\/www.eloriente.net\/home\/2014\/03\/13\/13mar14-1000-en-vivo-foro-nacional-sobre-educacion-basica\/\" rel=\"bookmark\">13\/Mar\/14 10:00 En Vivo: Foro Nacional sobre Educaci\u00f3n B\u00e1sica<\/a><\/p>\n<p><a href=\"http:\/\/www.eloriente.net\/home\/2014\/03\/13\/13mar14-1000-en-vivo-foro-nacional-sobre-educacion-basica\/\" rel=\"bookmark\"><img decoding=\"async\" title=\"13\/Mar\/14 10:00 En Vivo: Foro Nacional sobre Educaci\u00f3n B\u00e1sica\" src=\"http:\/\/www.eloriente.net\/home\/wp-content\/themes\/city-desk\/timthumb.php?src=http%3A%2F%2Fwww.eloriente.net%2Fhome%2Fwp-content%2Fuploads%2F2014%2F03%2FCaptura-de-pantalla-2014-03-13-a-las-10.18.19.png&amp;q=90&amp;w=160&amp;h=106&amp;zc=1\" alt=\"13\/Mar\/14 10:00 En Vivo: Foro Nacional sobre Educaci\u00f3n B\u00e1sica\" \/><\/a><\/p>\n<p>eloriente.net 13 de marzo de 2014 La Secretar\u00eda de Educaci\u00f3n P\u00fablica organiza en Puebla este 13 de marzo el foro sobre Educaci\u00f3n B\u00e1sica de la Consulta Nacional a la cual convocara, para efectuar \u201cuna revisi\u00f3n del modelo educativo\u201d. Desde febrero hasta junio de 2014, una serie de foros ser\u00e1n efectuados en diversas sedes regionales. La [&#8230;]<\/p>\n<p>March 13, 2014<\/p>\n<p><a title=\"Permalink to Secci\u00f3n 22 del SNTE en la toma de Ciudad de M\u00e9xico, un ensayo de Samael Hern\u00e1ndez\" href=\"http:\/\/www.eloriente.net\/home\/2014\/03\/11\/protesta-y-conflicto-la-seccion-22-del-snte-en-la-toma-de-la-ciudad-de-mexico\/\" rel=\"bookmark\">Secci\u00f3n 22 del SNTE en la toma de Ciudad de M\u00e9xico, un ensayo de Samael Hern\u00e1ndez<\/a><\/p>\n<p><a href=\"http:\/\/www.eloriente.net\/home\/2014\/03\/11\/protesta-y-conflicto-la-seccion-22-del-snte-en-la-toma-de-la-ciudad-de-mexico\/\" rel=\"bookmark\"><img decoding=\"async\" title=\"Secci\u00f3n 22 del SNTE en la toma de Ciudad de M\u00e9xico, un ensayo de Samael Hern\u00e1ndez\" src=\"http:\/\/www.eloriente.net\/home\/wp-content\/themes\/city-desk\/timthumb.php?src=http%3A%2F%2Fwww.eloriente.net%2Fhome%2Fwp-content%2Fuploads%2F2013%2F09%2FZocalo-Seccion-22-Algunos-derechos-reservados-por-Marysol.jpg&amp;q=90&amp;w=160&amp;h=106&amp;zc=1\" alt=\"Secci\u00f3n 22 del SNTE en la toma de Ciudad de M\u00e9xico, un ensayo de Samael Hern\u00e1ndez\" \/><\/a><\/p>\n<p>eloriente.net 11 de marzo de 2014 Publicamos este d\u00eda el ensayo \u201cProtesta y conflicto, la Secci\u00f3n 22 del SNTE en la toma de la Ciudad de M\u00e9xico\u201d, enviado a ELORIENTE.NET por Samael Hern\u00e1ndez Ruiz, experto en temas educativos. Este art\u00edculo expone un estudio sobre la Secci\u00f3n 22 del Sindicato Nacional de Trabajadores de la Educaci\u00f3n, [&#8230;]<\/p>\n<p>March 11, 2014<\/p>\n<p><a title=\"Permalink to SEP convoca a participar en foros para revisi\u00f3n del Modelo Educativo\" href=\"http:\/\/www.eloriente.net\/home\/2014\/01\/15\/sep-convoca-a-participar-en-foros-para-revision-del-modelo-educativo\/\" rel=\"bookmark\">SEP convoca a participar en foros para revisi\u00f3n del Modelo Educativo<\/a><\/p>\n<p><a href=\"http:\/\/www.eloriente.net\/home\/2014\/01\/15\/sep-convoca-a-participar-en-foros-para-revision-del-modelo-educativo\/\" rel=\"bookmark\"><img decoding=\"async\" title=\"SEP convoca a participar en foros para revisi\u00f3n del Modelo Educativo\" src=\"http:\/\/www.eloriente.net\/home\/wp-content\/themes\/city-desk\/timthumb.php?src=http%3A%2F%2Fwww.eloriente.net%2Fhome%2Fwp-content%2Fuploads%2F2014%2F01%2FHomenaje-a-la-bandera.jpg&amp;q=90&amp;w=160&amp;h=106&amp;zc=1\" alt=\"SEP convoca a participar en foros para revisi\u00f3n del Modelo Educativo\" \/><\/a><\/p>\n<p>eloriente.net\/SEP 15 de enero de 2014 Con el objetivo de llevar a M\u00e9xico a su m\u00e1ximo potencial y en la b\u00fasqueda de una educaci\u00f3n de calidad, la\u00a0Secretar\u00eda de Educaci\u00f3n P\u00fablica\u00a0convoc\u00f3 a todos los sectores involucrados en la educaci\u00f3n del pa\u00eds a participar en los \u201cForos de Consulta Nacional\u00a0para la revisi\u00f3n del Modelo Educativo\u201d,\u00a0que se llevar\u00e1n [&#8230;]<\/p>\n<p>January 15, 2014<\/p>\n\n\t\t\t  <div \n\t\t\t  \tclass = \"fb-comments\" \n\t\t\t  \tdata-href = \"http:\/\/www.eloriente.net\/home\/2014\/03\/13\/videos-foros-de-consulta-de-educacion-normal-en-mexico\/\"\n\t\t\t  \tdata-numposts = \"10\"\n\t\t\t\tdata-colorscheme = \"dark\"\n\t\t\t\tdata-order-by = \"social\"\n\t\t\t\tdata-mobile=true>\n\t\t\t  <\/div>\n\t\t  <style>\n\t\t\t.fb_iframe_widget_fluid_desktop iframe {\n\t\t\t    width: 100% !important;\n\t\t\t}\n\t\t  <\/style>\n\t\t  ","protected":false},"excerpt":{"rendered":"<p>eloriente.net 13 de marzo de 2014 Dentro del marco de actividades \u201cForos de Consulta Nacional\u00a0para la revisi\u00f3n del Modelo Educativo\u201d, convocado por la Secretar\u00eda de Educaci\u00f3n P\u00fablica (SEP), se llevaron a cabo las mesas de an\u00e1lisis y evaluaci\u00f3n de la actual educaci\u00f3n normal en el pa\u00eds. Como te lo dimos a conocer semanas pasadas, los [&hellip;]<\/p>\n","protected":false},"author":26,"featured_media":22458,"comment_status":"open","ping_status":"open","sticky":false,"template":"","format":"standard","meta":{"_jetpack_memberships_contains_paid_content":false,"footnotes":""},"categories":[3,18,32,63,10],"tags":[],"class_list":["post-22456","post","type-post","status-publish","format-standard","has-post-thumbnail","hentry","category-canal-1-tu-aula","category-educacion-y-cultura","category-entradas","category-estados","category-lo-mas-reciente"],"jetpack_featured_media_url":"http:\/\/www.eloriente.net\/home\/wp-content\/uploads\/2014\/03\/consulta-educaci\u00f3n-normal.jpg","jetpack_sharing_enabled":true,"_links":{"self":[{"href":"http:\/\/www.eloriente.net\/home\/wp-json\/wp\/v2\/posts\/22456"}],"collection":[{"href":"http:\/\/www.eloriente.net\/home\/wp-json\/wp\/v2\/posts"}],"about":[{"href":"http:\/\/www.eloriente.net\/home\/wp-json\/wp\/v2\/types\/post"}],"author":[{"embeddable":true,"href":"http:\/\/www.eloriente.net\/home\/wp-json\/wp\/v2\/users\/26"}],"replies":[{"embeddable":true,"href":"http:\/\/www.eloriente.net\/home\/wp-json\/wp\/v2\/comments?post=22456"}],"version-history":[{"count":5,"href":"http:\/\/www.eloriente.net\/home\/wp-json\/wp\/v2\/posts\/22456\/revisions"}],"predecessor-version":[{"id":22461,"href":"http:\/\/www.eloriente.net\/home\/wp-json\/wp\/v2\/posts\/22456\/revisions\/22461"}],"wp:featuredmedia":[{"embeddable":true,"href":"http:\/\/www.eloriente.net\/home\/wp-json\/wp\/v2\/media\/22458"}],"wp:attachment":[{"href":"http:\/\/www.eloriente.net\/home\/wp-json\/wp\/v2\/media?parent=22456"}],"wp:term":[{"taxonomy":"category","embeddable":true,"href":"http:\/\/www.eloriente.net\/home\/wp-json\/wp\/v2\/categories?post=22456"},{"taxonomy":"post_tag","embeddable":true,"href":"http:\/\/www.eloriente.net\/home\/wp-json\/wp\/v2\/tags?post=22456"}],"curies":[{"name":"wp","href":"https:\/\/api.w.org\/{rel}","templated":true}]}}