{"id":22574,"date":"2014-03-16T12:09:52","date_gmt":"2014-03-16T18:09:52","guid":{"rendered":"http:\/\/www.eloriente.net\/home\/?p=22574"},"modified":"2014-03-16T22:56:00","modified_gmt":"2014-03-17T04:56:00","slug":"obama-el-presidente-que-mas-deportaciones-ha-realizado-ramos-entrevista-a-munoz-univision","status":"publish","type":"post","link":"http:\/\/www.eloriente.net\/home\/2014\/03\/16\/obama-el-presidente-que-mas-deportaciones-ha-realizado-ramos-entrevista-a-munoz-univision\/","title":{"rendered":"Obama, el Presidente que m\u00e1s deportaciones ha realizado; Ramos entrevista a Mu\u00f1oz (Univisi\u00f3n)"},"content":{"rendered":"<p>eloriente.net<\/p>\n<p>16 de marzo de 2014<\/p>\n<p>Esta ma\u00f1ana, el periodista Jorge Ramos en su importante programa Al Punto en Univisi\u00f3n entrevist\u00f3 a Cecilia Mu\u00f1oz, asesora de asuntos migratorios del Presidente Obama, quien explica sobre la \u00abrevisi\u00f3n del sistema de deportaciones\u00bb que el mandatario ha ordenado, siendo claro que en su periodo de gobierno se han registrado el mayor n\u00famero de deportaciones. M\u00e1s que cualquier otro presidente.<\/p>\n<p>\u00bfPodr\u00e1 el presidente detener las deportaciones?<br \/>\n&nbsp;<br \/>\n<iframe loading=\"lazy\" src=\"\/\/www.youtube.com\/embed\/IPZMklpB4D0\" frameborder=\"0\" width=\"560\" height=\"315\"><\/iframe><\/p>\n<p>&nbsp;<\/p>\n<p><a href=\"http:\/\/www.eloriente.net\/home\/wp-content\/uploads\/2014\/03\/Captura-de-pantalla-2014-03-16-a-las-10.59.02.png\"><img loading=\"lazy\" decoding=\"async\" class=\"alignnone size-medium wp-image-22577\" title=\"Captura de pantalla 2014-03-16 a la(s) 10.59.02\" src=\"http:\/\/www.eloriente.net\/home\/wp-content\/uploads\/2014\/03\/Captura-de-pantalla-2014-03-16-a-las-10.59.02-300x169.png\" alt=\"\" width=\"300\" height=\"169\" srcset=\"http:\/\/www.eloriente.net\/home\/wp-content\/uploads\/2014\/03\/Captura-de-pantalla-2014-03-16-a-las-10.59.02-300x169.png 300w, http:\/\/www.eloriente.net\/home\/wp-content\/uploads\/2014\/03\/Captura-de-pantalla-2014-03-16-a-las-10.59.02.png 639w\" sizes=\"(max-width: 300px) 100vw, 300px\" \/><\/a><\/p>\n<p>&nbsp;<\/p>\n<p>&nbsp;<\/p>\n<p><strong>Otras entradas:<\/strong><\/p>\n<div id=\"post-19573\">\n<p><a title=\"Permalink to Fallece el entra\u00f1able poeta argentino Juan Gelman\" href=\"http:\/\/www.eloriente.net\/home\/2014\/01\/14\/fallece-el-entranable-poeta-argentino-juan-gelman\/\" rel=\"bookmark\">Fallece el entra\u00f1able poeta argentino Juan Gelman<\/a><\/p>\n<p><a href=\"http:\/\/www.eloriente.net\/home\/2014\/01\/14\/fallece-el-entranable-poeta-argentino-juan-gelman\/\" rel=\"bookmark\"><img decoding=\"async\" title=\"Fallece el entra\u00f1able poeta argentino Juan Gelman\" src=\"http:\/\/www.eloriente.net\/home\/wp-content\/themes\/city-desk\/timthumb.php?src=http%3A%2F%2Fwww.eloriente.net%2Fhome%2Fwp-content%2Fuploads%2F2014%2F01%2Fescritor_Juan_Gelman-N22-eloriente.net_-e1389747763231.jpg&amp;q=90&amp;w=160&amp;h=106&amp;zc=1\" alt=\"Fallece el entra\u00f1able poeta argentino Juan Gelman\" \/><\/a><\/p>\n<p>eloriente.net\/Agencia N22 14 de enero de 2014 CIUDAD DE M\u00c9XICO, M\u00e9xico, (N22).-\u00a0Juan Gelman \u00a0Burichson naci\u00f3 en Buenos Aires, Argentina el 3 de mayo de 1930, fue hijo de emigrantes jud\u00edos ucranianos. Poeta, traductor y periodista colabor\u00f3 en el peri\u00f3dico\u00a0Rojo y negro. Es uno de los fundadores del grupo de poetas \u201cEl pan duro\u201d y es [&#8230;]<\/p>\n<p>January 14, 2014<\/p>\n<\/div>\n<div id=\"post-19351\">\n<p><a title=\"Permalink to Identidades culturales y \u00e9tnicas: reflexiones de inicio de a\u00f1o. Un ensayo de Olga Montes\" href=\"http:\/\/www.eloriente.net\/home\/2014\/01\/08\/identidades-culturales-y-etnicas-reflexiones-de-inicio-de-ano-un-ensayo-de-olga-montes\/\" rel=\"bookmark\">Identidades culturales y \u00e9tnicas: reflexiones de inicio de a\u00f1o. Un ensayo de Olga Montes<\/a><\/p>\n<p><a href=\"http:\/\/www.eloriente.net\/home\/2014\/01\/08\/identidades-culturales-y-etnicas-reflexiones-de-inicio-de-ano-un-ensayo-de-olga-montes\/\" rel=\"bookmark\"><img decoding=\"async\" title=\"Identidades culturales y \u00e9tnicas: reflexiones de inicio de a\u00f1o. Un ensayo de Olga Montes\" src=\"http:\/\/www.eloriente.net\/home\/wp-content\/themes\/city-desk\/timthumb.php?src=http%3A%2F%2Fwww.eloriente.net%2Fhome%2Fwp-content%2Fuploads%2F2014%2F01%2FSubmarino-primera-guerra-Atribuci%C3%B3nCompartir-bajo-la-misma-licencia-Algunos-derechos-reservados-por-Recuerdos-de-Pandora.jpg&amp;q=90&amp;w=160&amp;h=106&amp;zc=1\" alt=\"Identidades culturales y \u00e9tnicas: reflexiones de inicio de a\u00f1o. Un ensayo de Olga Montes\" \/><\/a><\/p>\n<p>eloriente.net 8 de enero de 2014 Por: Dra. Olga Montes Garc\u00eda (IISUABJO) para ELORIENTE.NET El inicio de a\u00f1o me ha llevado a reflexionar sobre un tema muy importante para M\u00e9xico y para el mundo en general. La identidades. Para unos constituyen la fortaleza de un pueblo, de una regi\u00f3n, de un pa\u00eds. Para otros, los [&#8230;]<\/p>\n<p>January 8, 2014<\/p>\n<\/div>\n<p><a title=\"Permalink to Evaluaci\u00f3n del primer a\u00f1o de gobierno de EPN: Consulta Mitofsky\" href=\"http:\/\/www.eloriente.net\/home\/2013\/12\/23\/evaluacion-del-primer-ano-de-gobierno-de-epn-consulta-mitofsky\/\" rel=\"bookmark\">Evaluaci\u00f3n del primer a\u00f1o de gobierno de EPN: Consulta Mitofsky<\/a><\/p>\n<p><a href=\"http:\/\/www.eloriente.net\/home\/2013\/12\/23\/evaluacion-del-primer-ano-de-gobierno-de-epn-consulta-mitofsky\/\" rel=\"bookmark\"><img decoding=\"async\" title=\"Evaluaci\u00f3n del primer a\u00f1o de gobierno de EPN: Consulta Mitofsky\" src=\"http:\/\/www.eloriente.net\/home\/wp-content\/themes\/city-desk\/timthumb.php?src=http%3A%2F%2Fwww.eloriente.net%2Fhome%2Fwp-content%2Fuploads%2F2013%2F12%2FEPN.jpg&amp;q=90&amp;w=160&amp;h=106&amp;zc=1\" alt=\"Evaluaci\u00f3n del primer a\u00f1o de gobierno de EPN: Consulta Mitofsky\" \/><\/a><\/p>\n<p>eloriente.net\/Consulta Mitofsky 23 de diciembre de 2013 Consulta Mitofsky present\u00f3 recientemente los resultados de la evaluaci\u00f3n de la opini\u00f3n p\u00fablica sobre el primer a\u00f1o de gobierno del Presidente de la Rep\u00fablica, Enrique Pe\u00f1a Nieto, al llegar al cuarto trimestre de su gesti\u00f3n, del periodo que comprende septiembre, octubre y noviembre de 2013. Por segundo trimestre [&#8230;]<\/p>\n<p>December 23, 2013<\/p>\n\n\t\t\t  <div \n\t\t\t  \tclass = \"fb-comments\" \n\t\t\t  \tdata-href = \"http:\/\/www.eloriente.net\/home\/2014\/03\/16\/obama-el-presidente-que-mas-deportaciones-ha-realizado-ramos-entrevista-a-munoz-univision\/\"\n\t\t\t  \tdata-numposts = \"10\"\n\t\t\t\tdata-colorscheme = \"dark\"\n\t\t\t\tdata-order-by = \"social\"\n\t\t\t\tdata-mobile=true>\n\t\t\t  <\/div>\n\t\t  <style>\n\t\t\t.fb_iframe_widget_fluid_desktop iframe {\n\t\t\t    width: 100% !important;\n\t\t\t}\n\t\t  <\/style>\n\t\t  ","protected":false},"excerpt":{"rendered":"<p>eloriente.net 16 de marzo de 2014 Esta ma\u00f1ana, el periodista Jorge Ramos en su importante programa Al Punto en Univisi\u00f3n entrevist\u00f3 a Cecilia Mu\u00f1oz, asesora de asuntos migratorios del Presidente Obama, quien explica sobre la \u00abrevisi\u00f3n del sistema de deportaciones\u00bb que el mandatario ha ordenado, siendo claro que en su periodo de gobierno se han [&hellip;]<\/p>\n","protected":false},"author":1,"featured_media":22577,"comment_status":"open","ping_status":"open","sticky":false,"template":"","format":"standard","meta":{"_jetpack_memberships_contains_paid_content":false,"footnotes":""},"categories":[6,22,32,10,24],"tags":[],"class_list":["post-22574","post","type-post","status-publish","format-standard","has-post-thumbnail","hentry","category-canal-4-especiales","category-derechos-humanos","category-entradas","category-lo-mas-reciente","category-mexico-y-el-mundo"],"jetpack_featured_media_url":"http:\/\/www.eloriente.net\/home\/wp-content\/uploads\/2014\/03\/Captura-de-pantalla-2014-03-16-a-las-10.59.02.png","jetpack_sharing_enabled":true,"_links":{"self":[{"href":"http:\/\/www.eloriente.net\/home\/wp-json\/wp\/v2\/posts\/22574"}],"collection":[{"href":"http:\/\/www.eloriente.net\/home\/wp-json\/wp\/v2\/posts"}],"about":[{"href":"http:\/\/www.eloriente.net\/home\/wp-json\/wp\/v2\/types\/post"}],"author":[{"embeddable":true,"href":"http:\/\/www.eloriente.net\/home\/wp-json\/wp\/v2\/users\/1"}],"replies":[{"embeddable":true,"href":"http:\/\/www.eloriente.net\/home\/wp-json\/wp\/v2\/comments?post=22574"}],"version-history":[{"count":4,"href":"http:\/\/www.eloriente.net\/home\/wp-json\/wp\/v2\/posts\/22574\/revisions"}],"predecessor-version":[{"id":22579,"href":"http:\/\/www.eloriente.net\/home\/wp-json\/wp\/v2\/posts\/22574\/revisions\/22579"}],"wp:featuredmedia":[{"embeddable":true,"href":"http:\/\/www.eloriente.net\/home\/wp-json\/wp\/v2\/media\/22577"}],"wp:attachment":[{"href":"http:\/\/www.eloriente.net\/home\/wp-json\/wp\/v2\/media?parent=22574"}],"wp:term":[{"taxonomy":"category","embeddable":true,"href":"http:\/\/www.eloriente.net\/home\/wp-json\/wp\/v2\/categories?post=22574"},{"taxonomy":"post_tag","embeddable":true,"href":"http:\/\/www.eloriente.net\/home\/wp-json\/wp\/v2\/tags?post=22574"}],"curies":[{"name":"wp","href":"https:\/\/api.w.org\/{rel}","templated":true}]}}