{"id":22847,"date":"2014-03-19T15:43:00","date_gmt":"2014-03-19T21:43:00","guid":{"rendered":"http:\/\/www.eloriente.net\/home\/?p=22847"},"modified":"2014-03-19T15:51:07","modified_gmt":"2014-03-19T21:51:07","slug":"jueves-20mar14-1800-presentacion-del-libro-un-plan-comun-para-un-bien-comun","status":"publish","type":"post","link":"http:\/\/www.eloriente.net\/home\/2014\/03\/19\/jueves-20mar14-1800-presentacion-del-libro-un-plan-comun-para-un-bien-comun\/","title":{"rendered":"Jueves 20\/Mar\/14 18:00 Presentaci\u00f3n del libro &#8216;Un plan com\u00fan para un bien com\u00fan&#8217;"},"content":{"rendered":"<p>eloriente.net<\/p>\n<p>19 de marzo de 2014<\/p>\n<p>El Instituto de la Naturaleza y la Sociedad de Oaxaca, A.C. invita a la ciudadan\u00eda oaxaque\u00f1a a la presentaci\u00f3n p\u00fablica del libro de su autor\u00eda &#8216;Un plan com\u00fan para un bien com\u00fan&#8217;, como parte del reporte de resultados del proyecto del mismo nombre.<\/p>\n<p>&#8216;Un plan com\u00fan para un bien com\u00fan&#8217; fue un\u00a0trabajo de investigaci\u00f3n, consulta y gesti\u00f3n, que propuso una estrategia concertada en pro del agua en la cuenca del R\u00edo Verde-Atoyac, en coordinaci\u00f3n con el Foro Oaxaque\u00f1o del Agua (FOA) y la sede Oaxaca del Fondo Mundial para la Vida Silvestre (WWF).<\/p>\n<p>Como parte del proyecto, las organizaciones antes mencionadas realizaron investigaciones ecol\u00f3gicas y sociales, con la finalidad de fundamentar\u00a0las pol\u00edticas, la planeaci\u00f3n y las acciones concretas en la<br \/>\nregi\u00f3n; y articularon la aplicaci\u00f3n de fondos p\u00fablicos, privados y sociales.<\/p>\n<p>Tambi\u00e9n, propusieron opciones de abasto, uso y limpieza del agua en la\u00a0cuenca; aportaron insumos para el Plan de Ordenamiento de la Zona\u00a0Conurbada de Oaxaca; fortalecieron los procesos de concertaci\u00f3n y gesti\u00f3n en la cuenca; e impulsaron un proceso de comunicaci\u00f3n en busca de la\u00a0participaci\u00f3n ciudadana.<\/p>\n<p>La presentaci\u00f3n del libro se llevar\u00e1 a cabo el d\u00eda jueves 20 de marzo de 2014 a las 18:00 horas, en el claustro del Centro Cultural San Pablo, ubicado en Hidalgo 907, Centro Hist\u00f3rico \u00a1no faltes!<\/p>\n<p>&nbsp;<\/p>\n<p><a href=\"http:\/\/www.eloriente.net\/home\/wp-content\/uploads\/2014\/03\/R\u00edo-Por-Foro-Oaxaque\u00f1o-del-Agua.jpg\"><img loading=\"lazy\" decoding=\"async\" class=\"alignnone size-medium wp-image-22848\" title=\"R\u00edo-Por Foro Oaxaque\u00f1o del Agua\" src=\"http:\/\/www.eloriente.net\/home\/wp-content\/uploads\/2014\/03\/R\u00edo-Por-Foro-Oaxaque\u00f1o-del-Agua-300x178.jpg\" alt=\"\" width=\"300\" height=\"178\" srcset=\"http:\/\/www.eloriente.net\/home\/wp-content\/uploads\/2014\/03\/R\u00edo-Por-Foro-Oaxaque\u00f1o-del-Agua-300x178.jpg 300w, http:\/\/www.eloriente.net\/home\/wp-content\/uploads\/2014\/03\/R\u00edo-Por-Foro-Oaxaque\u00f1o-del-Agua.jpg 470w\" sizes=\"(max-width: 300px) 100vw, 300px\" \/><\/a><\/p>\n<p>Foto: Foro Oaxaque\u00f1o del Agua<\/p>\n<p>&nbsp;<\/p>\n<p><strong>Entradas relacionadas:<\/strong><\/p>\n<p><a title=\"Permalink to 100 millones de personas est\u00e1n expuestas a contaminaci\u00f3n del aire en Latinoam\u00e9rica\" href=\"http:\/\/www.eloriente.net\/home\/2014\/03\/17\/100-millones-de-personas-estan-expuestas-a-contaminacion-atmosferica-en-america-latina\/\" rel=\"bookmark\">100 millones de personas est\u00e1n expuestas a contaminaci\u00f3n del aire en Latinoam\u00e9rica<\/a><\/p>\n<p><a href=\"http:\/\/www.eloriente.net\/home\/2014\/03\/17\/100-millones-de-personas-estan-expuestas-a-contaminacion-atmosferica-en-america-latina\/\" rel=\"bookmark\"><img decoding=\"async\" title=\"100 millones de personas est\u00e1n expuestas a contaminaci\u00f3n del aire en Latinoam\u00e9rica\" src=\"http:\/\/www.eloriente.net\/home\/wp-content\/themes\/city-desk\/timthumb.php?src=http%3A%2F%2Fwww.eloriente.net%2Fhome%2Fwp-content%2Fuploads%2F2014%2F03%2Fsantiago-principal.jpg&amp;q=90&amp;w=160&amp;h=106&amp;zc=1\" alt=\"100 millones de personas est\u00e1n expuestas a contaminaci\u00f3n del aire en Latinoam\u00e9rica\" \/><\/a><\/p>\n<p>eloriente.net 17 de marzo de 2014 \u201cLa contaminaci\u00f3n atmosf\u00e9rica es una seria amenaza para la salud p\u00fablica, el bienestar humano y la integridad de los ecosistemas\u201d, declar\u00f3 el Programa de las Naciones Unidas para el Medio Ambiente, a trav\u00e9s de su Oficina Regional para Am\u00e9rica Latina y el Caribe, en su documento \u201cPropuesta de Plan [&#8230;]<\/p>\n<p>March 17, 2014<\/p>\n<p><a title=\"Permalink to Mercados globales en miras hacia la sostenibilidad: 2degrees\" href=\"http:\/\/www.eloriente.net\/home\/2014\/02\/17\/mercados-globales-en-miras-hacia-la-sostenibilidad-2degrees\/\" rel=\"bookmark\">Mercados globales en miras hacia la sostenibilidad: 2degrees<\/a><\/p>\n<p><a href=\"http:\/\/www.eloriente.net\/home\/2014\/02\/17\/mercados-globales-en-miras-hacia-la-sostenibilidad-2degrees\/\" rel=\"bookmark\"><img decoding=\"async\" title=\"Mercados globales en miras hacia la sostenibilidad: 2degrees\" src=\"http:\/\/www.eloriente.net\/home\/wp-content\/themes\/city-desk\/timthumb.php?src=http%3A%2F%2Fwww.eloriente.net%2Fhome%2Fwp-content%2Fuploads%2F2014%2F02%2Farboles.jpg&amp;q=90&amp;w=160&amp;h=106&amp;zc=1\" alt=\"Mercados globales en miras hacia la sostenibilidad: 2degrees\" \/><\/a><\/p>\n<p>eloriente.net 17 de febrero de 2014 La comunidad internacional especializada en negocios sustentables, 2degrees, dio a conocer recientemente que las nuevas tendencias del comportamiento del consumidor en los mercados globales est\u00e1n tomando cada vez m\u00e1s conciencia de la importancia de\u00a0sostenibilidad en los productos y servicios. 2degrees asever\u00f3 que los consumidores se encuentran en una constante [&#8230;]<\/p>\n<p>February 17, 2014<\/p>\n<p><a title=\"Permalink to Huatulco obtiene certificaciones Earth Check y Blue Flag\" href=\"http:\/\/www.eloriente.net\/home\/2013\/12\/13\/huatulco-obtiene-certificaciones-earth-check-y-blue-flag\/\" rel=\"bookmark\">Huatulco obtiene certificaciones Earth Check y Blue Flag<\/a><\/p>\n<p><a href=\"http:\/\/www.eloriente.net\/home\/2013\/12\/13\/huatulco-obtiene-certificaciones-earth-check-y-blue-flag\/\" rel=\"bookmark\"><img decoding=\"async\" title=\"Huatulco obtiene certificaciones Earth Check y Blue Flag\" src=\"http:\/\/www.eloriente.net\/home\/wp-content\/themes\/city-desk\/timthumb.php?src=http%3A%2F%2Fwww.eloriente.net%2Fhome%2Fwp-content%2Fuploads%2F2013%2F12%2FHuatulco.jpg&amp;q=90&amp;w=160&amp;h=106&amp;zc=1\" alt=\"Huatulco obtiene certificaciones Earth Check y Blue Flag\" \/><\/a><\/p>\n<p>eloriente.net 13 de diciembre de 2013 Por su compromiso ecol\u00f3gico y sustentable, Huatulco fue reconocida con las certificaciones Earth Check y Blue Flag, debido a las acciones que se han llevado a cabo en beneficio del municipio y la industria tur\u00edstica de la regi\u00f3n. Por parte de la Organizaci\u00f3n EarthCheck, Huatulco recibi\u00f3 el certificado \u201cOro\u201d. [&#8230;]<\/p>\n\n\t\t\t  <div \n\t\t\t  \tclass = \"fb-comments\" \n\t\t\t  \tdata-href = \"http:\/\/www.eloriente.net\/home\/2014\/03\/19\/jueves-20mar14-1800-presentacion-del-libro-un-plan-comun-para-un-bien-comun\/\"\n\t\t\t  \tdata-numposts = \"10\"\n\t\t\t\tdata-colorscheme = \"dark\"\n\t\t\t\tdata-order-by = \"social\"\n\t\t\t\tdata-mobile=true>\n\t\t\t  <\/div>\n\t\t  <style>\n\t\t\t.fb_iframe_widget_fluid_desktop iframe {\n\t\t\t    width: 100% !important;\n\t\t\t}\n\t\t  <\/style>\n\t\t  ","protected":false},"excerpt":{"rendered":"<p>eloriente.net 19 de marzo de 2014 El Instituto de la Naturaleza y la Sociedad de Oaxaca, A.C. invita a la ciudadan\u00eda oaxaque\u00f1a a la presentaci\u00f3n p\u00fablica del libro de su autor\u00eda &#8216;Un plan com\u00fan para un bien com\u00fan&#8217;, como parte del reporte de resultados del proyecto del mismo nombre. &#8216;Un plan com\u00fan para un bien [&hellip;]<\/p>\n","protected":false},"author":26,"featured_media":22848,"comment_status":"open","ping_status":"open","sticky":false,"template":"","format":"standard","meta":{"_jetpack_memberships_contains_paid_content":false,"footnotes":""},"categories":[8,32,20],"tags":[647,650,651,231,652,648,649],"class_list":["post-22847","post","type-post","status-publish","format-standard","has-post-thumbnail","hentry","category-agenda","category-entradas","category-medio-ambiente","tag-agua","tag-atoyac","tag-libro","tag-politica","tag-presentacion","tag-rio","tag-verde"],"jetpack_featured_media_url":"http:\/\/www.eloriente.net\/home\/wp-content\/uploads\/2014\/03\/R\u00edo-Por-Foro-Oaxaque\u00f1o-del-Agua.jpg","jetpack_sharing_enabled":true,"_links":{"self":[{"href":"http:\/\/www.eloriente.net\/home\/wp-json\/wp\/v2\/posts\/22847"}],"collection":[{"href":"http:\/\/www.eloriente.net\/home\/wp-json\/wp\/v2\/posts"}],"about":[{"href":"http:\/\/www.eloriente.net\/home\/wp-json\/wp\/v2\/types\/post"}],"author":[{"embeddable":true,"href":"http:\/\/www.eloriente.net\/home\/wp-json\/wp\/v2\/users\/26"}],"replies":[{"embeddable":true,"href":"http:\/\/www.eloriente.net\/home\/wp-json\/wp\/v2\/comments?post=22847"}],"version-history":[{"count":7,"href":"http:\/\/www.eloriente.net\/home\/wp-json\/wp\/v2\/posts\/22847\/revisions"}],"predecessor-version":[{"id":22855,"href":"http:\/\/www.eloriente.net\/home\/wp-json\/wp\/v2\/posts\/22847\/revisions\/22855"}],"wp:featuredmedia":[{"embeddable":true,"href":"http:\/\/www.eloriente.net\/home\/wp-json\/wp\/v2\/media\/22848"}],"wp:attachment":[{"href":"http:\/\/www.eloriente.net\/home\/wp-json\/wp\/v2\/media?parent=22847"}],"wp:term":[{"taxonomy":"category","embeddable":true,"href":"http:\/\/www.eloriente.net\/home\/wp-json\/wp\/v2\/categories?post=22847"},{"taxonomy":"post_tag","embeddable":true,"href":"http:\/\/www.eloriente.net\/home\/wp-json\/wp\/v2\/tags?post=22847"}],"curies":[{"name":"wp","href":"https:\/\/api.w.org\/{rel}","templated":true}]}}