{"id":22857,"date":"2014-03-19T19:17:31","date_gmt":"2014-03-20T01:17:31","guid":{"rendered":"http:\/\/www.eloriente.net\/home\/?p=22857"},"modified":"2014-03-19T19:17:31","modified_gmt":"2014-03-20T01:17:31","slug":"escucha-a-karla-cadena-fidel-torres-y-anuar-jarquin-en-todo-oaxaca-radio-18mar14","status":"publish","type":"post","link":"http:\/\/www.eloriente.net\/home\/2014\/03\/19\/escucha-a-karla-cadena-fidel-torres-y-anuar-jarquin-en-todo-oaxaca-radio-18mar14\/","title":{"rendered":"Escucha a Karla Cadena, Fidel Torres y Anuar Jarqu\u00edn en Todo Oaxaca Radio 18\/Mar\/14"},"content":{"rendered":"<p>todooaxacaradio.com<\/p>\n<p>19 de marzo de 2014<\/p>\n<p>Como cada martes, en punto de las 17:00 horas se transmiti\u00f3 el programa Todo Oaxaca Radio completamente en vivo desde la Ciudad de Oaxaca de Ju\u00e1rez, a trav\u00e9s de las frecuencias abiertas 570 AM, 94.9 FM y para todo el mundo a trav\u00e9s de www.todooaxacaradio.com.<\/p>\n<p>El programa es conducido por Rub\u00e9n Vasconcelos Beltr\u00e1n, cronista de la Ciudad de Oaxaca, as\u00ed como Guadalupe Zarza Brise\u00f1o, reconocida empresaria y representante de la sociedad civil.<\/p>\n<p><strong>Nuestros temas e invitados del 18 de marzo de 2014<\/strong><\/p>\n<p>En esta segunda emisi\u00f3n de marzo de 2014, charlamos con diferentes personalidades para abordar temas de inter\u00e9s de car\u00e1cter educativo y cultural que conciernen a nuestra entidad oaxaque\u00f1a \u00bfquieres saber m\u00e1s? Escucha el programa dando click en el reproductor localizado al final de la redacci\u00f3n.<\/p>\n<p><strong>Minuto 1\u201934\u2019<strong>\u2019<\/strong><\/strong><\/p>\n<p>Karla Cadena P\u00e9rez, Relaciones P\u00fablicas del Oaxaca Film Fest.<\/p>\n<p><em>\u00abEl Oaxaca Film Fest este a\u00f1o va a celebrar su 5\u00aa edici\u00f3n, del 4 al 11 de octubre de 2014\u00bb<\/em><\/p>\n<p><em>\u00abEn cuatro a\u00f1os hemos logrado posicionarnos como uno de los 25 festivales mejores del mundo\u00bb<\/em><\/p>\n<p><em>\u00abRecibimos proyectos de todo el mundo, en ediciones anteriores hemos recibido material de hasta 80 pa\u00edses\u00bb<\/em><\/p>\n<p><em>\u00abUn jurado calificador selecciona y delibera los mejores cortometrajes, animaciones, documentales, etc\u00e9tera\u00bb<\/em><\/p>\n<p><em>\u00abParalelamente ofrecemos cursos y talleres sobre temas cinematogr\u00e1ficos\u00bb<\/em><\/p>\n<p><a href=\"http:\/\/www.eloriente.net\/home\/wp-content\/uploads\/2014\/03\/Karla-Cadena.jpg\"><img loading=\"lazy\" decoding=\"async\" class=\"aligncenter size-medium wp-image-22859\" title=\"Karla-Cadena\" src=\"http:\/\/www.eloriente.net\/home\/wp-content\/uploads\/2014\/03\/Karla-Cadena-300x203.jpg\" alt=\"\" width=\"300\" height=\"203\" srcset=\"http:\/\/www.eloriente.net\/home\/wp-content\/uploads\/2014\/03\/Karla-Cadena-300x203.jpg 300w, http:\/\/www.eloriente.net\/home\/wp-content\/uploads\/2014\/03\/Karla-Cadena-1024x693.jpg 1024w\" sizes=\"(max-width: 300px) 100vw, 300px\" \/><\/a><\/p>\n<p><strong>Minuto 17\u201940\u2019<strong>\u2019<\/strong><\/strong><\/p>\n<p>Fidel Torres Gonz\u00e1lez, Director de la Escuela de Bellas Artes de la Universidad Aut\u00f3noma Benito Ju\u00e1rez de Oaxaca.<\/p>\n<p><em>\u00abSe est\u00e1 promoviendo una aspiraci\u00f3n de muchos a\u00f1os, la licenciatura en M\u00fasica en la UABJO\u00bb<\/em><\/p>\n<p><em>\u00abSe requieren de tres a\u00f1os de estudios previos de m\u00fasica para ingresar a la licenciatura\u00bb<\/em><\/p>\n<p><em>\u00abEsta carrera permitir\u00e1\u00a0formar m\u00fasicos profesionales en la entidad\u00bb<\/em><\/p>\n<p><em>\u00abSe iniciaron ya los cursos de inducci\u00f3n para la licenciatura, con clases de solfeo y cursos de algunos instrumentos\u00bb<\/em><\/p>\n<p><em>\u00abLos interesados en estudiar m\u00fasica ya no se ver\u00e1n en la necesidad de migrar a otros estados\u00bb<\/em><\/p>\n<p style=\"text-align: center;\"><a href=\"http:\/\/www.eloriente.net\/home\/wp-content\/uploads\/2014\/03\/Fidel-Torres.jpg\"><img loading=\"lazy\" decoding=\"async\" class=\"aligncenter\" style=\"-webkit-user-select: none; cursor: -webkit-zoom-in;\" src=\"http:\/\/www.eloriente.net\/home\/wp-content\/uploads\/2014\/03\/Fidel-Torres.jpg\" alt=\"\" width=\"289\" height=\"199\" \/><\/a><\/p>\n<p><strong>Minuto 21\u201930\u2019<strong>\u2019<\/strong><\/strong><\/p>\n<p>Anuar Jarqu\u00edn Arag\u00f3n, miembro del comit\u00e9 organizador del 1\u00ba Festival Vallista.<\/p>\n<p><em>\u00abEl s\u00e1bado 22 de marzo, 15 horas, en el Atrio del Barrio de San Jos\u00e9 Villa de Zaachila, se realizar\u00e1 el Primer Festival Vallista<\/em><em>\u00ab<\/em><\/p>\n<p><em>\u00abParticipar\u00e1n diez diferentes delegaciones de los Valles Centrales con presentaciones de m\u00fasica y baile\u00bb<\/em><\/p>\n<p><em>\u00ab<em>A las 5:30 pm habr\u00e1 una Guelaguetza y<\/em>\u00a0una muestra gastron\u00f3mica con una gran variedad de platillos\u00bb<\/em><\/p>\n<p><em>\u00abTendremos como regi\u00f3n invitada a la Costa, vienen cinco poblaciones\u00bb<\/em><\/p>\n<p><em>\u00abEs la primera vez que se hace un festival de esta naturaleza en los Valles Centrales\u00bb<\/em><\/p>\n<p style=\"text-align: center;\"><a href=\"http:\/\/www.eloriente.net\/home\/wp-content\/uploads\/2014\/03\/Anuar-Jarqu%C3%ADn.jpg\"><img loading=\"lazy\" decoding=\"async\" class=\"aligncenter\" style=\"-webkit-user-select: none; cursor: -webkit-zoom-in;\" src=\"http:\/\/www.eloriente.net\/home\/wp-content\/uploads\/2014\/03\/Anuar-Jarqu%C3%ADn.jpg\" alt=\"\" width=\"297\" height=\"219\" \/><\/a><\/p>\n<p>&nbsp;<\/p>\n<p><iframe loading=\"lazy\" src=\"http:\/\/www.ivoox.com\/player_ek_2939453_1.html\" frameborder=\"0\" scrolling=\"no\" width=\"238\" height=\"48\"><\/iframe><\/p>\n<p>&nbsp;<\/p>\n<p><strong>Entradas relacionadas:<\/strong><\/p>\n<p><a title=\"Permalink to Escucha a Sergio R\u00edos, Ver\u00f3nica Quevedo y Yuri Rold\u00e1n en Todo Oaxaca Radio 11\/Mar\/14\" href=\"http:\/\/www.eloriente.net\/home\/2014\/03\/12\/escucha-a-sergio-rios-veronica-quevedo-y-yuri-roldan-en-todo-oaxaca-radio-11mar14\/\" rel=\"bookmark\">Escucha a Sergio R\u00edos, Ver\u00f3nica Quevedo y Yuri Rold\u00e1n en Todo Oaxaca Radio 11\/Mar\/14<\/a><\/p>\n<p><a href=\"http:\/\/www.eloriente.net\/home\/2014\/03\/12\/escucha-a-sergio-rios-veronica-quevedo-y-yuri-roldan-en-todo-oaxaca-radio-11mar14\/\" rel=\"bookmark\"><img decoding=\"async\" title=\"Escucha a Sergio R\u00edos, Ver\u00f3nica Quevedo y Yuri Rold\u00e1n en Todo Oaxaca Radio 11\/Mar\/14\" src=\"http:\/\/www.eloriente.net\/home\/wp-content\/themes\/city-desk\/timthumb.php?src=http%3A%2F%2Fwww.eloriente.net%2Fhome%2Fwp-content%2Fuploads%2F2014%2F03%2FVer%C3%B3nica-Quevedo.jpg&amp;q=90&amp;w=160&amp;h=106&amp;zc=1\" alt=\"Escucha a Sergio R\u00edos, Ver\u00f3nica Quevedo y Yuri Rold\u00e1n en Todo Oaxaca Radio 11\/Mar\/14\" \/><\/a><\/p>\n<p>todooaxacaradio.com 12 de marzo de 2014 Como cada martes, en punto de las 17:00 horas se transmiti\u00f3 el programa Todo Oaxaca Radio completamente en vivo desde la Ciudad de Oaxaca de Ju\u00e1rez, a trav\u00e9s de las frecuencias abiertas 570 AM, 94.9 FM y para todo el mundo a trav\u00e9s de www.todooaxacaradio.com. El programa es conducido [&#8230;]<\/p>\n<p>March 12, 2014<\/p>\n<div id=\"post-22118\">\n<p><a title=\"Permalink to Escucha a Jorge Guerrero, Jessica Arag\u00f3n y V\u00edctor Cruz en Todo Oaxaca Radio 4\/Mar\/14\" href=\"http:\/\/www.eloriente.net\/home\/2014\/03\/05\/escucha-a-jorge-guerrero-jessica-aragon-y-victor-cruz-en-todo-oaxaca-radio-4mar14\/\" rel=\"bookmark\">Escucha a Jorge Guerrero, Jessica Arag\u00f3n y V\u00edctor Cruz en Todo Oaxaca Radio 4\/Mar\/14<\/a><\/p>\n<p><a href=\"http:\/\/www.eloriente.net\/home\/2014\/03\/05\/escucha-a-jorge-guerrero-jessica-aragon-y-victor-cruz-en-todo-oaxaca-radio-4mar14\/\" rel=\"bookmark\"><img decoding=\"async\" title=\"Escucha a Jorge Guerrero, Jessica Arag\u00f3n y V\u00edctor Cruz en Todo Oaxaca Radio 4\/Mar\/14\" src=\"http:\/\/www.eloriente.net\/home\/wp-content\/themes\/city-desk\/timthumb.php?src=http%3A%2F%2Fwww.eloriente.net%2Fhome%2Fwp-content%2Fuploads%2F2014%2F03%2FJorge-Guerrero.jpg&amp;q=90&amp;w=160&amp;h=106&amp;zc=1\" alt=\"Escucha a Jorge Guerrero, Jessica Arag\u00f3n y V\u00edctor Cruz en Todo Oaxaca Radio 4\/Mar\/14\" \/><\/a><\/p>\n<p>todooaxacaradio.com 5 de marzo de 2014 Como cada martes, en punto de las 17:00 horas se transmiti\u00f3 el programa Todo Oaxaca Radio completamente en vivo desde la Ciudad de Oaxaca de Ju\u00e1rez, a trav\u00e9s de las frecuencias abiertas 570 AM, 94.9 FM y para todo el mundo a trav\u00e9s de www.todooaxacaradio.com. El programa es conducido [&#8230;]<\/p>\n<p>March 5, 2014<\/p>\n<\/div>\n<div id=\"post-21674\">\n<p><a title=\"Permalink to F\u00e9lix Caballero, Carlos Sp\u00edndola y Jaime Castellanos en Todo Oaxaca Radio 25\/Feb\/14\" href=\"http:\/\/www.eloriente.net\/home\/2014\/02\/26\/felix-caballero-carlos-spindola-y-jaime-castellanos-en-todo-oaxaca-radio-25feb14\/\" rel=\"bookmark\">F\u00e9lix Caballero, Carlos Sp\u00edndola y Jaime Castellanos en Todo Oaxaca Radio 25\/Feb\/14<\/a><\/p>\n<p><a href=\"http:\/\/www.eloriente.net\/home\/2014\/02\/26\/felix-caballero-carlos-spindola-y-jaime-castellanos-en-todo-oaxaca-radio-25feb14\/\" rel=\"bookmark\"><img decoding=\"async\" title=\"F\u00e9lix Caballero, Carlos Sp\u00edndola y Jaime Castellanos en Todo Oaxaca Radio 25\/Feb\/14\" src=\"http:\/\/www.eloriente.net\/home\/wp-content\/themes\/city-desk\/timthumb.php?src=http%3A%2F%2Fwww.eloriente.net%2Fhome%2Fwp-content%2Fuploads%2F2014%2F02%2FF%C3%A9lix.jpg&amp;q=90&amp;w=160&amp;h=106&amp;zc=1\" alt=\"F\u00e9lix Caballero, Carlos Sp\u00edndola y Jaime Castellanos en Todo Oaxaca Radio 25\/Feb\/14\" \/><\/a><\/p>\n<p>todooaxacaradio.com 25 de febrero de 2014 Como cada martes, en punto de las 17:00 horas se transmiti\u00f3 el programa Todo Oaxaca Radio completamente en vivo desde la Ciudad de Oaxaca de Ju\u00e1rez, a trav\u00e9s de las frecuencias abiertas 570 AM, 94.9 FM y para todo el mundo a trav\u00e9s de www.todooaxacaradio.com. El programa es conducido [&#8230;]<\/p>\n<p>February 26, 2014<\/p>\n<\/div>\n\n\t\t\t  <div \n\t\t\t  \tclass = \"fb-comments\" \n\t\t\t  \tdata-href = \"http:\/\/www.eloriente.net\/home\/2014\/03\/19\/escucha-a-karla-cadena-fidel-torres-y-anuar-jarquin-en-todo-oaxaca-radio-18mar14\/\"\n\t\t\t  \tdata-numposts = \"10\"\n\t\t\t\tdata-colorscheme = \"dark\"\n\t\t\t\tdata-order-by = \"social\"\n\t\t\t\tdata-mobile=true>\n\t\t\t  <\/div>\n\t\t  <style>\n\t\t\t.fb_iframe_widget_fluid_desktop iframe {\n\t\t\t    width: 100% !important;\n\t\t\t}\n\t\t  <\/style>\n\t\t  ","protected":false},"excerpt":{"rendered":"<p>todooaxacaradio.com 19 de marzo de 2014 Como cada martes, en punto de las 17:00 horas se transmiti\u00f3 el programa Todo Oaxaca Radio completamente en vivo desde la Ciudad de Oaxaca de Ju\u00e1rez, a trav\u00e9s de las frecuencias abiertas 570 AM, 94.9 FM y para todo el mundo a trav\u00e9s de www.todooaxacaradio.com. El programa es conducido [&hellip;]<\/p>\n","protected":false},"author":26,"featured_media":22859,"comment_status":"open","ping_status":"open","sticky":false,"template":"","format":"standard","meta":{"_jetpack_memberships_contains_paid_content":false,"footnotes":""},"categories":[32,12],"tags":[4076,241,149,73,330,415,653],"class_list":["post-22857","post","type-post","status-publish","format-standard","has-post-thumbnail","hentry","category-entradas","category-todo-oaxaca-radio","tag-cine","tag-cultura","tag-musica","tag-oaxaca","tag-radio","tag-todo","tag-zaachila"],"jetpack_featured_media_url":"http:\/\/www.eloriente.net\/home\/wp-content\/uploads\/2014\/03\/Karla-Cadena.jpg","jetpack_sharing_enabled":true,"_links":{"self":[{"href":"http:\/\/www.eloriente.net\/home\/wp-json\/wp\/v2\/posts\/22857"}],"collection":[{"href":"http:\/\/www.eloriente.net\/home\/wp-json\/wp\/v2\/posts"}],"about":[{"href":"http:\/\/www.eloriente.net\/home\/wp-json\/wp\/v2\/types\/post"}],"author":[{"embeddable":true,"href":"http:\/\/www.eloriente.net\/home\/wp-json\/wp\/v2\/users\/26"}],"replies":[{"embeddable":true,"href":"http:\/\/www.eloriente.net\/home\/wp-json\/wp\/v2\/comments?post=22857"}],"version-history":[{"count":5,"href":"http:\/\/www.eloriente.net\/home\/wp-json\/wp\/v2\/posts\/22857\/revisions"}],"predecessor-version":[{"id":22865,"href":"http:\/\/www.eloriente.net\/home\/wp-json\/wp\/v2\/posts\/22857\/revisions\/22865"}],"wp:featuredmedia":[{"embeddable":true,"href":"http:\/\/www.eloriente.net\/home\/wp-json\/wp\/v2\/media\/22859"}],"wp:attachment":[{"href":"http:\/\/www.eloriente.net\/home\/wp-json\/wp\/v2\/media?parent=22857"}],"wp:term":[{"taxonomy":"category","embeddable":true,"href":"http:\/\/www.eloriente.net\/home\/wp-json\/wp\/v2\/categories?post=22857"},{"taxonomy":"post_tag","embeddable":true,"href":"http:\/\/www.eloriente.net\/home\/wp-json\/wp\/v2\/tags?post=22857"}],"curies":[{"name":"wp","href":"https:\/\/api.w.org\/{rel}","templated":true}]}}