{"id":22873,"date":"2014-03-20T09:54:50","date_gmt":"2014-03-20T15:54:50","guid":{"rendered":"http:\/\/www.eloriente.net\/home\/?p=22873"},"modified":"2014-03-21T09:28:12","modified_gmt":"2014-03-21T15:28:12","slug":"20-21mar14-en-vivo-ife-23-anos-de-historia-democratica-desde-df","status":"publish","type":"post","link":"http:\/\/www.eloriente.net\/home\/2014\/03\/20\/20-21mar14-en-vivo-ife-23-anos-de-historia-democratica-desde-df\/","title":{"rendered":"20-21\/Mar\/14 En Vivo: IFE, 23 a\u00f1os de historia democr\u00e1tica desde DF"},"content":{"rendered":"<p>eloriente.net\/IFE M\u00e9xico<\/p>\n<p>20 de marzo de 2014<\/p>\n<p>Con motivo de su aniversario 23, el Instituto Federal Electoral prepar\u00f3 un programa muy destacado de conferencias y conversaciones sobre el propio Instituto y los desaf\u00edos de la democracia en nuestro tiempo.<\/p>\n<p>Por la importancia de estos temas y porque en ELORIENTE.NET estamos ciertos de que el perfil de nuestros usuarios est\u00e1 particularmente atento a estas tem\u00e1ticas apasionantes para la cosa p\u00fablica, enlazamos la se\u00f1al EN VIVO. Los horarios pueden consultarse en la imagen inferior:<\/p>\n<p>D\u00cdA 21<\/p>\n<p><iframe loading=\"lazy\" width=\"560\" height=\"315\" src=\"\/\/www.youtube.com\/embed\/xonPF5jP7pw\" frameborder=\"0\" allowfullscreen><\/iframe><br \/>\n&nbsp;<br \/>\nD\u00cdA 20<\/p>\n<p><iframe loading=\"lazy\" src=\"\/\/www.youtube.com\/embed\/EeQAnW2jVjw\" frameborder=\"0\" width=\"560\" height=\"315\"><\/iframe><\/p>\n<p>&nbsp;<\/p>\n<p><a href=\"http:\/\/www.eloriente.net\/home\/wp-content\/uploads\/2014\/03\/programa-IFE-23-a\u00f1os-eloriente.net_.jpg\"><img loading=\"lazy\" decoding=\"async\" class=\"alignnone size-medium wp-image-22874\" title=\"programa IFE 23 a\u00f1os eloriente.net\" src=\"http:\/\/www.eloriente.net\/home\/wp-content\/uploads\/2014\/03\/programa-IFE-23-a\u00f1os-eloriente.net_-300x231.jpg\" alt=\"\" width=\"300\" height=\"231\" srcset=\"http:\/\/www.eloriente.net\/home\/wp-content\/uploads\/2014\/03\/programa-IFE-23-a\u00f1os-eloriente.net_-300x231.jpg 300w, http:\/\/www.eloriente.net\/home\/wp-content\/uploads\/2014\/03\/programa-IFE-23-a\u00f1os-eloriente.net_.jpg 600w\" sizes=\"(max-width: 300px) 100vw, 300px\" \/><\/a><\/p>\n<p>&nbsp;<\/p>\n<p>&nbsp;<\/p>\n<p><a href=\"http:\/\/www.eloriente.net\/home\/wp-content\/uploads\/2014\/03\/MichelangeloBovero-cddiputados.gob_.mx_.jpg\"><img loading=\"lazy\" decoding=\"async\" class=\"alignnone size-medium wp-image-22875\" title=\"MichelangeloBovero cddiputados.gob.mx\" src=\"http:\/\/www.eloriente.net\/home\/wp-content\/uploads\/2014\/03\/MichelangeloBovero-cddiputados.gob_.mx_-300x195.jpg\" alt=\"\" width=\"300\" height=\"195\" srcset=\"http:\/\/www.eloriente.net\/home\/wp-content\/uploads\/2014\/03\/MichelangeloBovero-cddiputados.gob_.mx_-300x195.jpg 300w, http:\/\/www.eloriente.net\/home\/wp-content\/uploads\/2014\/03\/MichelangeloBovero-cddiputados.gob_.mx_.jpg 850w\" sizes=\"(max-width: 300px) 100vw, 300px\" \/><\/a><\/p>\n<p>Foto: Michelangelo Bovero cddiputados.gob.mx<\/p>\n<p>&nbsp;<\/p>\n<p><strong>Otras Entradas:<\/strong><\/p>\n<p><a title=\"Permalink to Identidades culturales y \u00e9tnicas: reflexiones de inicio de a\u00f1o. Un ensayo de Olga Montes\" href=\"http:\/\/www.eloriente.net\/home\/2014\/03\/19\/identidades-culturales-y-etnicas-reflexiones-de-inicio-de-ano-un-ensayo-de-olga-montes\/\" rel=\"bookmark\">Identidades culturales y \u00e9tnicas: reflexiones de inicio de a\u00f1o. Un ensayo de Olga Montes<\/a><\/p>\n<p><a href=\"http:\/\/www.eloriente.net\/home\/2014\/03\/19\/identidades-culturales-y-etnicas-reflexiones-de-inicio-de-ano-un-ensayo-de-olga-montes\/\" rel=\"bookmark\"><img decoding=\"async\" title=\"Identidades culturales y \u00e9tnicas: reflexiones de inicio de a\u00f1o. Un ensayo de Olga Montes\" src=\"http:\/\/www.eloriente.net\/home\/wp-content\/themes\/city-desk\/timthumb.php?src=http%3A%2F%2Fwww.eloriente.net%2Fhome%2Fwp-content%2Fuploads%2F2014%2F01%2FSubmarino-primera-guerra-Atribuci%C3%B3nCompartir-bajo-la-misma-licencia-Algunos-derechos-reservados-por-Recuerdos-de-Pandora.jpg&amp;q=90&amp;w=160&amp;h=106&amp;zc=1\" alt=\"Identidades culturales y \u00e9tnicas: reflexiones de inicio de a\u00f1o. Un ensayo de Olga Montes\" \/><\/a><\/p>\n<p>eloriente.net 8 de enero de 2014 Por: Dra. Olga Montes Garc\u00eda (IISUABJO) para ELORIENTE.NET El inicio de a\u00f1o me ha llevado a reflexionar sobre un tema muy importante para M\u00e9xico y para el mundo en general. La identidades. Para unos constituyen la fortaleza de un pueblo, de una regi\u00f3n, de un pa\u00eds. Para otros, los [&#8230;]<\/p>\n<p>March 19, 2014<\/p>\n<div id=\"post-22409\">\n<p><a title=\"Permalink to Mayor participaci\u00f3n de mujeres en planillas municipales: Natividad D\u00edaz\" href=\"http:\/\/www.eloriente.net\/home\/2014\/03\/12\/solicita-diputada-diaz-jimenez-mayor-participacion-de-mujeres-en-planillas-de-concejales\/\" rel=\"bookmark\">Mayor participaci\u00f3n de mujeres en planillas municipales: Natividad D\u00edaz<\/a><\/p>\n<p><a href=\"http:\/\/www.eloriente.net\/home\/2014\/03\/12\/solicita-diputada-diaz-jimenez-mayor-participacion-de-mujeres-en-planillas-de-concejales\/\" rel=\"bookmark\"><img decoding=\"async\" title=\"Mayor participaci\u00f3n de mujeres en planillas municipales: Natividad D\u00edaz\" src=\"http:\/\/www.eloriente.net\/home\/wp-content\/themes\/city-desk\/timthumb.php?src=http%3A%2F%2Fwww.eloriente.net%2Fhome%2Fwp-content%2Fuploads%2F2014%2F03%2FNatividad-D%C3%ADaz-Por-Congreso.jpg&amp;q=90&amp;w=160&amp;h=106&amp;zc=1\" alt=\"Mayor participaci\u00f3n de mujeres en planillas municipales: Natividad D\u00edaz\" \/><\/a><\/p>\n<p>eloriente.net\/Congreso del Estado 12 de marzo de 2014 Plantea que las f\u00e9minas encabecen las planillas de concejales en al menos 76 municipios de la entidad que se rigen por partidos pol\u00edticos. La coordinadora de la fracci\u00f3n parlamentaria del PAN en la LXII Legislatura del Estado, Antonia Natividad D\u00edaz Jim\u00e9nez, propuso que las mujeres encabecen las [&#8230;]<\/p>\n<p>March 12, 2014<\/p>\n<\/div>\n<div id=\"post-10075\">\n<p><a title=\"Permalink to 6 de marzo de 1994: Discurso de Luis Donaldo Colosio en Monumento a la Revoluci\u00f3n\" href=\"http:\/\/www.eloriente.net\/home\/2014\/03\/04\/a-19-anos-del-homicidio-contra-luis-donaldo-colosio-su-discurso-del-6-de-marzo-integro-por-el_oriente\/\" rel=\"bookmark\">6 de marzo de 1994: Discurso de Luis Donaldo Colosio en Monumento a la Revoluci\u00f3n<\/a><\/p>\n<p><a href=\"http:\/\/www.eloriente.net\/home\/2014\/03\/04\/a-19-anos-del-homicidio-contra-luis-donaldo-colosio-su-discurso-del-6-de-marzo-integro-por-el_oriente\/\" rel=\"bookmark\"><img decoding=\"async\" title=\"6 de marzo de 1994: Discurso de Luis Donaldo Colosio en Monumento a la Revoluci\u00f3n\" src=\"http:\/\/www.eloriente.net\/home\/wp-content\/themes\/city-desk\/timthumb.php?src=http%3A%2F%2Fwww.eloriente.net%2Fhome%2Fwp-content%2Fuploads%2F2013%2F03%2FCOLOSIO-Algunos-derechos-reservados-por-tombothetominator-e1364057451396.jpg&amp;q=90&amp;w=160&amp;h=106&amp;zc=1\" alt=\"6 de marzo de 1994: Discurso de Luis Donaldo Colosio en Monumento a la Revoluci\u00f3n\" \/><\/a><\/p>\n<p>eloriente.net 23 de marzo de 2013 Han pasado 19 a\u00f1os de que Luis Donaldo Colosio Murrieta, entonces candidato del Partido Revolucionario Institucional, fuese asesinado en Lomas Taurinas, Tijuana. No cabe la menor duda de que el tiempo ha reafirmado que el discurso que pronunci\u00f3 apenas 17 d\u00edas antes, el 6 de marzo de 1994, en [&#8230;]<\/p>\n<p>March 4, 2014<\/p>\n<\/div>\n\n\t\t\t  <div \n\t\t\t  \tclass = \"fb-comments\" \n\t\t\t  \tdata-href = \"http:\/\/www.eloriente.net\/home\/2014\/03\/20\/20-21mar14-en-vivo-ife-23-anos-de-historia-democratica-desde-df\/\"\n\t\t\t  \tdata-numposts = \"10\"\n\t\t\t\tdata-colorscheme = \"dark\"\n\t\t\t\tdata-order-by = \"social\"\n\t\t\t\tdata-mobile=true>\n\t\t\t  <\/div>\n\t\t  <style>\n\t\t\t.fb_iframe_widget_fluid_desktop iframe {\n\t\t\t    width: 100% !important;\n\t\t\t}\n\t\t  <\/style>\n\t\t  ","protected":false},"excerpt":{"rendered":"<p>eloriente.net\/IFE M\u00e9xico 20 de marzo de 2014 Con motivo de su aniversario 23, el Instituto Federal Electoral prepar\u00f3 un programa muy destacado de conferencias y conversaciones sobre el propio Instituto y los desaf\u00edos de la democracia en nuestro tiempo. Por la importancia de estos temas y porque en ELORIENTE.NET estamos ciertos de que el perfil [&hellip;]<\/p>\n","protected":false},"author":1,"featured_media":22875,"comment_status":"open","ping_status":"open","sticky":false,"template":"","format":"standard","meta":{"_jetpack_memberships_contains_paid_content":false,"footnotes":""},"categories":[4,71,32,10,24,21,31],"tags":[],"class_list":["post-22873","post","type-post","status-publish","format-standard","has-post-thumbnail","hentry","category-canal-2-en-vivo","category-elecciones","category-entradas","category-lo-mas-reciente","category-mexico-y-el-mundo","category-politica-y-gobierno","category-principal"],"jetpack_featured_media_url":"http:\/\/www.eloriente.net\/home\/wp-content\/uploads\/2014\/03\/MichelangeloBovero-cddiputados.gob_.mx_.jpg","jetpack_sharing_enabled":true,"_links":{"self":[{"href":"http:\/\/www.eloriente.net\/home\/wp-json\/wp\/v2\/posts\/22873"}],"collection":[{"href":"http:\/\/www.eloriente.net\/home\/wp-json\/wp\/v2\/posts"}],"about":[{"href":"http:\/\/www.eloriente.net\/home\/wp-json\/wp\/v2\/types\/post"}],"author":[{"embeddable":true,"href":"http:\/\/www.eloriente.net\/home\/wp-json\/wp\/v2\/users\/1"}],"replies":[{"embeddable":true,"href":"http:\/\/www.eloriente.net\/home\/wp-json\/wp\/v2\/comments?post=22873"}],"version-history":[{"count":5,"href":"http:\/\/www.eloriente.net\/home\/wp-json\/wp\/v2\/posts\/22873\/revisions"}],"predecessor-version":[{"id":22902,"href":"http:\/\/www.eloriente.net\/home\/wp-json\/wp\/v2\/posts\/22873\/revisions\/22902"}],"wp:featuredmedia":[{"embeddable":true,"href":"http:\/\/www.eloriente.net\/home\/wp-json\/wp\/v2\/media\/22875"}],"wp:attachment":[{"href":"http:\/\/www.eloriente.net\/home\/wp-json\/wp\/v2\/media?parent=22873"}],"wp:term":[{"taxonomy":"category","embeddable":true,"href":"http:\/\/www.eloriente.net\/home\/wp-json\/wp\/v2\/categories?post=22873"},{"taxonomy":"post_tag","embeddable":true,"href":"http:\/\/www.eloriente.net\/home\/wp-json\/wp\/v2\/tags?post=22873"}],"curies":[{"name":"wp","href":"https:\/\/api.w.org\/{rel}","templated":true}]}}