{"id":22905,"date":"2014-03-20T14:43:05","date_gmt":"2014-03-20T20:43:05","guid":{"rendered":"http:\/\/www.eloriente.net\/home\/?p=22905"},"modified":"2014-03-20T14:45:57","modified_gmt":"2014-03-20T20:45:57","slug":"inician-construccion-de-la-clinica-de-la-mujer-oaxaquena","status":"publish","type":"post","link":"http:\/\/www.eloriente.net\/home\/2014\/03\/20\/inician-construccion-de-la-clinica-de-la-mujer-oaxaquena\/","title":{"rendered":"Inician construcci\u00f3n de la Cl\u00ednica de la Mujer Oaxaque\u00f1a"},"content":{"rendered":"<p>eloriente.net\/<a href=\"http:\/\/www.municipiodeoaxaca.gob.mx\" target=\"_blank\">Ayuntamiento de Oaxaca de Ju\u00e1rez<\/a><\/p>\n<p>20 de marzo de 2014<\/p>\n<p>El gobernador Gabino Cu\u00e9 Monteagudo y el presidente municipal de Oaxaca de Ju\u00e1rez, Javier Villaca\u00f1a Jim\u00e9nez, encabezaron ayer mi\u00e9rcoles un acto de justicia social con las mujeres de la capital del estado al dar inicio a la construcci\u00f3n de la Cl\u00ednica de la Mujer Oaxaque\u00f1a, un espacio que estar\u00e1 dedicado a brindar atenci\u00f3n especializada a las enfermedades propias del sector femenino.<\/p>\n<p>Con la creaci\u00f3n de esta cl\u00ednica -que estar\u00e1 ubicada a un costado del mercado zonal de Santa Rosa Panzacola- el municipio de Oaxaca de Ju\u00e1rez ser\u00e1 pionero en atenci\u00f3n, prevenci\u00f3n y diagn\u00f3stico de enfermedades como el c\u00e1ncer c\u00e9rvicouterino y de mama, adem\u00e1s de coadyuvar a la consolidaci\u00f3n del embarazo sano y contribuir al abatimiento de la muerte materna.<\/p>\n<p>Resultado de la coordinaci\u00f3n de esfuerzos, la Cl\u00ednica de la Mujer Oaxaque\u00f1a podr\u00e1 complementar sus servicios con el Hospital de la Mujer, que construye el gobierno del estado en inmediaciones de San Bartolo Coyotepec, garantizando la consolidaci\u00f3n de la atenci\u00f3n m\u00e9dica para el sector femenino.<\/p>\n<p>Las construcci\u00f3n y operatividad de la Cl\u00ednica de la Mujer Oaxaque\u00f1a contar\u00e1 con la Norma Oficial Mexicana 197-SSA1-2000, que establece los requisitos m\u00ednimos de infraestructura de hospitales y consultorios de atenci\u00f3n m\u00e9dica especializada.<\/p>\n<p>El prop\u00f3sito de este espacio gestionado por el ayuntamiento capitalino, es garantizar la salud de las mujeres, otorgando servicios eficientes de atenci\u00f3n m\u00e9dica, prevenci\u00f3n de enfermedades y estudios de diagn\u00f3stico, todos ellos a bajo costo y con un esquema econ\u00f3micamente autosustentable por esta instituci\u00f3n municipal.<\/p>\n<p>Por ello, en el \u00e1rea de diagn\u00f3stico, se realizar\u00e1n estudios de imagenolog\u00eda, ultrasonido, mastograf\u00eda, colposcopia y densitometr\u00eda \u00f3sea, adem\u00e1s de contar con un \u00e1rea de patolog\u00eda y laboratorio cl\u00ednico, lo cual permitir\u00e1 canalizar de manera oportuna las mujeres que presenten anormalidades en sus estudios.<\/p>\n<p>Adem\u00e1s, en esta cl\u00ednica se ofrecer\u00e1 atenci\u00f3n m\u00e9dica integral a mujeres de todas las edades, preservando su derecho a la salud al detectar con oportunidad cualquier lesi\u00f3n maligna para dar tratamiento y garantizar una mejor calidad de vida.<\/p>\n<p>Con la puesta en operaci\u00f3n de la Cl\u00ednica de la Mujer Oaxaque\u00f1a, la poblaci\u00f3n femenina podr\u00e1 ahorrar hasta un 70% en estudios y un 95% en costos de consulta externa, comparados con los que aplican en la iniciativa privada.<\/p>\n<p>La Cl\u00ednica de la Mujer Oaxaque\u00f1a ofrecer\u00e1 en su cat\u00e1logo de servicios consulta psicol\u00f3gica y nutricional, adem\u00e1s contar\u00e1 con m\u00f3dulos de informaci\u00f3n de diversos temas como son la prevenci\u00f3n de adicciones, planificaci\u00f3n familiar, m\u00f3dulo del Instituto Municipal de las Mujeres.<\/p>\n<p>Cabe mencionar que la poblaci\u00f3n femenina ocupa el 53.46% del total de los m\u00e1s de 200 mil habitantes con que cuenta la ciudad de Oaxaca de Ju\u00e1rez; de los cuales m\u00e1s de 20% no cuenta con ning\u00fan esquema de seguridad social, haciendo prioritaria la implementaci\u00f3n de servicios de salud de calidad.<\/p>\n<p>&nbsp;<\/p>\n<p><a href=\"http:\/\/www.eloriente.net\/home\/wp-content\/uploads\/2014\/03\/cl\u00ednica-de-la-mujer.jpg\"><img loading=\"lazy\" decoding=\"async\" class=\"alignnone size-medium wp-image-22906\" title=\"cl\u00ednica de la mujer\" src=\"http:\/\/www.eloriente.net\/home\/wp-content\/uploads\/2014\/03\/cl\u00ednica-de-la-mujer-300x200.jpg\" alt=\"\" width=\"300\" height=\"200\" srcset=\"http:\/\/www.eloriente.net\/home\/wp-content\/uploads\/2014\/03\/cl\u00ednica-de-la-mujer-300x200.jpg 300w, http:\/\/www.eloriente.net\/home\/wp-content\/uploads\/2014\/03\/cl\u00ednica-de-la-mujer-1024x682.jpg 1024w, http:\/\/www.eloriente.net\/home\/wp-content\/uploads\/2014\/03\/cl\u00ednica-de-la-mujer.jpg 1126w\" sizes=\"(max-width: 300px) 100vw, 300px\" \/><\/a><\/p>\n<p>Foto: Ayuntamiento de Oaxaca de Ju\u00e1rez<\/p>\n<p>&nbsp;<\/p>\n<p><strong>Entradas relacionadas:<\/strong><\/p>\n<p><a title=\"Permalink to \u201cOaxaca no es el municipio m\u00e1s violento\u201d; se retracta Jos\u00e9 Antonio Ortega Aguilar\" href=\"http:\/\/www.eloriente.net\/home\/2014\/03\/18\/oaxaca-no-es-el-municipio-mas-violento-se-retracta-jose-antonio-ortega-aguilar\/\" rel=\"bookmark\">\u201cOaxaca no es el municipio m\u00e1s violento\u201d; se retracta Jos\u00e9 Antonio Ortega Aguilar<\/a><\/p>\n<p><a href=\"http:\/\/www.eloriente.net\/home\/2014\/03\/18\/oaxaca-no-es-el-municipio-mas-violento-se-retracta-jose-antonio-ortega-aguilar\/\" rel=\"bookmark\"><img decoding=\"async\" title=\"\u201cOaxaca no es el municipio m\u00e1s violento\u201d; se retracta Jos\u00e9 Antonio Ortega Aguilar\" src=\"http:\/\/www.eloriente.net\/home\/wp-content\/themes\/city-desk\/timthumb.php?src=http%3A%2F%2Fwww.eloriente.net%2Fhome%2Fwp-content%2Fuploads%2F2014%2F03%2Fayuntamiento.jpg&amp;q=90&amp;w=160&amp;h=106&amp;zc=1\" alt=\"\u201cOaxaca no es el municipio m\u00e1s violento\u201d; se retracta Jos\u00e9 Antonio Ortega Aguilar\" \/><\/a><\/p>\n<p>eloriente.net\/Ayuntamiento de Oaxaca de Ju\u00e1rez 18 de marzo de 2014 El titular del Consejo Ciudadano para la Seguridad P\u00fablica y Justicia Penal AC, Jos\u00e9 Antonio Ortega Aguilar, aclar\u00f3 que el municipio de Oaxaca de Ju\u00e1rez no es el m\u00e1s violento del pa\u00eds, retract\u00e1ndose del se\u00f1alamiento emitido por ese organismo en su informe presentado en el [&#8230;]<\/p>\n<p>March 18, 2014<\/p>\n<p><a title=\"Permalink to Toman protesta nuevos agentes municipales en Oaxaca\" href=\"http:\/\/www.eloriente.net\/home\/2014\/03\/13\/toman-protesta-nuevos-agentes-municipales-en-oaxaca\/\" rel=\"bookmark\">Toman protesta nuevos agentes municipales en Oaxaca<\/a><\/p>\n<p><a href=\"http:\/\/www.eloriente.net\/home\/2014\/03\/13\/toman-protesta-nuevos-agentes-municipales-en-oaxaca\/\" rel=\"bookmark\"><img decoding=\"async\" title=\"Toman protesta nuevos agentes municipales en Oaxaca\" src=\"http:\/\/www.eloriente.net\/home\/wp-content\/themes\/city-desk\/timthumb.php?src=http%3A%2F%2Fwww.eloriente.net%2Fhome%2Fwp-content%2Fuploads%2F2014%2F03%2FAgentes-municipales-Por-Ayuntamiento.jpg&amp;q=90&amp;w=160&amp;h=106&amp;zc=1\" alt=\"Toman protesta nuevos agentes municipales en Oaxaca\" \/><\/a><\/p>\n<p>eloriente.net\/Ayuntamiento de Oaxaca 13 de marzo de 2014 Facultado por el Honorable Cabildo, el Presidente Municipal de Oaxaca de Ju\u00e1rez, Javier Villaca\u00f1a Jim\u00e9nez tom\u00f3 la protesta de ley y entreg\u00f3 nombramientos a ocho agentes municipales y de polic\u00eda que fueron electos de manera democr\u00e1tica el pasado domingo 9 de marzo. En un acto protocolario efectuado [&#8230;]<\/p>\n<p>March 13, 2014<\/p>\n<div id=\"post-22414\">\n<p><a title=\"Permalink to Consulta aqu\u00ed calendario de festividades de Cuaresma en Oaxaca\" href=\"http:\/\/www.eloriente.net\/home\/2014\/03\/12\/participa-en-las-actividades-conmemorativas-a-la-cuaresma-en-oaxaca\/\" rel=\"bookmark\">Consulta aqu\u00ed calendario de festividades de Cuaresma en Oaxaca<\/a><\/p>\n<p><a href=\"http:\/\/www.eloriente.net\/home\/2014\/03\/12\/participa-en-las-actividades-conmemorativas-a-la-cuaresma-en-oaxaca\/\" rel=\"bookmark\"><img decoding=\"async\" title=\"Consulta aqu\u00ed calendario de festividades de Cuaresma en Oaxaca\" src=\"http:\/\/www.eloriente.net\/home\/wp-content\/themes\/city-desk\/timthumb.php?src=http%3A%2F%2Fwww.eloriente.net%2Fhome%2Fwp-content%2Fuploads%2F2014%2F03%2FSoledad-Por-Wikimedia.jpg&amp;q=90&amp;w=160&amp;h=106&amp;zc=1\" alt=\"Consulta aqu\u00ed calendario de festividades de Cuaresma en Oaxaca\" \/><\/a><\/p>\n<p>eloriente.net\/Ayuntamiento de Oaxaca de Ju\u00e1rez 12 de marzo de 2014 El municipio de Oaxaca de Ju\u00e1rez organiza diversas actividades culturales enmarcadas en la celebraci\u00f3n de la Cuaresma. El Municipio de Oaxaca de Ju\u00e1rez, a trav\u00e9s de la Secretar\u00eda de Turismo Municipal, llevar\u00e1 a cabo diversas actividades culturales enmarcadas en la celebraci\u00f3n de la Cuaresma, las [&#8230;]<\/p>\n<p>March 12, 2014<\/p>\n<\/div>\n\n\t\t\t  <div \n\t\t\t  \tclass = \"fb-comments\" \n\t\t\t  \tdata-href = \"http:\/\/www.eloriente.net\/home\/2014\/03\/20\/inician-construccion-de-la-clinica-de-la-mujer-oaxaquena\/\"\n\t\t\t  \tdata-numposts = \"10\"\n\t\t\t\tdata-colorscheme = \"dark\"\n\t\t\t\tdata-order-by = \"social\"\n\t\t\t\tdata-mobile=true>\n\t\t\t  <\/div>\n\t\t  <style>\n\t\t\t.fb_iframe_widget_fluid_desktop iframe {\n\t\t\t    width: 100% !important;\n\t\t\t}\n\t\t  <\/style>\n\t\t  ","protected":false},"excerpt":{"rendered":"<p>eloriente.net\/Ayuntamiento de Oaxaca de Ju\u00e1rez 20 de marzo de 2014 El gobernador Gabino Cu\u00e9 Monteagudo y el presidente municipal de Oaxaca de Ju\u00e1rez, Javier Villaca\u00f1a Jim\u00e9nez, encabezaron ayer mi\u00e9rcoles un acto de justicia social con las mujeres de la capital del estado al dar inicio a la construcci\u00f3n de la Cl\u00ednica de la Mujer Oaxaque\u00f1a, [&hellip;]<\/p>\n","protected":false},"author":26,"featured_media":22906,"comment_status":"open","ping_status":"open","sticky":false,"template":"","format":"standard","meta":{"_jetpack_memberships_contains_paid_content":false,"footnotes":""},"categories":[32,10,23,30],"tags":[128,658,420,551,367,379,144],"class_list":["post-22905","post","type-post","status-publish","format-standard","has-post-thumbnail","hentry","category-entradas","category-lo-mas-reciente","category-municipios","category-salud","tag-ayuntamiento","tag-cinica","tag-enfermedades","tag-mujer","tag-municipio","tag-prevencion","tag-salud-2"],"jetpack_featured_media_url":"http:\/\/www.eloriente.net\/home\/wp-content\/uploads\/2014\/03\/cl\u00ednica-de-la-mujer.jpg","jetpack_sharing_enabled":true,"_links":{"self":[{"href":"http:\/\/www.eloriente.net\/home\/wp-json\/wp\/v2\/posts\/22905"}],"collection":[{"href":"http:\/\/www.eloriente.net\/home\/wp-json\/wp\/v2\/posts"}],"about":[{"href":"http:\/\/www.eloriente.net\/home\/wp-json\/wp\/v2\/types\/post"}],"author":[{"embeddable":true,"href":"http:\/\/www.eloriente.net\/home\/wp-json\/wp\/v2\/users\/26"}],"replies":[{"embeddable":true,"href":"http:\/\/www.eloriente.net\/home\/wp-json\/wp\/v2\/comments?post=22905"}],"version-history":[{"count":4,"href":"http:\/\/www.eloriente.net\/home\/wp-json\/wp\/v2\/posts\/22905\/revisions"}],"predecessor-version":[{"id":22909,"href":"http:\/\/www.eloriente.net\/home\/wp-json\/wp\/v2\/posts\/22905\/revisions\/22909"}],"wp:featuredmedia":[{"embeddable":true,"href":"http:\/\/www.eloriente.net\/home\/wp-json\/wp\/v2\/media\/22906"}],"wp:attachment":[{"href":"http:\/\/www.eloriente.net\/home\/wp-json\/wp\/v2\/media?parent=22905"}],"wp:term":[{"taxonomy":"category","embeddable":true,"href":"http:\/\/www.eloriente.net\/home\/wp-json\/wp\/v2\/categories?post=22905"},{"taxonomy":"post_tag","embeddable":true,"href":"http:\/\/www.eloriente.net\/home\/wp-json\/wp\/v2\/tags?post=22905"}],"curies":[{"name":"wp","href":"https:\/\/api.w.org\/{rel}","templated":true}]}}