{"id":22959,"date":"2014-03-21T13:05:53","date_gmt":"2014-03-21T19:05:53","guid":{"rendered":"http:\/\/www.eloriente.net\/home\/?p=22959"},"modified":"2014-03-21T13:05:53","modified_gmt":"2014-03-21T19:05:53","slug":"me-estan-provocando","status":"publish","type":"post","link":"http:\/\/www.eloriente.net\/home\/2014\/03\/21\/me-estan-provocando\/","title":{"rendered":"Me est\u00e1n provocando"},"content":{"rendered":"<p>eloriente.net<\/p>\n<p>21 de marzo de 2014<\/p>\n<p align=\"right\">Por: <a href=\"http:\/\/www.eloriente.net\/home\/author\/juan\/\" target=\"_blank\">Juan Pablo Vasconcelos*<\/a><\/p>\n<p><strong>Me est\u00e1n provocando<\/strong><\/p>\n<p>Las provocaciones existen. Los ni\u00f1os provocan. Los narcos. La mujer de Fernando lo hace de una manera sutil, levant\u00e1ndose con sigilo y cierta crueldad por las ma\u00f1anas, para correr s\u00fabitamente las cortinas de la habitaci\u00f3n y trasladar a mi amigo desde el regocijo del sue\u00f1o al sitio donde Fernando ha estado y estar\u00e1 con disciplina: junto a ella, el resto de sus d\u00edas.<\/p>\n<p>Hablando de provocaciones, una vuelta a la realidad siempre resulta un desaf\u00edo de dimensiones may\u00fasculas.<\/p>\n<p>Por eso, cuando un gobernador, una presidenta, un jefe de familia, acusan a tales o cuales miembros de su comunidad de estarlo provocando, podemos entenderlo (sin compartirlo) serenamente. Sucede. Nicol\u00e1s Maduro y la oposici\u00f3n venezolana, Carlos Salinas y el zapatismo, el Rey de Espa\u00f1a y los ecologistas de buena conciencia. L\u00edderes que argumentan ser presas de rebeldes y so\u00f1adores que act\u00faan como adolescentes, esperando una respuesta paternal y socarrona.<\/p>\n<p>La provocaci\u00f3n como justificante, sin embargo, es la otra cara de la moneda. Justificante de la omisi\u00f3n, el desenfado, la ausencia de control real sobre sus propios jugadores, la falta de ideas claras, el agotamiento de un repertorio de respuestas eficaces a problemas concretos, el menosprecio.<\/p>\n<p>Acusar la provocaci\u00f3n pues como una mera estrategia de autodefensa, para seguir omitiendo finalmente las responsabilidades propias. Entre otras la m\u00e1s b\u00e1sica: la omisi\u00f3n de hacer el trabajo que les corresponde. Ni m\u00e1s, pero tampoco menos.<\/p>\n<p>Leo que en Oaxaca, estos d\u00edas, diversas voces reclaman ejercer la fuerza del Estado contra manifestantes normalistas. Y junto con ellos, imagino, contra el resto de expresiones que casi cotidianamente reclaman y causan destrozos a negocios, patrimonio cultural, construcciones civiles, instituciones.<\/p>\n<p>Esas voces, las bienintencionadas, reclaman la fuerza de la ley y el establecimiento del orden. No la venganza, no el derramamiento de sangre. No la represi\u00f3n (vaya t\u00e9rmino).<\/p>\n<p>Sin embargo, no creo que solo reclamen algo si bien relevante, igual incompleto. Bien visto, lo que expresan es un llamado civil a que la autoridad act\u00fae y ejerza la totalidad de sus potestades de gobierno. Y eso no quiere decir por necesidad que despliegue la fuerza o combata las manifestaciones con tolete y torreta. M\u00e1s bien, significa que se ejerzan las funciones del gobierno, integralmente y sin demora.<\/p>\n<p>Un gobierno eficaz, proactivo y total, actuando en varios frentes con fluidez.<\/p>\n<p>Por ejemplo, que se haga pol\u00edtica, m\u00e1s pol\u00edtica, buena pol\u00edtica, y se informen con claridad los avances sustanciales de negociaciones y mesas de trabajo; que se asegure el imperio del derecho y cuando haya que hacer cumplir las leyes, se expliquen los fundamentos correspondientes, pero que no se omitan bajo ninguna circunstancia los procedimientos legales, pues la impunidad es un mal que se esparce con singular voracidad; que se implementen mecanismos profesionales de informaci\u00f3n, tanto para prevenir desmanes como para comunicar y proteger a los ciudadanos de asuntos como la violencia callejera o el vandalismo; que el gobierno deje de pensar solo en s\u00ed mismo, y se ocupe de lo que piensan y viven a diario los ciudadanos.<\/p>\n<p>Estas medidas y muchas otras, significan el trabajo del gobierno. Y si las acciones definen a las personas tambi\u00e9n definen a las instituciones. Estas medidas pues \u2018son\u2019 el gobierno.<\/p>\n<p>El llamado civil no es a utilizar la violencia estatal. El llamado civil es a no utilizar la provocaci\u00f3n como justificante de las omisiones y a actuar en todo caso con diligencia, prudencia, ideas claras y determinaci\u00f3n.<\/p>\n<p>&nbsp;<\/p>\n<p><a href=\"http:\/\/www.eloriente.net\/home\/wp-content\/uploads\/2014\/03\/CENEO.jpg\"><img loading=\"lazy\" decoding=\"async\" class=\"alignnone size-medium wp-image-22961\" src=\"http:\/\/www.eloriente.net\/home\/wp-content\/uploads\/2014\/03\/CENEO-300x151.jpg\" alt=\"\" width=\"300\" height=\"151\" srcset=\"http:\/\/www.eloriente.net\/home\/wp-content\/uploads\/2014\/03\/CENEO-300x151.jpg 300w, http:\/\/www.eloriente.net\/home\/wp-content\/uploads\/2014\/03\/CENEO.jpg 585w\" sizes=\"(max-width: 300px) 100vw, 300px\" \/><\/a><\/p>\n<p>Foto: CENEO<\/p>\n<p>&nbsp;<\/p>\n<hr align=\"left\" size=\"1\" width=\"33%\" \/>\n<div>\n<p><em>*<\/em><em>Juan Pablo Vasconcelos es Magister en Gesti\u00f3n Cultural por el Instituto Jos\u00e9 Ortega y Gasset. Contacto:\u00a0<\/em><em>direcciongeneral@eloriente.net<\/em><\/p>\n<\/div>\n<p>&nbsp;<\/p>\n<p><strong>Entradas relacionadas:<\/strong><\/p>\n<p><a title=\"Permalink to Ebrard y el margen de error\" href=\"http:\/\/www.eloriente.net\/home\/2014\/02\/25\/ebrard-y-el-margen-de-error\/\" rel=\"bookmark\">Ebrard y el margen de error<\/a><\/p>\n<p><a href=\"http:\/\/www.eloriente.net\/home\/2014\/02\/25\/ebrard-y-el-margen-de-error\/\" rel=\"bookmark\"><img decoding=\"async\" src=\"http:\/\/www.eloriente.net\/home\/wp-content\/themes\/city-desk\/timthumb.php?src=http%3A%2F%2Fwww.eloriente.net%2Fhome%2Fwp-content%2Fuploads%2F2014%2F02%2FEbrard-univas.jpg&amp;q=90&amp;w=160&amp;h=106&amp;zc=1\" alt=\"Ebrard y el margen de error\" \/><\/a><\/p>\n<p>eloriente.net 25 de febrero de 2014 Por:\u00a0Juan Pablo Vasconcelos* La pregunta que a\u00fan no hemos respondido en M\u00e9xico es la primera: \u00bfCu\u00e1l es el pa\u00eds que deseamos? \u00bfC\u00f3mo lo vemos en 10, 20, 100 a\u00f1os? \u00bfQu\u00e9 tipo de pa\u00eds anhelamos que vivan nuestros hijos? Y as\u00ed, sucesivamente y como se lee, podemos ir redactando la [&#8230;]<\/p>\n<p>February 25, 2014<\/p>\n<div>\n<p><a title=\"Permalink to Tu cuerpo era el \u00fanico pa\u00eds en que me derrotaban\" href=\"http:\/\/www.eloriente.net\/home\/2014\/01\/16\/tu-cuerpo-era-el-unico-pais-en-que-me-derrotaban-2\/\" rel=\"bookmark\">Tu cuerpo era el \u00fanico pa\u00eds en que me derrotaban<\/a><\/p>\n<p><a href=\"http:\/\/www.eloriente.net\/home\/2014\/01\/16\/tu-cuerpo-era-el-unico-pais-en-que-me-derrotaban-2\/\" rel=\"bookmark\"><img decoding=\"async\" src=\"http:\/\/www.eloriente.net\/home\/wp-content\/themes\/city-desk\/timthumb.php?src=http%3A%2F%2Fwww.eloriente.net%2Fhome%2Fwp-content%2Fuploads%2F2014%2F01%2Fjuan-gelman-3final.jpg&amp;q=90&amp;w=160&amp;h=106&amp;zc=1\" alt=\"Tu cuerpo era el \u00fanico pa\u00eds en que me derrotaban\" \/><\/a><\/p>\n<p>eloriente.net 17 de diciembre de 2013 Por:\u00a0Juan Pablo Vasconcelos Tu cuerpo era el \u00fanico pa\u00eds en que me derrotaban La muerte de Juan Gelman me hizo sentir una tristeza inesperada. Enterarme del suceso, no me cay\u00f3 como un balde de agua fr\u00eda, sino fue como ir vaciando agua tibia despacio sobre el pecho. Perdurable, espaciado [&#8230;]<\/p>\n<p>January 16, 2014<\/p>\n<\/div>\n<div>\n<p><a title=\"Permalink to \u00bfD\u00f3nde estuvimos cuando todo pas\u00f3?\" href=\"http:\/\/www.eloriente.net\/home\/2013\/12\/06\/donde-estuvimos-cuando-todo-paso\/\" rel=\"bookmark\">\u00bfD\u00f3nde estuvimos cuando todo pas\u00f3?<\/a><\/p>\n<p><a href=\"http:\/\/www.eloriente.net\/home\/2013\/12\/06\/donde-estuvimos-cuando-todo-paso\/\" rel=\"bookmark\"><img decoding=\"async\" src=\"http:\/\/www.eloriente.net\/home\/wp-content\/themes\/city-desk\/timthumb.php?src=http%3A%2F%2Fwww.eloriente.net%2Fhome%2Fwp-content%2Fuploads%2F2013%2F12%2FRevolucion.jpg&amp;q=90&amp;w=160&amp;h=106&amp;zc=1\" alt=\"\u00bfD\u00f3nde estuvimos cuando todo pas\u00f3?\" \/><\/a><\/p>\n<p>eloriente.net 6 de diciembre de 2013 Por: Juan Pablo Vasconcelos \u00bfD\u00f3nde estuvimos cuando todo pas\u00f3? El instante lleva a drama o a comedia. De pronto, nos percatamos que se han tomado decisiones importantes mientras estuvimos distra\u00eddos, ensimismados en el d\u00eda a d\u00eda que es, a final de cuentas, todo lo que somos capaces de considerar [&#8230;]<\/p>\n<p>December 6, 2013<\/p>\n<\/div>\n\n\t\t\t  <div \n\t\t\t  \tclass = \"fb-comments\" \n\t\t\t  \tdata-href = \"http:\/\/www.eloriente.net\/home\/2014\/03\/21\/me-estan-provocando\/\"\n\t\t\t  \tdata-numposts = \"10\"\n\t\t\t\tdata-colorscheme = \"dark\"\n\t\t\t\tdata-order-by = \"social\"\n\t\t\t\tdata-mobile=true>\n\t\t\t  <\/div>\n\t\t  <style>\n\t\t\t.fb_iframe_widget_fluid_desktop iframe {\n\t\t\t    width: 100% !important;\n\t\t\t}\n\t\t  <\/style>\n\t\t  ","protected":false},"excerpt":{"rendered":"<p>eloriente.net 21 de marzo de 2014 Por: Juan Pablo Vasconcelos* Me est\u00e1n provocando Las provocaciones existen. Los ni\u00f1os provocan. Los narcos. La mujer de Fernando lo hace de una manera sutil, levant\u00e1ndose con sigilo y cierta crueldad por las ma\u00f1anas, para correr s\u00fabitamente las cortinas de la habitaci\u00f3n y trasladar a mi amigo desde el [&hellip;]<\/p>\n","protected":false},"author":13,"featured_media":22961,"comment_status":"open","ping_status":"open","sticky":false,"template":"","format":"standard","meta":{"_jetpack_memberships_contains_paid_content":false,"footnotes":""},"categories":[11,32,54,10,21],"tags":[],"class_list":["post-22959","post","type-post","status-publish","format-standard","has-post-thumbnail","hentry","category-colaboradores","category-entradas","category-juan-pablo-vasconcelos","category-lo-mas-reciente","category-politica-y-gobierno"],"jetpack_featured_media_url":"http:\/\/www.eloriente.net\/home\/wp-content\/uploads\/2014\/03\/CENEO.jpg","jetpack_sharing_enabled":true,"_links":{"self":[{"href":"http:\/\/www.eloriente.net\/home\/wp-json\/wp\/v2\/posts\/22959"}],"collection":[{"href":"http:\/\/www.eloriente.net\/home\/wp-json\/wp\/v2\/posts"}],"about":[{"href":"http:\/\/www.eloriente.net\/home\/wp-json\/wp\/v2\/types\/post"}],"author":[{"embeddable":true,"href":"http:\/\/www.eloriente.net\/home\/wp-json\/wp\/v2\/users\/13"}],"replies":[{"embeddable":true,"href":"http:\/\/www.eloriente.net\/home\/wp-json\/wp\/v2\/comments?post=22959"}],"version-history":[{"count":3,"href":"http:\/\/www.eloriente.net\/home\/wp-json\/wp\/v2\/posts\/22959\/revisions"}],"predecessor-version":[{"id":22963,"href":"http:\/\/www.eloriente.net\/home\/wp-json\/wp\/v2\/posts\/22959\/revisions\/22963"}],"wp:featuredmedia":[{"embeddable":true,"href":"http:\/\/www.eloriente.net\/home\/wp-json\/wp\/v2\/media\/22961"}],"wp:attachment":[{"href":"http:\/\/www.eloriente.net\/home\/wp-json\/wp\/v2\/media?parent=22959"}],"wp:term":[{"taxonomy":"category","embeddable":true,"href":"http:\/\/www.eloriente.net\/home\/wp-json\/wp\/v2\/categories?post=22959"},{"taxonomy":"post_tag","embeddable":true,"href":"http:\/\/www.eloriente.net\/home\/wp-json\/wp\/v2\/tags?post=22959"}],"curies":[{"name":"wp","href":"https:\/\/api.w.org\/{rel}","templated":true}]}}