{"id":22964,"date":"2014-03-21T13:39:18","date_gmt":"2014-03-21T19:39:18","guid":{"rendered":"http:\/\/www.eloriente.net\/home\/?p=22964"},"modified":"2014-03-28T12:11:04","modified_gmt":"2014-03-28T18:11:04","slug":"video-benjamin-robles-y-eviel-perez-hablan-por-prd-y-pri-sobre-juarez-en-senado","status":"publish","type":"post","link":"http:\/\/www.eloriente.net\/home\/2014\/03\/21\/video-benjamin-robles-y-eviel-perez-hablan-por-prd-y-pri-sobre-juarez-en-senado\/","title":{"rendered":"Video: Benjam\u00edn Robles y Eviel P\u00e9rez, hablan por PRD y PRI sobre Ju\u00e1rez en Senado"},"content":{"rendered":"<p>eloriente.net<\/p>\n<p>21 de marzo de 2014<\/p>\n<p>En sesi\u00f3n ordinaria del Senado de la Rep\u00fablica ayer jueves, los legisladores por Oaxaca, representaron a sus respectivos partidos en sesi\u00f3n en honor al pr\u00f3cer Benito Ju\u00e1rez en su aniversario.<\/p>\n<p>Benjam\u00edn Robles Montoya, a nombre de la fracci\u00f3n del Partido de la Revoluci\u00f3n Democr\u00e1tica, record\u00f3 en discurso el legado de Ju\u00e1rez y Robles se\u00f1al\u00f3 que las \u00abinjustas reformas del actual r\u00e9gimen\u00bb, diferencian la \u00e9poca y las ideas de Ju\u00e1rez, con aquellas que se est\u00e1n ejerciendo en el M\u00e9xico de nuestros d\u00edas.<\/p>\n<p>A continuaci\u00f3n, el video de dicha intervenci\u00f3n:<br \/>\n<iframe loading=\"lazy\" src=\"\/\/www.youtube.com\/embed\/PtHKWf3nfuI\" frameborder=\"0\" width=\"420\" height=\"315\"><\/iframe><\/p>\n<p>&nbsp;<\/p>\n<p>Por su parte, tambi\u00e9n el senador por Oaxaca, Eviel P\u00e9rez Maga\u00f1a, particip\u00f3 en dicha sesi\u00f3n, pero en representaci\u00f3n de la fracci\u00f3n parlamentaria del Partido Revolucionario Institucional (PRI).<\/p>\n<p>P\u00e9rez Maga\u00f1a se\u00f1al\u00f3 que el mejor homenaje a Ju\u00e1rez es secundar \u00absu liderazgo reformador&#8230; no hay mejor homenaje que reivindicar a la pol\u00edtica\u00bb.<\/p>\n<p>A continuaci\u00f3n el mensaje:<br \/>\n<iframe loading=\"lazy\" src=\"\/\/www.youtube.com\/embed\/o4ypC1bnQjU\" frameborder=\"0\" width=\"420\" height=\"315\"><\/iframe><\/p>\n<p>&nbsp;<\/p>\n<p><a href=\"http:\/\/www.eloriente.net\/home\/wp-content\/uploads\/2014\/03\/Captura-de-pantalla-2014-03-21-a-las-13.21.38.png\"><img loading=\"lazy\" decoding=\"async\" class=\"alignnone size-medium wp-image-22965\" title=\"pantalla 2014-03-21 Benjam\u00edn Robles\" src=\"http:\/\/www.eloriente.net\/home\/wp-content\/uploads\/2014\/03\/Captura-de-pantalla-2014-03-21-a-las-13.21.38-300x164.png\" alt=\"\" width=\"300\" height=\"164\" srcset=\"http:\/\/www.eloriente.net\/home\/wp-content\/uploads\/2014\/03\/Captura-de-pantalla-2014-03-21-a-las-13.21.38-300x164.png 300w, http:\/\/www.eloriente.net\/home\/wp-content\/uploads\/2014\/03\/Captura-de-pantalla-2014-03-21-a-las-13.21.38.png 636w\" sizes=\"(max-width: 300px) 100vw, 300px\" \/><\/a><\/p>\n<p><a href=\"http:\/\/www.eloriente.net\/home\/wp-content\/uploads\/2014\/03\/Captura-de-pantalla-2014-03-21-a-las-13.35.09.png\"><img loading=\"lazy\" decoding=\"async\" class=\"alignnone size-medium wp-image-22966\" title=\"Pantalla 2014-03-21 Eviel P\u00e9rez\" src=\"http:\/\/www.eloriente.net\/home\/wp-content\/uploads\/2014\/03\/Captura-de-pantalla-2014-03-21-a-las-13.35.09-300x162.png\" alt=\"\" width=\"300\" height=\"162\" srcset=\"http:\/\/www.eloriente.net\/home\/wp-content\/uploads\/2014\/03\/Captura-de-pantalla-2014-03-21-a-las-13.35.09-300x162.png 300w, http:\/\/www.eloriente.net\/home\/wp-content\/uploads\/2014\/03\/Captura-de-pantalla-2014-03-21-a-las-13.35.09.png 641w\" sizes=\"(max-width: 300px) 100vw, 300px\" \/><\/a><\/p>\n<p><strong>Otras Entradas:<\/strong><\/p>\n<p><a title=\"Permalink to 6 de marzo de 1994: Discurso de Luis Donaldo Colosio en Monumento a la Revoluci\u00f3n\" href=\"http:\/\/www.eloriente.net\/home\/2014\/03\/21\/a-19-anos-del-homicidio-contra-luis-donaldo-colosio-su-discurso-del-6-de-marzo-integro-por-el_oriente\/\" rel=\"bookmark\">6 de marzo de 1994: Discurso de Luis Donaldo Colosio en Monumento a la Revoluci\u00f3n<\/a><\/p>\n<p><a href=\"http:\/\/www.eloriente.net\/home\/2014\/03\/21\/a-19-anos-del-homicidio-contra-luis-donaldo-colosio-su-discurso-del-6-de-marzo-integro-por-el_oriente\/\" rel=\"bookmark\"><img decoding=\"async\" title=\"6 de marzo de 1994: Discurso de Luis Donaldo Colosio en Monumento a la Revoluci\u00f3n\" src=\"http:\/\/www.eloriente.net\/home\/wp-content\/themes\/city-desk\/timthumb.php?src=http%3A%2F%2Fwww.eloriente.net%2Fhome%2Fwp-content%2Fuploads%2F2013%2F03%2FCOLOSIO-Algunos-derechos-reservados-por-tombothetominator-e1364057451396.jpg&amp;q=90&amp;w=160&amp;h=106&amp;zc=1\" alt=\"6 de marzo de 1994: Discurso de Luis Donaldo Colosio en Monumento a la Revoluci\u00f3n\" \/><\/a><\/p>\n<p>eloriente.net 23 de marzo de 2013 Han pasado 19 a\u00f1os de que Luis Donaldo Colosio Murrieta, entonces candidato del Partido Revolucionario Institucional, fuese asesinado en Lomas Taurinas, Tijuana. No cabe la menor duda de que el tiempo ha reafirmado que el discurso que pronunci\u00f3 apenas 17 d\u00edas antes, el 6 de marzo de 1994, en [&#8230;]<\/p>\n<p>March 21, 2014<\/p>\n<div id=\"post-22942\">\n<p><a title=\"Permalink to Otorga UABJO Doctorado Honoris Causa a exponentes de las humanidades, arte y cultura\" href=\"http:\/\/www.eloriente.net\/home\/2014\/03\/20\/otorga-uabjo-doctorado-honoris-causa-a-exponentes-de-las-humanidades-arte-y-cultura\/\" rel=\"bookmark\">Otorga UABJO Doctorado Honoris Causa a exponentes de las humanidades, arte y cultura<\/a><\/p>\n<p><a href=\"http:\/\/www.eloriente.net\/home\/2014\/03\/20\/otorga-uabjo-doctorado-honoris-causa-a-exponentes-de-las-humanidades-arte-y-cultura\/\" rel=\"bookmark\"><img decoding=\"async\" title=\"Otorga UABJO Doctorado Honoris Causa a exponentes de las humanidades, arte y cultura\" src=\"http:\/\/www.eloriente.net\/home\/wp-content\/themes\/city-desk\/timthumb.php?src=http%3A%2F%2Fwww.eloriente.net%2Fhome%2Fwp-content%2Fuploads%2F2014%2F03%2Fhonoris-causa.jpg&amp;q=90&amp;w=160&amp;h=106&amp;zc=1\" alt=\"Otorga UABJO Doctorado Honoris Causa a exponentes de las humanidades, arte y cultura\" \/><\/a>eloriente.net\/UABJO 20 de marzo de 2014 En sesi\u00f3n solemne del H. Consejo Universitario, el rector de la Universidad Aut\u00f3noma Benito Ju\u00e1rez de Oaxaca (UABJO), Eduardo Mart\u00ednez Helmes, hizo entrega del grado de Doctor Honoris Causa al ministro de la Suprema Corte de Justicia de la Naci\u00f3n, Dr. Jos\u00e9 Ram\u00f3n Coss\u00edo D\u00edaz; al empresario y fil\u00e1ntropo, [&#8230;]<\/p>\n<p>March 20, 2014<\/p>\n<\/div>\n<div id=\"post-22905\">\n<p><a title=\"Permalink to Inician construcci\u00f3n de la Cl\u00ednica de la Mujer Oaxaque\u00f1a\" href=\"http:\/\/www.eloriente.net\/home\/2014\/03\/20\/inician-construccion-de-la-clinica-de-la-mujer-oaxaquena\/\" rel=\"bookmark\">Inician construcci\u00f3n de la Cl\u00ednica de la Mujer Oaxaque\u00f1a<\/a><\/p>\n<p><a href=\"http:\/\/www.eloriente.net\/home\/2014\/03\/20\/inician-construccion-de-la-clinica-de-la-mujer-oaxaquena\/\" rel=\"bookmark\"><img decoding=\"async\" title=\"Inician construcci\u00f3n de la Cl\u00ednica de la Mujer Oaxaque\u00f1a\" src=\"http:\/\/www.eloriente.net\/home\/wp-content\/themes\/city-desk\/timthumb.php?src=http%3A%2F%2Fwww.eloriente.net%2Fhome%2Fwp-content%2Fuploads%2F2014%2F03%2Fcl%C3%ADnica-de-la-mujer.jpg&amp;q=90&amp;w=160&amp;h=106&amp;zc=1\" alt=\"Inician construcci\u00f3n de la Cl\u00ednica de la Mujer Oaxaque\u00f1a\" \/><\/a>eloriente.net\/Ayuntamiento de Oaxaca de Ju\u00e1rez 20 de marzo de 2014 El gobernador Gabino Cu\u00e9 Monteagudo y el presidente municipal de Oaxaca de Ju\u00e1rez, Javier Villaca\u00f1a Jim\u00e9nez, encabezaron ayer mi\u00e9rcoles un acto de justicia social con las mujeres de la capital del estado al dar inicio a la construcci\u00f3n de la Cl\u00ednica de la Mujer Oaxaque\u00f1a, [&#8230;]<\/p>\n<p>March 20, 2014<\/p>\n<\/div>\n\n\t\t\t  <div \n\t\t\t  \tclass = \"fb-comments\" \n\t\t\t  \tdata-href = \"http:\/\/www.eloriente.net\/home\/2014\/03\/21\/video-benjamin-robles-y-eviel-perez-hablan-por-prd-y-pri-sobre-juarez-en-senado\/\"\n\t\t\t  \tdata-numposts = \"10\"\n\t\t\t\tdata-colorscheme = \"dark\"\n\t\t\t\tdata-order-by = \"social\"\n\t\t\t\tdata-mobile=true>\n\t\t\t  <\/div>\n\t\t  <style>\n\t\t\t.fb_iframe_widget_fluid_desktop iframe {\n\t\t\t    width: 100% !important;\n\t\t\t}\n\t\t  <\/style>\n\t\t  ","protected":false},"excerpt":{"rendered":"<p>eloriente.net 21 de marzo de 2014 En sesi\u00f3n ordinaria del Senado de la Rep\u00fablica ayer jueves, los legisladores por Oaxaca, representaron a sus respectivos partidos en sesi\u00f3n en honor al pr\u00f3cer Benito Ju\u00e1rez en su aniversario. Benjam\u00edn Robles Montoya, a nombre de la fracci\u00f3n del Partido de la Revoluci\u00f3n Democr\u00e1tica, record\u00f3 en discurso el legado [&hellip;]<\/p>\n","protected":false},"author":1,"featured_media":22965,"comment_status":"open","ping_status":"open","sticky":false,"template":"","format":"standard","meta":{"_jetpack_memberships_contains_paid_content":false,"footnotes":""},"categories":[6,91,49,71,32,10,21],"tags":[],"class_list":["post-22964","post","type-post","status-publish","format-standard","has-post-thumbnail","hentry","category-canal-4-especiales","category-congreso-y-justicia","category-destacadas","category-elecciones","category-entradas","category-lo-mas-reciente","category-politica-y-gobierno"],"jetpack_featured_media_url":"http:\/\/www.eloriente.net\/home\/wp-content\/uploads\/2014\/03\/Captura-de-pantalla-2014-03-21-a-las-13.21.38.png","jetpack_sharing_enabled":true,"_links":{"self":[{"href":"http:\/\/www.eloriente.net\/home\/wp-json\/wp\/v2\/posts\/22964"}],"collection":[{"href":"http:\/\/www.eloriente.net\/home\/wp-json\/wp\/v2\/posts"}],"about":[{"href":"http:\/\/www.eloriente.net\/home\/wp-json\/wp\/v2\/types\/post"}],"author":[{"embeddable":true,"href":"http:\/\/www.eloriente.net\/home\/wp-json\/wp\/v2\/users\/1"}],"replies":[{"embeddable":true,"href":"http:\/\/www.eloriente.net\/home\/wp-json\/wp\/v2\/comments?post=22964"}],"version-history":[{"count":4,"href":"http:\/\/www.eloriente.net\/home\/wp-json\/wp\/v2\/posts\/22964\/revisions"}],"predecessor-version":[{"id":23380,"href":"http:\/\/www.eloriente.net\/home\/wp-json\/wp\/v2\/posts\/22964\/revisions\/23380"}],"wp:featuredmedia":[{"embeddable":true,"href":"http:\/\/www.eloriente.net\/home\/wp-json\/wp\/v2\/media\/22965"}],"wp:attachment":[{"href":"http:\/\/www.eloriente.net\/home\/wp-json\/wp\/v2\/media?parent=22964"}],"wp:term":[{"taxonomy":"category","embeddable":true,"href":"http:\/\/www.eloriente.net\/home\/wp-json\/wp\/v2\/categories?post=22964"},{"taxonomy":"post_tag","embeddable":true,"href":"http:\/\/www.eloriente.net\/home\/wp-json\/wp\/v2\/tags?post=22964"}],"curies":[{"name":"wp","href":"https:\/\/api.w.org\/{rel}","templated":true}]}}