{"id":23082,"date":"2014-03-22T16:57:39","date_gmt":"2014-03-22T22:57:39","guid":{"rendered":"http:\/\/www.eloriente.net\/home\/?p=23082"},"modified":"2014-03-24T11:47:33","modified_gmt":"2014-03-24T17:47:33","slug":"unam-crea-licenciatura-en-estudios-sociales-y-gestion-local","status":"publish","type":"post","link":"http:\/\/www.eloriente.net\/home\/2014\/03\/22\/unam-crea-licenciatura-en-estudios-sociales-y-gestion-local\/","title":{"rendered":"UNAM crea licenciatura en Estudios Sociales y Gesti\u00f3n Local"},"content":{"rendered":"<p>eloriente.net\/<a href=\"http:\/\/www.dgcs.unam.mx\" target=\"_blank\">UNAM<\/a><\/p>\n<p>22 de marzo de 2014<em><\/em><\/p>\n<p><strong>Se impartir\u00e1 en la ENES Unidad Morelia.<br \/>\n<\/strong><\/p>\n<p><strong>El Consejo Universitario aprob\u00f3 la transformaci\u00f3n de la ENAP en Facultad de Artes y Dise\u00f1o; tom\u00f3 en consideraci\u00f3n la trayectoria de la entidad en docencia, investigaci\u00f3n y producci\u00f3n en la materia.<\/strong><\/p>\n<p>El Consejo Universitario aprob\u00f3, por votaci\u00f3n un\u00e1nime, la creaci\u00f3n de la licenciatura en Estudios Sociales y Gesti\u00f3n Local, la n\u00famero 108 de la UNAM, que se impartir\u00e1 en la Escuela Nacional de Estudios Superiores (ENES) Unidad Morelia.<\/p>\n<p>Asimismo, dio visto bueno a la transformaci\u00f3n de la Escuela Nacional de Artes Pl\u00e1sticas (ENAP) en Facultad de Artes y Dise\u00f1o (FAD).<\/p>\n<p>En la sesi\u00f3n ordinaria del m\u00e1ximo \u00f3rgano colegiado, se acord\u00f3 que el Consejo T\u00e9cnico de la ENAP (ahora FAD) sea la instancia encargada de determinar y otorgar el t\u00edtulo de licenciado en Cinematograf\u00eda a quienes hayan concluido el 100 por ciento del programa educativo impartido en el centro de extensi\u00f3n universitaria antes de la aprobaci\u00f3n de esa carrera.<\/p>\n<p><strong>Estudios sociales<\/strong><\/p>\n<p>La licenciatura en Estudios Sociales y Gesti\u00f3n Local tendr\u00e1 como entidades acad\u00e9micas asesoras a las facultades de Ciencias Pol\u00edticas y Sociales y de Econom\u00eda; al Centro Regional de Investigaciones Multidisciplinarias, as\u00ed como a los institutos de investigaciones Antropol\u00f3gicas, Econ\u00f3micas y Sociales.<\/p>\n<p>Su objetivo general es formar a profesionales con una perspectiva interdisciplinaria, \u00e9tica y responsable, que cuenten con los conocimientos, habilidades y actitudes necesarias para reenfocar los problemas vinculados al desarrollo y poner en pr\u00e1ctica nuevas alternativas y acciones de cambio en el contexto local-territorial, con un enfoque participativo e integrador.<\/p>\n<p>El plan de estudios establece un perfil de egreso que se compone de dos partes: una general para todos los egresados y otra complementaria, espec\u00edfica para cada una de las dos \u00e1reas de profundizaci\u00f3n de la carrera: Gesti\u00f3n de Procesos Socioculturales y Gesti\u00f3n de Procesos Socioecon\u00f3micos.<\/p>\n<p>Tendr\u00e1 una duraci\u00f3n de ocho semestres en los que el estudiante cursar\u00e1 57 asignaturas (48 obligatorias, dos obligatorias por \u00e1rea de profundizaci\u00f3n, cinco optativas y dos optativas transversales). El total de cr\u00e9ditos ser\u00e1 de 369.<\/p>\n<p><strong>Transformaci\u00f3n de la ENAP<\/strong><\/p>\n<p>La transformaci\u00f3n de la ENAP en FAD, que cumple las disposiciones reglamentarias de la Legislaci\u00f3n Universitaria, se hace al tomar en consideraci\u00f3n la trayectoria de la entidad en el campo docente, de investigaci\u00f3n y producci\u00f3n de las artes y el dise\u00f1o.<\/p>\n<p>Se trata de la escuela m\u00e1s importante en Am\u00e9rica Latina (AL) en su \u00e1rea, con 232 a\u00f1os de impartir docencia en el campo de las artes y el dise\u00f1o; es heredera directa del nombre de la Academia de San Carlos, fundada en 1781.<\/p>\n<p>La ENAP ha contribuido al fortalecimiento de la educaci\u00f3n nacional en las \u00e1reas art\u00edsticas mediante la formaci\u00f3n y actualizaci\u00f3n de un n\u00famero importante de profesores aptos para estas disciplinas; adem\u00e1s, cuenta con infraestructura del m\u00e1s alto rango a nivel nacional para la ense\u00f1anza de las artes y el dise\u00f1o tanto en la licenciatura como en el posgrado.<\/p>\n<p>En 1968 se cre\u00f3 la Divisi\u00f3n de Estudios de Posgrado de la instancia, con la \u00fanica maestr\u00eda en Artes Visuales en el pa\u00eds. En 2010 se implementaron las de Dise\u00f1o y Comunicaci\u00f3n Visual, Docencia en Artes y Dise\u00f1o, y Cine Documental. De igual manera, se estableci\u00f3 un doctorado en Artes y Dise\u00f1o, todos dentro del Programa de Posgrado en Artes y Dise\u00f1o.<\/p>\n<p>En 2013 se encontraban inscritos alrededor de 500 alumnos en maestr\u00eda y 90 en doctorado, en este \u00faltimo nivel ya hay graduados.<\/p>\n<p>&nbsp;<\/p>\n<p><a href=\"http:\/\/www.eloriente.net\/home\/wp-content\/uploads\/2014\/03\/UNAM-Por-Wikimedia.jpg\"><img loading=\"lazy\" decoding=\"async\" class=\"alignnone size-medium wp-image-23065\" title=\"UNAM-Por Wikimedia\" src=\"http:\/\/www.eloriente.net\/home\/wp-content\/uploads\/2014\/03\/UNAM-Por-Wikimedia-300x199.jpg\" alt=\"\" width=\"300\" height=\"199\" srcset=\"http:\/\/www.eloriente.net\/home\/wp-content\/uploads\/2014\/03\/UNAM-Por-Wikimedia-300x199.jpg 300w, http:\/\/www.eloriente.net\/home\/wp-content\/uploads\/2014\/03\/UNAM-Por-Wikimedia.jpg 800w\" sizes=\"(max-width: 300px) 100vw, 300px\" \/><\/a><\/p>\n<p>Foto: Wikimedia<\/p>\n<p>&nbsp;<\/p>\n<p><strong>Entradas relacionadas:<\/strong><\/p>\n<p><a title=\"Permalink to La siguiente reforma educativa\" href=\"http:\/\/www.eloriente.net\/home\/2014\/03\/22\/la-siguiente-reforma-educativa\/\" rel=\"bookmark\">La siguiente reforma educativa<\/a><\/p>\n<p><a href=\"http:\/\/www.eloriente.net\/home\/2014\/03\/22\/la-siguiente-reforma-educativa\/\" rel=\"bookmark\"><img decoding=\"async\" title=\"La siguiente reforma educativa\" src=\"http:\/\/www.eloriente.net\/home\/wp-content\/themes\/city-desk\/timthumb.php?src=http%3A%2F%2Fwww.eloriente.net%2Fhome%2Fwp-content%2Fuploads%2F2014%2F03%2FUNAM-Por-Wikimedia.jpg&amp;q=90&amp;w=160&amp;h=106&amp;zc=1\" alt=\"La siguiente reforma educativa\" \/><\/a><\/p>\n<p>eloriente.net 22 de marzo de 2014 Por: Miguel Carbonell El impulso reformador que el gobierno de Pe\u00f1a Nieto ha demostrado hasta el momento, y que ha sido muy bien entendido por nuestros legisladores, debe atreverse a tocar uno de n\u00facleos indispensables para el desarrollo futuro del pa\u00eds: las universidades. Se ha repetido hasta el cansancio [&#8230;]<\/p>\n<p>March 22, 2014<\/p>\n<div id=\"post-22942\">\n<p><a title=\"Permalink to Otorga UABJO Doctorado Honoris Causa a exponentes de las humanidades, arte y cultura\" href=\"http:\/\/www.eloriente.net\/home\/2014\/03\/20\/otorga-uabjo-doctorado-honoris-causa-a-exponentes-de-las-humanidades-arte-y-cultura\/\" rel=\"bookmark\">Otorga UABJO Doctorado Honoris Causa a exponentes de las humanidades, arte y cultura<\/a><\/p>\n<p><a href=\"http:\/\/www.eloriente.net\/home\/2014\/03\/20\/otorga-uabjo-doctorado-honoris-causa-a-exponentes-de-las-humanidades-arte-y-cultura\/\" rel=\"bookmark\"><img decoding=\"async\" title=\"Otorga UABJO Doctorado Honoris Causa a exponentes de las humanidades, arte y cultura\" src=\"http:\/\/www.eloriente.net\/home\/wp-content\/themes\/city-desk\/timthumb.php?src=http%3A%2F%2Fwww.eloriente.net%2Fhome%2Fwp-content%2Fuploads%2F2014%2F03%2Fhonoris-causa.jpg&amp;q=90&amp;w=160&amp;h=106&amp;zc=1\" alt=\"Otorga UABJO Doctorado Honoris Causa a exponentes de las humanidades, arte y cultura\" \/><\/a><\/p>\n<p>eloriente.net\/UABJO 20 de marzo de 2014 En sesi\u00f3n solemne del H. Consejo Universitario, el rector de la Universidad Aut\u00f3noma Benito Ju\u00e1rez de Oaxaca (UABJO), Eduardo Mart\u00ednez Helmes, hizo entrega del grado de Doctor Honoris Causa al ministro de la Suprema Corte de Justicia de la Naci\u00f3n, Dr. Jos\u00e9 Ram\u00f3n Coss\u00edo D\u00edaz; al empresario y fil\u00e1ntropo, [&#8230;]<\/p>\n<p>March 20, 2014<\/p>\n<\/div>\n<p><a title=\"Permalink to Por la diversidad ling\u00fc\u00edstica de Oaxaca y M\u00e9xico\" href=\"http:\/\/www.eloriente.net\/home\/2014\/03\/20\/por-la-diversidad-linguistica-de-mexico-y-oaxaca\/\" rel=\"bookmark\">Por la diversidad ling\u00fc\u00edstica de Oaxaca y M\u00e9xico<\/a><\/p>\n<p><a href=\"http:\/\/www.eloriente.net\/home\/2014\/03\/20\/por-la-diversidad-linguistica-de-mexico-y-oaxaca\/\" rel=\"bookmark\"><img decoding=\"async\" title=\"Por la diversidad ling\u00fc\u00edstica de Oaxaca y M\u00e9xico\" src=\"http:\/\/www.eloriente.net\/home\/wp-content\/themes\/city-desk\/timthumb.php?src=http%3A%2F%2Fwww.eloriente.net%2Fhome%2Fwp-content%2Fuploads%2F2014%2F03%2FTodas-se-llaman-lenguas-1-Foto-Ariadna-Rojas_baja.jpg&amp;q=90&amp;w=160&amp;h=106&amp;zc=1\" alt=\"Por la diversidad ling\u00fc\u00edstica de Oaxaca y M\u00e9xico\" \/><\/a><\/p>\n<p>eloriente.net 20 de marzo de 2014 Por: Juan Pablo Ruiz N\u00fa\u00f1ez* Fotos: Ariadna Rojas La lengua nos define. Con ella explicamos, nombramos, damos dimensi\u00f3n, habitamos el mundo. Gracias a ella la humanidad ha establecido una forma de comunicaci\u00f3n entre sus miembros. El surgimiento del lenguaje articulado permiti\u00f3 procesos mentales m\u00e1s complejos que provocaron la evoluci\u00f3n [&#8230;]<\/p>\n<p>March 20, 2014<\/p>\n\n\t\t\t  <div \n\t\t\t  \tclass = \"fb-comments\" \n\t\t\t  \tdata-href = \"http:\/\/www.eloriente.net\/home\/2014\/03\/22\/unam-crea-licenciatura-en-estudios-sociales-y-gestion-local\/\"\n\t\t\t  \tdata-numposts = \"10\"\n\t\t\t\tdata-colorscheme = \"dark\"\n\t\t\t\tdata-order-by = \"social\"\n\t\t\t\tdata-mobile=true>\n\t\t\t  <\/div>\n\t\t  <style>\n\t\t\t.fb_iframe_widget_fluid_desktop iframe {\n\t\t\t    width: 100% !important;\n\t\t\t}\n\t\t  <\/style>\n\t\t  ","protected":false},"excerpt":{"rendered":"<p>eloriente.net\/UNAM 22 de marzo de 2014 Se impartir\u00e1 en la ENES Unidad Morelia. El Consejo Universitario aprob\u00f3 la transformaci\u00f3n de la ENAP en Facultad de Artes y Dise\u00f1o; tom\u00f3 en consideraci\u00f3n la trayectoria de la entidad en docencia, investigaci\u00f3n y producci\u00f3n en la materia. El Consejo Universitario aprob\u00f3, por votaci\u00f3n un\u00e1nime, la creaci\u00f3n de la [&hellip;]<\/p>\n","protected":false},"author":1,"featured_media":23065,"comment_status":"open","ping_status":"open","sticky":false,"template":"","format":"standard","meta":{"_jetpack_memberships_contains_paid_content":false,"footnotes":""},"categories":[49,18,32,63,10,24,84],"tags":[],"class_list":["post-23082","post","type-post","status-publish","format-standard","has-post-thumbnail","hentry","category-destacadas","category-educacion-y-cultura","category-entradas","category-estados","category-lo-mas-reciente","category-mexico-y-el-mundo","category-universidades"],"jetpack_featured_media_url":"http:\/\/www.eloriente.net\/home\/wp-content\/uploads\/2014\/03\/UNAM-Por-Wikimedia.jpg","jetpack_sharing_enabled":true,"_links":{"self":[{"href":"http:\/\/www.eloriente.net\/home\/wp-json\/wp\/v2\/posts\/23082"}],"collection":[{"href":"http:\/\/www.eloriente.net\/home\/wp-json\/wp\/v2\/posts"}],"about":[{"href":"http:\/\/www.eloriente.net\/home\/wp-json\/wp\/v2\/types\/post"}],"author":[{"embeddable":true,"href":"http:\/\/www.eloriente.net\/home\/wp-json\/wp\/v2\/users\/1"}],"replies":[{"embeddable":true,"href":"http:\/\/www.eloriente.net\/home\/wp-json\/wp\/v2\/comments?post=23082"}],"version-history":[{"count":4,"href":"http:\/\/www.eloriente.net\/home\/wp-json\/wp\/v2\/posts\/23082\/revisions"}],"predecessor-version":[{"id":23086,"href":"http:\/\/www.eloriente.net\/home\/wp-json\/wp\/v2\/posts\/23082\/revisions\/23086"}],"wp:featuredmedia":[{"embeddable":true,"href":"http:\/\/www.eloriente.net\/home\/wp-json\/wp\/v2\/media\/23065"}],"wp:attachment":[{"href":"http:\/\/www.eloriente.net\/home\/wp-json\/wp\/v2\/media?parent=23082"}],"wp:term":[{"taxonomy":"category","embeddable":true,"href":"http:\/\/www.eloriente.net\/home\/wp-json\/wp\/v2\/categories?post=23082"},{"taxonomy":"post_tag","embeddable":true,"href":"http:\/\/www.eloriente.net\/home\/wp-json\/wp\/v2\/tags?post=23082"}],"curies":[{"name":"wp","href":"https:\/\/api.w.org\/{rel}","templated":true}]}}