{"id":23200,"date":"2014-03-26T01:00:32","date_gmt":"2014-03-26T07:00:32","guid":{"rendered":"http:\/\/www.eloriente.net\/home\/?p=23200"},"modified":"2014-03-27T10:04:00","modified_gmt":"2014-03-27T16:04:00","slug":"propone-ejecutivo-federal-decreto-de-ley-de-telecomunicaciones-y-radiodifusion-infografia","status":"publish","type":"post","link":"http:\/\/www.eloriente.net\/home\/2014\/03\/26\/propone-ejecutivo-federal-decreto-de-ley-de-telecomunicaciones-y-radiodifusion-infografia\/","title":{"rendered":"Propone Ejecutivo Federal nueva Ley de Federal de Telecomunicaciones y Radiodifusi\u00f3n #Infograf\u00eda"},"content":{"rendered":"<p>eloriente.net<\/p>\n<p>26 de marzo de 2014<\/p>\n<p>Como parte de la legislaci\u00f3n secundaria de la reforma constitucional en materia de telecomunicaciones, el Poder Ejecutivo Federal, encabezado por el Presidente de la Rep\u00fablica, Enrique Pe\u00f1a Nieto, propuso ante la C\u00e1mara de Senadores el decreto de la Ley Federal de Telecomunicaciones y Radiodifusi\u00f3n.<\/p>\n<p>De acuerdo a Gerardo Ruiz Esparza, titular de la Secretar\u00eda de Comunicaciones y Transportes (SCT), dicha ley suple a la actual Ley Federal de Telecomunicaciones, publicada en el a\u00f1o de 1995; y a la de Radio y Televisi\u00f3n, publicada en 1960.<\/p>\n<p><a href=\"http:\/\/www.presidencia.gob.mx\/regimen-de-concesiones-de-la-iniciativa-de-ley-federal-de-telecomunicaciones-y-radiodifusion\/\" target=\"_blank\">Con informaci\u00f3n de la Presidencia de la Rep\u00fablica<\/a>, la iniciativa contempla un r\u00e9gimen de concesiones \u00fanicas, otorgando un ti\u0301tulo de autorizaci\u00f3n para la prestacio\u0301n de todo tipo de servicios por cualquier medio de transmisio\u0301n; diferenciando su uso: comercial, p\u00fablico, privado o social.<\/p>\n<p>Asimismo, el Poder Ejecutivo se\u00f1al\u00f3 que la iniciativa de Ley Federal de Telecomunicaciones y Radiodifusi\u00f3n plantea generar condiciones que permitan incrementar la infraestructura y la obligacio\u0301n de hacer ma\u0301s eficiente su uso.<\/p>\n<p>Respecto a lo anterior, Gerardo Ruiz Esparza reafirm\u00f3 que ello asegurar\u00e1\u00a0la cobertura para todos los mexicanos, buenos precios y calidad en el servicio de la telecomunicaciones y radiodifusi\u00f3n.<\/p>\n<p>La ley est\u00e1 conformada por\u00a0312 art\u00edculos, 46 cap\u00edtulos, 16 t\u00edtulos y 22 disposiciones transitorios, en los que se determina regular: el espectro radioel\u00e9ctrico y los recursos orbitales, las redes p\u00fablicas de telecomunicaciones, los servicios p\u00fablicos de inter\u00e9s general de telecomunicaciones y radiodifusi\u00f3n, la convergencia y la competencia entre \u00e9stos; y los derechos de los usuarios y las audiencias.<\/p>\n<p>La SCT asever\u00f3 que de aplicarse esta ley habr\u00e1 m\u00e1s competidores y una econom\u00eda m\u00e1s productiva; en 2017, se eliminar\u00e1n los costos de larga distancia, las llamadas se pagar\u00e1n como locales; mejorar\u00e1 el precio y la calidad del servicio de banda ancha; los eventos deportivos m\u00e1s relevantes ser\u00e1n transmitidos por todas las televisoras; y se garantizar\u00e1 una cobertura universal a toda la poblaci\u00f3n.<\/p>\n<p>La propuesta de decreto fue recibida el pasado lunes por la C\u00e1mara de Senadores del Congreso de la Uni\u00f3n, la Mesa Directiva inform\u00f3 de su turno directo a las comisiones unidas de comunicaciones y transportes, de radio, televisi\u00f3n y cinematograf\u00eda y de estudios legislativos el lunes 24 de marzo y de su publicaci\u00f3n en la gaceta de esa misma fecha.<\/p>\n<p>Abajo, puedes consultar la propuesta \u00edntegra.<\/p>\n<p><a href=\"http:\/\/www.eloriente.net\/home\/wp-content\/uploads\/2014\/03\/Infograf\u00eda-Telecomunicaciones.jpg\"><img loading=\"lazy\" decoding=\"async\" class=\"wp-image-23201 aligncenter\" title=\"Infograf\u00eda Telecomunicaciones\" src=\"http:\/\/www.eloriente.net\/home\/wp-content\/uploads\/2014\/03\/Infograf\u00eda-Telecomunicaciones.jpg\" alt=\"\" width=\"582\" height=\"451\" srcset=\"http:\/\/www.eloriente.net\/home\/wp-content\/uploads\/2014\/03\/Infograf\u00eda-Telecomunicaciones.jpg 1616w, http:\/\/www.eloriente.net\/home\/wp-content\/uploads\/2014\/03\/Infograf\u00eda-Telecomunicaciones-300x232.jpg 300w, http:\/\/www.eloriente.net\/home\/wp-content\/uploads\/2014\/03\/Infograf\u00eda-Telecomunicaciones-1024x793.jpg 1024w\" sizes=\"(max-width: 582px) 100vw, 582px\" \/><\/a><\/p>\n<p>&nbsp;<br \/>\n<iframe loading=\"lazy\" width=\"525\" height=\"741\" src=\"\/\/e.issuu.com\/embed.html#5422719\/7261867\" frameborder=\"0\" allowfullscreen><\/iframe><\/p>\n<p><strong>Entradas relacionadas:<\/strong><\/p>\n<p><a title=\"Permalink to \u00bfC\u00f3mo votaron los diputados federales de Oaxaca ante Reformas Estructurales?\" href=\"http:\/\/www.eloriente.net\/home\/2014\/01\/21\/como-votaron-los-diputados-federales-de-oaxaca-ante-reformas-estructurales\/\" rel=\"bookmark\">\u00bfC\u00f3mo votaron los diputados federales de Oaxaca ante Reformas Estructurales?<\/a><\/p>\n<p><a href=\"http:\/\/www.eloriente.net\/home\/2014\/01\/21\/como-votaron-los-diputados-federales-de-oaxaca-ante-reformas-estructurales\/\" rel=\"bookmark\"><img decoding=\"async\" title=\"\u00bfC\u00f3mo votaron los diputados federales de Oaxaca ante Reformas Estructurales?\" src=\"http:\/\/www.eloriente.net\/home\/wp-content\/themes\/city-desk\/timthumb.php?src=http%3A%2F%2Fwww.eloriente.net%2Fhome%2Fwp-content%2Fuploads%2F2013%2F03%2Fsan-lazaro.jpg&amp;q=90&amp;w=160&amp;h=106&amp;zc=1\" alt=\"\u00bfC\u00f3mo votaron los diputados federales de Oaxaca ante Reformas Estructurales?\" \/><\/a><\/p>\n<p>eloriente.net 21 de enero de 2014 Durante el a\u00f10 2013, el Gobierno de la Rep\u00fablica, logr\u00f3 la aprobaci\u00f3n de las Reformas Estructurales en materia de educaci\u00f3n, telecomunicaciones, hacendaria y energ\u00e9tica, a pesar de la fuerte discrepancia entre diversos miembros y fracciones de las c\u00e1maras de Diputados y de Senadores. Por esta raz\u00f3n, el portal de [&#8230;]<\/p>\n<p>January 21, 2014<\/p>\n<p><a title=\"Permalink to 15\/Ene\/14 En Vivo: Foro \u201cRetos de la Nueva Legislaci\u00f3n Secundaria de Telecomunicaciones\u201d\" href=\"http:\/\/www.eloriente.net\/home\/2014\/01\/15\/15ene14-en-vivo-foro-retos-de-la-nueva-legislacion-secundaria-de-telecomunicaciones\/\" rel=\"bookmark\">15\/Ene\/14 En Vivo: Foro \u201cRetos de la Nueva Legislaci\u00f3n Secundaria de Telecomunicaciones\u201d<\/a><\/p>\n<p><a href=\"http:\/\/www.eloriente.net\/home\/2014\/01\/15\/15ene14-en-vivo-foro-retos-de-la-nueva-legislacion-secundaria-de-telecomunicaciones\/\" rel=\"bookmark\"><img decoding=\"async\" title=\"15\/Ene\/14 En Vivo: Foro \u201cRetos de la Nueva Legislaci\u00f3n Secundaria de Telecomunicaciones\u201d\" src=\"http:\/\/www.eloriente.net\/home\/wp-content\/themes\/city-desk\/timthumb.php?src=http%3A%2F%2Fwww.eloriente.net%2Fhome%2Fwp-content%2Fuploads%2F2014%2F01%2Ftelecomunicaciones.jpg&amp;q=90&amp;w=160&amp;h=106&amp;zc=1\" alt=\"15\/Ene\/14 En Vivo: Foro \u201cRetos de la Nueva Legislaci\u00f3n Secundaria de Telecomunicaciones\u201d\" \/><\/a><\/p>\n<p>eloriente.net\/H. Congreso de la Uni\u00f3n 15 de enero de 2014 ELORIENTE.NET pone a tu disposici\u00f3n la transmisi\u00f3n en vivo del Foro \u201cRetos de la Nueva Legislaci\u00f3n Secundaria de Telecomunicaciones\u201d, evento organizado por las Comisiones de Comunicaciones y de Radio y Televisi\u00f3n de la C\u00e1mara de Diputados. El evento se lleva a cabo en el Palacio [&#8230;]<\/p>\n<p>January 15, 2014<\/p>\n<p><a title=\"Permalink to IFT presenta medici\u00f3n de la calidad del servicio de telefon\u00eda m\u00f3vil en Oaxaca\" href=\"http:\/\/www.eloriente.net\/home\/2013\/12\/23\/ift-presenta-medicion-de-la-calidad-del-servicio-de-telefonia-movil-a-nivel-local\/\" rel=\"bookmark\">IFT presenta medici\u00f3n de la calidad del servicio de telefon\u00eda m\u00f3vil en Oaxaca<\/a><\/p>\n<p><a href=\"http:\/\/www.eloriente.net\/home\/2013\/12\/23\/ift-presenta-medicion-de-la-calidad-del-servicio-de-telefonia-movil-a-nivel-local\/\" rel=\"bookmark\"><img decoding=\"async\" title=\"IFT presenta medici\u00f3n de la calidad del servicio de telefon\u00eda m\u00f3vil en Oaxaca\" src=\"http:\/\/www.eloriente.net\/home\/wp-content\/themes\/city-desk\/timthumb.php?src=http%3A%2F%2Fwww.eloriente.net%2Fhome%2Fwp-content%2Fuploads%2F2013%2F12%2Fusing-smartphone-low.jpg&amp;q=90&amp;w=160&amp;h=106&amp;zc=1\" alt=\"IFT presenta medici\u00f3n de la calidad del servicio de telefon\u00eda m\u00f3vil en Oaxaca\" \/><\/a><\/p>\n<p>eloriente.net 23 de diciembre de 2013 El Instituto Federal de Telecomunicaciones (IFT) a trav\u00e9s de su p\u00e1gina web public\u00f3 recientemente la Medici\u00f3n de la Calidad del Servicio Local M\u00f3vil, en la que se presenta una evaluaci\u00f3n al servicio de telefon\u00eda celular, con el objetivo de que los usuarios cuenten con mejores servicios de telefon\u00eda, SMS [&#8230;]<\/p>\n<p>December 23, 2013<\/p>\n<p>&nbsp;<\/p>\n\n\t\t\t  <div \n\t\t\t  \tclass = \"fb-comments\" \n\t\t\t  \tdata-href = \"http:\/\/www.eloriente.net\/home\/2014\/03\/26\/propone-ejecutivo-federal-decreto-de-ley-de-telecomunicaciones-y-radiodifusion-infografia\/\"\n\t\t\t  \tdata-numposts = \"10\"\n\t\t\t\tdata-colorscheme = \"dark\"\n\t\t\t\tdata-order-by = \"social\"\n\t\t\t\tdata-mobile=true>\n\t\t\t  <\/div>\n\t\t  <style>\n\t\t\t.fb_iframe_widget_fluid_desktop iframe {\n\t\t\t    width: 100% !important;\n\t\t\t}\n\t\t  <\/style>\n\t\t  ","protected":false},"excerpt":{"rendered":"<p>eloriente.net 26 de marzo de 2014 Como parte de la legislaci\u00f3n secundaria de la reforma constitucional en materia de telecomunicaciones, el Poder Ejecutivo Federal, encabezado por el Presidente de la Rep\u00fablica, Enrique Pe\u00f1a Nieto, propuso ante la C\u00e1mara de Senadores el decreto de la Ley Federal de Telecomunicaciones y Radiodifusi\u00f3n. De acuerdo a Gerardo Ruiz [&hellip;]<\/p>\n","protected":false},"author":26,"featured_media":23201,"comment_status":"open","ping_status":"open","sticky":false,"template":"","format":"standard","meta":{"_jetpack_memberships_contains_paid_content":false,"footnotes":""},"categories":[91,32,13,10,24,23,21],"tags":[714,393,715,261,199],"class_list":["post-23200","post","type-post","status-publish","format-standard","has-post-thumbnail","hentry","category-congreso-y-justicia","category-entradas","category-especiales","category-lo-mas-reciente","category-mexico-y-el-mundo","category-municipios","category-politica-y-gobierno","tag-decreto","tag-ley","tag-poder-ejecutivo","tag-senado","tag-telecomunicaciones"],"jetpack_featured_media_url":"http:\/\/www.eloriente.net\/home\/wp-content\/uploads\/2014\/03\/Infograf\u00eda-Telecomunicaciones.jpg","jetpack_sharing_enabled":true,"_links":{"self":[{"href":"http:\/\/www.eloriente.net\/home\/wp-json\/wp\/v2\/posts\/23200"}],"collection":[{"href":"http:\/\/www.eloriente.net\/home\/wp-json\/wp\/v2\/posts"}],"about":[{"href":"http:\/\/www.eloriente.net\/home\/wp-json\/wp\/v2\/types\/post"}],"author":[{"embeddable":true,"href":"http:\/\/www.eloriente.net\/home\/wp-json\/wp\/v2\/users\/26"}],"replies":[{"embeddable":true,"href":"http:\/\/www.eloriente.net\/home\/wp-json\/wp\/v2\/comments?post=23200"}],"version-history":[{"count":24,"href":"http:\/\/www.eloriente.net\/home\/wp-json\/wp\/v2\/posts\/23200\/revisions"}],"predecessor-version":[{"id":23228,"href":"http:\/\/www.eloriente.net\/home\/wp-json\/wp\/v2\/posts\/23200\/revisions\/23228"}],"wp:featuredmedia":[{"embeddable":true,"href":"http:\/\/www.eloriente.net\/home\/wp-json\/wp\/v2\/media\/23201"}],"wp:attachment":[{"href":"http:\/\/www.eloriente.net\/home\/wp-json\/wp\/v2\/media?parent=23200"}],"wp:term":[{"taxonomy":"category","embeddable":true,"href":"http:\/\/www.eloriente.net\/home\/wp-json\/wp\/v2\/categories?post=23200"},{"taxonomy":"post_tag","embeddable":true,"href":"http:\/\/www.eloriente.net\/home\/wp-json\/wp\/v2\/tags?post=23200"}],"curies":[{"name":"wp","href":"https:\/\/api.w.org\/{rel}","templated":true}]}}