{"id":23261,"date":"2014-03-26T18:09:05","date_gmt":"2014-03-27T00:09:05","guid":{"rendered":"http:\/\/www.eloriente.net\/home\/?p=23261"},"modified":"2014-03-30T12:10:45","modified_gmt":"2014-03-30T18:10:45","slug":"escucha-a-alejandro-lezama-mayra-mendoza-y-fabiola-calvo-en-todo-oaxaca-radio-25mar14","status":"publish","type":"post","link":"http:\/\/www.eloriente.net\/home\/2014\/03\/26\/escucha-a-alejandro-lezama-mayra-mendoza-y-fabiola-calvo-en-todo-oaxaca-radio-25mar14\/","title":{"rendered":"Escucha a Alejandro Lezama, Mayra Mendoza y Fabiola Calvo en Todo Oaxaca Radio 25\/Mar\/14"},"content":{"rendered":"<p>todooaxacaradio.com<\/p>\n<p>26 de marzo de 2014<\/p>\n<p>Como cada martes, en punto de las 17:00 horas se transmiti\u00f3 el programa Todo Oaxaca Radio completamente en vivo desde la Ciudad de Oaxaca de Ju\u00e1rez, a trav\u00e9s de las frecuencias abiertas 570 AM, 94.9 FM y para todo el mundo a trav\u00e9s de www.todooaxacaradio.com.<\/p>\n<p>El programa es conducido por Rub\u00e9n Vasconcelos Beltr\u00e1n, cronista de la Ciudad de Oaxaca, as\u00ed como Guadalupe Zarza Brise\u00f1o, reconocida empresaria y representante de la sociedad civil.<\/p>\n<p><strong>Nuestros temas e invitados del 25 de marzo de 2014<\/strong><\/p>\n<p>En esta \u00faltima emisi\u00f3n de marzo de 2014, charlamos con diferentes personalidades para abordar temas de inter\u00e9s de car\u00e1cter social y cultural que conciernen a nuestra entidad oaxaque\u00f1a \u00bfquieres saber m\u00e1s? Escucha el programa dando click en el reproductor localizado al final de la redacci\u00f3n.<\/p>\n<p><strong>Minuto 00\u201936\u2019<strong>\u2019<\/strong><\/strong><\/p>\n<p>Alejandro Lezama Mier, encargado del programa Verde Antequera, del Ayuntamiento de Oaxaca de Ju\u00e1rez.<\/p>\n<p><em>\u00abEn la primera trabajamos en Avenida Universidad, donde recogimos toneladas de escombro que estaban en el camell\u00f3n central<\/em><em>\u00ab<\/em><\/p>\n<p><em>\u00abEn el programa retiramos todos los contaminantes, pusimos yocuela, pasto sano, podamos los \u00e1rboles, se retiraron algunos enfermos con plagas, se pintaron aceras y se resanaron algunas fracturas\u00bb<\/em><\/p>\n<p><em>\u00abEn Avenida Universidad se ha trabajado de 1.6 a 1.8 kilometros; despu\u00e9s trabajamos en la calle L. Tamayo\u00bb\u00a0<\/em><\/p>\n<p><em><\/em><em>\u00abEn la segunda etapa est\u00e1n las calles de Escuela Naval Militar, Boulevar San Felipe, Nezahualc\u00f3yotl y Emiliano Zapata\u00bb\u00a0<\/em><\/p>\n<p><em>\u00abHay calles que el avance se ve m\u00e1s r\u00e1pido y otros m\u00e1s lento; cada calle tiene necesidades diferentes\u00bb<\/em><\/p>\n<p><a href=\"http:\/\/www.eloriente.net\/home\/wp-content\/uploads\/2014\/03\/Alejandro-Lezama.jpg\"><img loading=\"lazy\" decoding=\"async\" class=\"size-medium wp-image-23262 aligncenter\" title=\"Alejandro-Lezama\" src=\"http:\/\/www.eloriente.net\/home\/wp-content\/uploads\/2014\/03\/Alejandro-Lezama-300x206.jpg\" alt=\"\" width=\"300\" height=\"206\" srcset=\"http:\/\/www.eloriente.net\/home\/wp-content\/uploads\/2014\/03\/Alejandro-Lezama-300x206.jpg 300w, http:\/\/www.eloriente.net\/home\/wp-content\/uploads\/2014\/03\/Alejandro-Lezama-1024x704.jpg 1024w\" sizes=\"(max-width: 300px) 100vw, 300px\" \/><\/a><\/p>\n<p><strong>Minuto 16\u201923\u2019<strong>\u2019<\/strong><\/strong><\/p>\n<p>Mayra Mendoza Solana, presidenta de la Fundaci\u00f3n UABJO y Fabiola Calvo, dise\u00f1adora textil.<\/p>\n<p><em>\u00abEl d\u00eda s\u00e1bado tenemos una actividad dentro de la fundaci\u00f3n, Cena de Gala 2014\u00bb<\/em><\/p>\n<p><em>\u00abSe realizar\u00e1 en el segundo patio del edificio de la Facultad de Derecho; un edificio representativo para los universitarios\u00bb<\/em><\/p>\n<p><em>\u00abEl objetivo es recaudar fondos para otorgar becas alimentarias a estudiantes de la universidad\u00bb<\/em><\/p>\n<p><em>\u00abEngalamos est\u00e1 cena con una pasarela de moda de Fabiola Calvo y con m\u00fasica de Lorenzo L\u00f3pez\u00bb<\/em><\/p>\n<p>\u00abCreo que todos como sociedad civil debemos aportar algo para que la educaci\u00f3n sea lo primordial para Oaxaca\u00bb<\/p>\n<p><a href=\"http:\/\/www.eloriente.net\/home\/wp-content\/uploads\/2014\/03\/Fundaci\u00f3n-UABJO.jpg\" target=\"_blank\"><img loading=\"lazy\" decoding=\"async\" class=\"aligncenter\" style=\"-webkit-user-select: none; cursor: -webkit-zoom-in;\" src=\"http:\/\/www.eloriente.net\/home\/wp-content\/uploads\/2014\/03\/Fundaci%C3%B3n-UABJO.jpg\" alt=\"\" width=\"300\" height=\"206\" \/><\/a><\/p>\n<p><strong>Minuto 28\u201910\u2019<strong>\u2019<\/strong><\/strong><\/p>\n<p>Aranjuez Ortizgriz, encargada de la biblioteca del Centro Cultural San Pablo.<\/p>\n<p><em>\u00abEstamos organizando el primer torneo de juegos tradicionales para festejar el D\u00eda de Ni\u00f1o el 30 de abril\u00bb<\/em><\/p>\n<p><em>\u00abAntes vamos a tener una serie de eliminatorias por juego todos los fines de semana de abril\u00bb<\/em><\/p>\n<p><em><\/em><em>\u00abHabr\u00e1n 10 finalistas quienes participaran en el concurso el 30 de abril\u00bb<\/em><\/p>\n<p><em>\u00abPodr\u00e1n participar ni\u00f1os entre 7 y 14 a\u00f1os, en dos categor\u00edas de 7 a 10 a\u00f1os y de 11 a 14 a\u00f1os; c<\/em><em>erramos inscripciones el d\u00eda 4 de abril\u00bb<\/em><\/p>\n<p>&nbsp;<\/p>\n<p><iframe loading=\"lazy\" src=\"http:\/\/www.ivoox.com\/player_ek_2963271_1.html\" frameborder=\"0\" scrolling=\"no\" width=\"238\" height=\"48\"><\/iframe><\/p>\n<p>&nbsp;<\/p>\n<p><strong>Entradas relacionadas:<\/strong><\/p>\n<p><a title=\"Permalink to Escucha a Karla Cadena, Fidel Torres y Anuar Jarqu\u00edn en Todo Oaxaca Radio 18\/Mar\/14\" href=\"http:\/\/www.eloriente.net\/home\/2014\/03\/19\/escucha-a-karla-cadena-fidel-torres-y-anuar-jarquin-en-todo-oaxaca-radio-18mar14\/\" rel=\"bookmark\">Escucha a Karla Cadena, Fidel Torres y Anuar Jarqu\u00edn en Todo Oaxaca Radio 18\/Mar\/14<\/a><\/p>\n<p><a href=\"http:\/\/www.eloriente.net\/home\/2014\/03\/19\/escucha-a-karla-cadena-fidel-torres-y-anuar-jarquin-en-todo-oaxaca-radio-18mar14\/\" rel=\"bookmark\"><img decoding=\"async\" title=\"Escucha a Karla Cadena, Fidel Torres y Anuar Jarqu\u00edn en Todo Oaxaca Radio 18\/Mar\/14\" src=\"http:\/\/www.eloriente.net\/home\/wp-content\/themes\/city-desk\/timthumb.php?src=http%3A%2F%2Fwww.eloriente.net%2Fhome%2Fwp-content%2Fuploads%2F2014%2F03%2FKarla-Cadena.jpg&amp;q=90&amp;w=160&amp;h=106&amp;zc=1\" alt=\"Escucha a Karla Cadena, Fidel Torres y Anuar Jarqu\u00edn en Todo Oaxaca Radio 18\/Mar\/14\" \/><\/a><\/p>\n<p>todooaxacaradio.com 19 de marzo de 2014 Como cada martes, en punto de las 17:00 horas se transmiti\u00f3 el programa Todo Oaxaca Radio completamente en vivo desde la Ciudad de Oaxaca de Ju\u00e1rez, a trav\u00e9s de las frecuencias abiertas 570 AM, 94.9 FM y para todo el mundo a trav\u00e9s de www.todooaxacaradio.com. El programa es conducido [&#8230;]<\/p>\n<p>March 19, 2014<\/p>\n<p><a title=\"Permalink to Escucha a Sergio R\u00edos, Ver\u00f3nica Quevedo y Yuri Rold\u00e1n en Todo Oaxaca Radio 11\/Mar\/14\" href=\"http:\/\/www.eloriente.net\/home\/2014\/03\/12\/escucha-a-sergio-rios-veronica-quevedo-y-yuri-roldan-en-todo-oaxaca-radio-11mar14\/\" rel=\"bookmark\">Escucha a Sergio R\u00edos, Ver\u00f3nica Quevedo y Yuri Rold\u00e1n en Todo Oaxaca Radio 11\/Mar\/14<\/a><\/p>\n<p><a href=\"http:\/\/www.eloriente.net\/home\/2014\/03\/12\/escucha-a-sergio-rios-veronica-quevedo-y-yuri-roldan-en-todo-oaxaca-radio-11mar14\/\" rel=\"bookmark\"><img decoding=\"async\" title=\"Escucha a Sergio R\u00edos, Ver\u00f3nica Quevedo y Yuri Rold\u00e1n en Todo Oaxaca Radio 11\/Mar\/14\" src=\"http:\/\/www.eloriente.net\/home\/wp-content\/themes\/city-desk\/timthumb.php?src=http%3A%2F%2Fwww.eloriente.net%2Fhome%2Fwp-content%2Fuploads%2F2014%2F03%2FVer%C3%B3nica-Quevedo.jpg&amp;q=90&amp;w=160&amp;h=106&amp;zc=1\" alt=\"Escucha a Sergio R\u00edos, Ver\u00f3nica Quevedo y Yuri Rold\u00e1n en Todo Oaxaca Radio 11\/Mar\/14\" \/><\/a><\/p>\n<p>todooaxacaradio.com 12 de marzo de 2014 Como cada martes, en punto de las 17:00 horas se transmiti\u00f3 el programa Todo Oaxaca Radio completamente en vivo desde la Ciudad de Oaxaca de Ju\u00e1rez, a trav\u00e9s de las frecuencias abiertas 570 AM, 94.9 FM y para todo el mundo a trav\u00e9s de www.todooaxacaradio.com. El programa es conducido [&#8230;]<\/p>\n<p>March 12, 2014<\/p>\n<p><a title=\"Permalink to Escucha a Jorge Guerrero, Jessica Arag\u00f3n y V\u00edctor Cruz en Todo Oaxaca Radio 4\/Mar\/14\" href=\"http:\/\/www.eloriente.net\/home\/2014\/03\/05\/escucha-a-jorge-guerrero-jessica-aragon-y-victor-cruz-en-todo-oaxaca-radio-4mar14\/\" rel=\"bookmark\">Escucha a Jorge Guerrero, Jessica Arag\u00f3n y V\u00edctor Cruz en Todo Oaxaca Radio 4\/Mar\/14<\/a><\/p>\n<p><a href=\"http:\/\/www.eloriente.net\/home\/2014\/03\/05\/escucha-a-jorge-guerrero-jessica-aragon-y-victor-cruz-en-todo-oaxaca-radio-4mar14\/\" rel=\"bookmark\"><img decoding=\"async\" title=\"Escucha a Jorge Guerrero, Jessica Arag\u00f3n y V\u00edctor Cruz en Todo Oaxaca Radio 4\/Mar\/14\" src=\"http:\/\/www.eloriente.net\/home\/wp-content\/themes\/city-desk\/timthumb.php?src=http%3A%2F%2Fwww.eloriente.net%2Fhome%2Fwp-content%2Fuploads%2F2014%2F03%2FJorge-Guerrero.jpg&amp;q=90&amp;w=160&amp;h=106&amp;zc=1\" alt=\"Escucha a Jorge Guerrero, Jessica Arag\u00f3n y V\u00edctor Cruz en Todo Oaxaca Radio 4\/Mar\/14\" \/><\/a><\/p>\n<p>todooaxacaradio.com 5 de marzo de 2014 Como cada martes, en punto de las 17:00 horas se transmiti\u00f3 el programa Todo Oaxaca Radio completamente en vivo desde la Ciudad de Oaxaca de Ju\u00e1rez, a trav\u00e9s de las frecuencias abiertas 570 AM, 94.9 FM y para todo el mundo a trav\u00e9s de www.todooaxacaradio.com. El programa es conducido [&#8230;]<\/p>\n<p>March 5, 2014<\/p>\n\n\t\t\t  <div \n\t\t\t  \tclass = \"fb-comments\" \n\t\t\t  \tdata-href = \"http:\/\/www.eloriente.net\/home\/2014\/03\/26\/escucha-a-alejandro-lezama-mayra-mendoza-y-fabiola-calvo-en-todo-oaxaca-radio-25mar14\/\"\n\t\t\t  \tdata-numposts = \"10\"\n\t\t\t\tdata-colorscheme = \"dark\"\n\t\t\t\tdata-order-by = \"social\"\n\t\t\t\tdata-mobile=true>\n\t\t\t  <\/div>\n\t\t  <style>\n\t\t\t.fb_iframe_widget_fluid_desktop iframe {\n\t\t\t    width: 100% !important;\n\t\t\t}\n\t\t  <\/style>\n\t\t  ","protected":false},"excerpt":{"rendered":"<p>todooaxacaradio.com 26 de marzo de 2014 Como cada martes, en punto de las 17:00 horas se transmiti\u00f3 el programa Todo Oaxaca Radio completamente en vivo desde la Ciudad de Oaxaca de Ju\u00e1rez, a trav\u00e9s de las frecuencias abiertas 570 AM, 94.9 FM y para todo el mundo a trav\u00e9s de www.todooaxacaradio.com. El programa es conducido [&hellip;]<\/p>\n","protected":false},"author":26,"featured_media":23262,"comment_status":"open","ping_status":"open","sticky":false,"template":"","format":"standard","meta":{"_jetpack_memberships_contains_paid_content":false,"footnotes":""},"categories":[32,63,464,12],"tags":[723,724,73,330,415,182,649],"class_list":["post-23261","post","type-post","status-publish","format-standard","has-post-thumbnail","hentry","category-entradas","category-estados","category-oaxaca-estados","category-todo-oaxaca-radio","tag-antequera","tag-fabiola-calvo","tag-oaxaca","tag-radio","tag-todo","tag-uabjo","tag-verde"],"jetpack_featured_media_url":"http:\/\/www.eloriente.net\/home\/wp-content\/uploads\/2014\/03\/Alejandro-Lezama.jpg","jetpack_sharing_enabled":true,"_links":{"self":[{"href":"http:\/\/www.eloriente.net\/home\/wp-json\/wp\/v2\/posts\/23261"}],"collection":[{"href":"http:\/\/www.eloriente.net\/home\/wp-json\/wp\/v2\/posts"}],"about":[{"href":"http:\/\/www.eloriente.net\/home\/wp-json\/wp\/v2\/types\/post"}],"author":[{"embeddable":true,"href":"http:\/\/www.eloriente.net\/home\/wp-json\/wp\/v2\/users\/26"}],"replies":[{"embeddable":true,"href":"http:\/\/www.eloriente.net\/home\/wp-json\/wp\/v2\/comments?post=23261"}],"version-history":[{"count":7,"href":"http:\/\/www.eloriente.net\/home\/wp-json\/wp\/v2\/posts\/23261\/revisions"}],"predecessor-version":[{"id":23270,"href":"http:\/\/www.eloriente.net\/home\/wp-json\/wp\/v2\/posts\/23261\/revisions\/23270"}],"wp:featuredmedia":[{"embeddable":true,"href":"http:\/\/www.eloriente.net\/home\/wp-json\/wp\/v2\/media\/23262"}],"wp:attachment":[{"href":"http:\/\/www.eloriente.net\/home\/wp-json\/wp\/v2\/media?parent=23261"}],"wp:term":[{"taxonomy":"category","embeddable":true,"href":"http:\/\/www.eloriente.net\/home\/wp-json\/wp\/v2\/categories?post=23261"},{"taxonomy":"post_tag","embeddable":true,"href":"http:\/\/www.eloriente.net\/home\/wp-json\/wp\/v2\/tags?post=23261"}],"curies":[{"name":"wp","href":"https:\/\/api.w.org\/{rel}","templated":true}]}}