{"id":23271,"date":"2014-03-26T18:54:48","date_gmt":"2014-03-27T00:54:48","guid":{"rendered":"http:\/\/www.eloriente.net\/home\/?p=23271"},"modified":"2014-03-30T12:10:20","modified_gmt":"2014-03-30T18:10:20","slug":"jueves-27mar14-1930-exposicion-fotografica-fragmentos-de-suenos","status":"publish","type":"post","link":"http:\/\/www.eloriente.net\/home\/2014\/03\/26\/jueves-27mar14-1930-exposicion-fotografica-fragmentos-de-suenos\/","title":{"rendered":"Jueves 27\/Mar\/14 19:30 Exposici\u00f3n fotogr\u00e1fica \u00abFragmentos de sue\u00f1os\u00bb"},"content":{"rendered":"<p>eloriente.net<\/p>\n<p>26 de marzo de 2014<\/p>\n<p>El Museo del\u00a0Palacio invita al p\u00fablico en general a asistir a la exposici\u00f3n fotogr\u00e1fica \u00abFragmentos de sue\u00f1os\u00bb, de la reportera gr\u00e1fica Blanca Charolet.<\/p>\n<p>La fot\u00f3grafa naci\u00f3 en Chahuites, Oaxaca, en el a\u00f1o de 1953; inici\u00f3 su carrera profesional a la edad de 13 a\u00f1os. Es reconocida por ser la primera fotoreportera en un diario mexicano.<\/p>\n<p>Tambi\u00e9n, Charolet se ha destacado por su material fotogr\u00e1fico retratando a personajes del medio del espect\u00e1culo, pol\u00edtico, intelectual, cultural y cient\u00edfico del pa\u00eds. Fue la fot\u00f3grafa oficial de la Presidencia de la Rep\u00fablica de 1977 a 1982.<\/p>\n<p>La exposici\u00f3n estar\u00e1 abierta de manera temporal a partir del d\u00eda jueves 27 de marzo de 2014 a las 19:30 horas. Cuota de acceso 25 pesos y entrada libre para estudiantes y maestros con credencial actualizada.<\/p>\n<p>&nbsp;<\/p>\n<p><a href=\"http:\/\/www.eloriente.net\/home\/wp-content\/uploads\/2014\/03\/Blanca.jpg\"><img loading=\"lazy\" decoding=\"async\" class=\"alignnone size-medium wp-image-23272\" title=\"Blanca\" src=\"http:\/\/www.eloriente.net\/home\/wp-content\/uploads\/2014\/03\/Blanca-300x178.jpg\" alt=\"\" width=\"300\" height=\"178\" srcset=\"http:\/\/www.eloriente.net\/home\/wp-content\/uploads\/2014\/03\/Blanca-300x178.jpg 300w, http:\/\/www.eloriente.net\/home\/wp-content\/uploads\/2014\/03\/Blanca.jpg 470w\" sizes=\"(max-width: 300px) 100vw, 300px\" \/><\/a><\/p>\n<p>Foto: Blanca Charolet<\/p>\n<p>&nbsp;<\/p>\n<p><strong>Entradas relacionadas:<\/strong><\/p>\n<p><a title=\"Permalink to D\u00eda Mundial de la Poes\u00eda: 5 revistas culturales y literarias de Oaxaca\" href=\"http:\/\/www.eloriente.net\/home\/2014\/03\/21\/5-revistas-culturales-y-literarias-de-oaxaca\/\" rel=\"bookmark\">D\u00eda Mundial de la Poes\u00eda: 5 revistas culturales y literarias de Oaxaca<\/a><\/p>\n<p><a href=\"http:\/\/www.eloriente.net\/home\/2014\/03\/21\/5-revistas-culturales-y-literarias-de-oaxaca\/\" rel=\"bookmark\"><img decoding=\"async\" title=\"D\u00eda Mundial de la Poes\u00eda: 5 revistas culturales y literarias de Oaxaca\" src=\"http:\/\/www.eloriente.net\/home\/wp-content\/themes\/city-desk\/timthumb.php?src=http%3A%2F%2Fwww.eloriente.net%2Fhome%2Fwp-content%2Fuploads%2F2014%2F03%2FJolgorio.png&amp;q=90&amp;w=160&amp;h=106&amp;zc=1\" alt=\"D\u00eda Mundial de la Poes\u00eda: 5 revistas culturales y literarias de Oaxaca\" \/><\/a><\/p>\n<p>eloriente.net 21 de marzo de 2014 En el marco del D\u00eda Mundial de la Poes\u00eda, ELORIENTE.NET, como promotor de la gesti\u00f3n y el consumo cultural, pone a tu disposici\u00f3n y recomendaci\u00f3n 5 revistas de contenido cultural y literario en el estado de Oaxaca. \u00a0 [&amp;lt;a href=\u00bb\/\/storify.com\/ELORIENTE\/revistas-culturales-de-oaxaca\u00bb target=\u00bb_blank\u00bb&amp;gt;View the story \u00ab5 revistas culturales y literarias de [&#8230;]<\/p>\n<p>March 21, 2014<\/p>\n<p><a title=\"Permalink to Por la diversidad ling\u00fc\u00edstica de Oaxaca y M\u00e9xico\" href=\"http:\/\/www.eloriente.net\/home\/2014\/03\/20\/por-la-diversidad-linguistica-de-mexico-y-oaxaca\/\" rel=\"bookmark\">Por la diversidad ling\u00fc\u00edstica de Oaxaca y M\u00e9xico<\/a><\/p>\n<p><a href=\"http:\/\/www.eloriente.net\/home\/2014\/03\/20\/por-la-diversidad-linguistica-de-mexico-y-oaxaca\/\" rel=\"bookmark\"><img decoding=\"async\" title=\"Por la diversidad ling\u00fc\u00edstica de Oaxaca y M\u00e9xico\" src=\"http:\/\/www.eloriente.net\/home\/wp-content\/themes\/city-desk\/timthumb.php?src=http%3A%2F%2Fwww.eloriente.net%2Fhome%2Fwp-content%2Fuploads%2F2014%2F03%2FTodas-se-llaman-lenguas-1-Foto-Ariadna-Rojas_baja.jpg&amp;q=90&amp;w=160&amp;h=106&amp;zc=1\" alt=\"Por la diversidad ling\u00fc\u00edstica de Oaxaca y M\u00e9xico\" \/><\/a><\/p>\n<p>eloriente.net 20 de marzo de 2014 Por: Juan Pablo Ruiz N\u00fa\u00f1ez* Fotos: Ariadna Rojas La lengua nos define. Con ella explicamos, nombramos, damos dimensi\u00f3n, habitamos el mundo. Gracias a ella la humanidad ha establecido una forma de comunicaci\u00f3n entre sus miembros. El surgimiento del lenguaje articulado permiti\u00f3 procesos mentales m\u00e1s complejos que provocaron la evoluci\u00f3n [&#8230;]<\/p>\n<p>March 20, 2014<\/p>\n<p><a title=\"Permalink to No te pierdas exposici\u00f3n \u2018M\u00e9xico Exporta\u2019 en MUFI; \u00faltimos d\u00edas\" href=\"http:\/\/www.eloriente.net\/home\/2014\/03\/19\/no-te-pierdas-exposicion-mexico-exporta-en-mufi-ultimos-dias\/\" rel=\"bookmark\">No te pierdas exposici\u00f3n \u2018M\u00e9xico Exporta\u2019 en MUFI; \u00faltimos d\u00edas<\/a><\/p>\n<p><a href=\"http:\/\/www.eloriente.net\/home\/2014\/03\/19\/no-te-pierdas-exposicion-mexico-exporta-en-mufi-ultimos-dias\/\" rel=\"bookmark\"><img decoding=\"async\" title=\"No te pierdas exposici\u00f3n \u2018M\u00e9xico Exporta\u2019 en MUFI; \u00faltimos d\u00edas\" src=\"http:\/\/www.eloriente.net\/home\/wp-content\/themes\/city-desk\/timthumb.php?src=http%3A%2F%2Fwww.eloriente.net%2Fhome%2Fwp-content%2Fuploads%2F2014%2F03%2FM%C3%A9xico-Exporta-1-Por-El-Oriente.jpg&amp;q=90&amp;w=160&amp;h=106&amp;zc=1\" alt=\"No te pierdas exposici\u00f3n \u2018M\u00e9xico Exporta\u2019 en MUFI; \u00faltimos d\u00edas\" \/><\/a><\/p>\n<p>eloriente.net 19 de marzo de 2014 Fotos: El Oriente Desde el pasado mes de enero, el Museo de la Filatelia (MUFI) exhibe la exposici\u00f3n \u201cM\u00e9xico Exporta: Dise\u00f1o Postal y Comercio Internacional\u201d, el cual presenta una colecci\u00f3n filat\u00e9lica de productos de exportaci\u00f3n agr\u00edcolas, procesados, qu\u00edmicos, industriales y culturales elaborados en el pa\u00eds. \u2018Mexico Exporta\u2019 cubre\u00a028 temas [&#8230;]<\/p>\n<p>March 19, 2014<\/p>\n\n\t\t\t  <div \n\t\t\t  \tclass = \"fb-comments\" \n\t\t\t  \tdata-href = \"http:\/\/www.eloriente.net\/home\/2014\/03\/26\/jueves-27mar14-1930-exposicion-fotografica-fragmentos-de-suenos\/\"\n\t\t\t  \tdata-numposts = \"10\"\n\t\t\t\tdata-colorscheme = \"dark\"\n\t\t\t\tdata-order-by = \"social\"\n\t\t\t\tdata-mobile=true>\n\t\t\t  <\/div>\n\t\t  <style>\n\t\t\t.fb_iframe_widget_fluid_desktop iframe {\n\t\t\t    width: 100% !important;\n\t\t\t}\n\t\t  <\/style>\n\t\t  ","protected":false},"excerpt":{"rendered":"<p>eloriente.net 26 de marzo de 2014 El Museo del\u00a0Palacio invita al p\u00fablico en general a asistir a la exposici\u00f3n fotogr\u00e1fica \u00abFragmentos de sue\u00f1os\u00bb, de la reportera gr\u00e1fica Blanca Charolet. La fot\u00f3grafa naci\u00f3 en Chahuites, Oaxaca, en el a\u00f1o de 1953; inici\u00f3 su carrera profesional a la edad de 13 a\u00f1os. Es reconocida por ser la [&hellip;]<\/p>\n","protected":false},"author":26,"featured_media":23272,"comment_status":"open","ping_status":"open","sticky":false,"template":"","format":"standard","meta":{"_jetpack_memberships_contains_paid_content":false,"footnotes":""},"categories":[8,49,18,32,63,464],"tags":[],"class_list":["post-23271","post","type-post","status-publish","format-standard","has-post-thumbnail","hentry","category-agenda","category-destacadas","category-educacion-y-cultura","category-entradas","category-estados","category-oaxaca-estados"],"jetpack_featured_media_url":"http:\/\/www.eloriente.net\/home\/wp-content\/uploads\/2014\/03\/Blanca.jpg","jetpack_sharing_enabled":true,"_links":{"self":[{"href":"http:\/\/www.eloriente.net\/home\/wp-json\/wp\/v2\/posts\/23271"}],"collection":[{"href":"http:\/\/www.eloriente.net\/home\/wp-json\/wp\/v2\/posts"}],"about":[{"href":"http:\/\/www.eloriente.net\/home\/wp-json\/wp\/v2\/types\/post"}],"author":[{"embeddable":true,"href":"http:\/\/www.eloriente.net\/home\/wp-json\/wp\/v2\/users\/26"}],"replies":[{"embeddable":true,"href":"http:\/\/www.eloriente.net\/home\/wp-json\/wp\/v2\/comments?post=23271"}],"version-history":[{"count":4,"href":"http:\/\/www.eloriente.net\/home\/wp-json\/wp\/v2\/posts\/23271\/revisions"}],"predecessor-version":[{"id":23398,"href":"http:\/\/www.eloriente.net\/home\/wp-json\/wp\/v2\/posts\/23271\/revisions\/23398"}],"wp:featuredmedia":[{"embeddable":true,"href":"http:\/\/www.eloriente.net\/home\/wp-json\/wp\/v2\/media\/23272"}],"wp:attachment":[{"href":"http:\/\/www.eloriente.net\/home\/wp-json\/wp\/v2\/media?parent=23271"}],"wp:term":[{"taxonomy":"category","embeddable":true,"href":"http:\/\/www.eloriente.net\/home\/wp-json\/wp\/v2\/categories?post=23271"},{"taxonomy":"post_tag","embeddable":true,"href":"http:\/\/www.eloriente.net\/home\/wp-json\/wp\/v2\/tags?post=23271"}],"curies":[{"name":"wp","href":"https:\/\/api.w.org\/{rel}","templated":true}]}}