{"id":23277,"date":"2014-03-27T01:00:29","date_gmt":"2014-03-27T07:00:29","guid":{"rendered":"http:\/\/www.eloriente.net\/home\/?p=23277"},"modified":"2014-03-30T12:09:42","modified_gmt":"2014-03-30T18:09:42","slug":"23277","status":"publish","type":"post","link":"http:\/\/www.eloriente.net\/home\/2014\/03\/27\/23277\/","title":{"rendered":"Presentan intervenciones sonoras &#8216;Eco del viento&#8217; en MACO"},"content":{"rendered":"<p>eloriente.net<\/p>\n<p>27 de marzo de 2014<\/p>\n<p>El Museo de Arte Contempor\u00e1neo de Oaxaca (MACO) invita al p\u00fablico en general a asistir a la inauguraci\u00f3n del programa\u00a0<em>LE ST\u00ed BI<\/em> (Eco del viento), una serie de intervenciones experimentales sonoras de Roberto Morales Manzanares y Karina \u00c1lvarez.<\/p>\n<p>A trav\u00e9s de estos audios los creadores pretenden generar una compresi\u00f3n y reflexi\u00f3n de los fen\u00f3menos eco y viendo, elementos tem\u00e1ticos del proyecto &#8216;Eco del viento&#8217;, que hace referencia a un ruido articulado por la naturaleza que se desplaza en una trayectoria produciendo un eco anal\u00f3gico.<\/p>\n<p>De acuerdo con Roberto Arcaute Rodr\u00edguez, responsable de la curadur\u00eda de las intervenciones sonoras, para comprender el fen\u00f3meno del eco del viento es necesario partir de la persistencia ac\u00fastica, fen\u00f3meno por el cual el cerebro humano interpreta como un \u00fanico sonido dos emisiones diferentes recibidos en un corto espacio de tiempo.<\/p>\n<p>Dichos sonidos experimentales ser\u00e1n presentados en el Patio C del MACO, ubicado en Alcal\u00e1 202, Centro Hist\u00f3rico, el pr\u00f3ximo s\u00e1bado 29 de marzo de 2014 a las 19:00 horas, la entrada es libre. Para mayor informaci\u00f3n contactarse al n\u00famero (51)41055.<\/p>\n<p>&nbsp;<\/p>\n<p><a href=\"http:\/\/www.eloriente.net\/home\/wp-content\/uploads\/2014\/03\/arcaute-cartel.jpg\"><img loading=\"lazy\" decoding=\"async\" class=\"wp-image-23278 aligncenter\" title=\"arcaute cartel\" src=\"http:\/\/www.eloriente.net\/home\/wp-content\/uploads\/2014\/03\/arcaute-cartel.jpg\" alt=\"\" width=\"451\" height=\"630\" srcset=\"http:\/\/www.eloriente.net\/home\/wp-content\/uploads\/2014\/03\/arcaute-cartel.jpg 645w, http:\/\/www.eloriente.net\/home\/wp-content\/uploads\/2014\/03\/arcaute-cartel-215x300.jpg 215w\" sizes=\"(max-width: 451px) 100vw, 451px\" \/><\/a><\/p>\n<p>&nbsp;<\/p>\n<p><strong>Entradas relacionadas:<\/strong><\/p>\n<p><a title=\"Permalink to Jueves 27\/Mar\/14 19:30 Exposici\u00f3n fotogr\u00e1fica \u201cFragmentos de sue\u00f1os\u201d\" href=\"http:\/\/www.eloriente.net\/home\/2014\/03\/26\/jueves-27mar14-1930-exposicion-fotografica-fragmentos-de-suenos\/\" rel=\"bookmark\">Jueves 27\/Mar\/14 19:30 Exposici\u00f3n fotogr\u00e1fica \u201cFragmentos de sue\u00f1os\u201d<\/a><\/p>\n<p><a href=\"http:\/\/www.eloriente.net\/home\/2014\/03\/26\/jueves-27mar14-1930-exposicion-fotografica-fragmentos-de-suenos\/\" rel=\"bookmark\"><img decoding=\"async\" title=\"Jueves 27\/Mar\/14 19:30 Exposici\u00f3n fotogr\u00e1fica \u201cFragmentos de sue\u00f1os\u201d\" src=\"http:\/\/www.eloriente.net\/home\/wp-content\/themes\/city-desk\/timthumb.php?src=http%3A%2F%2Fwww.eloriente.net%2Fhome%2Fwp-content%2Fuploads%2F2014%2F03%2FBlanca.jpg&amp;q=90&amp;w=160&amp;h=106&amp;zc=1\" alt=\"Jueves 27\/Mar\/14 19:30 Exposici\u00f3n fotogr\u00e1fica \u201cFragmentos de sue\u00f1os\u201d\" \/><\/a><\/p>\n<p>eloriente.net 26 de marzo de 2014 El Museo del\u00a0Palacio invita al p\u00fablico en general a asistir a la exposici\u00f3n fotogr\u00e1fica \u201cFragmentos de sue\u00f1os\u201d, de la reportera gr\u00e1fica Blanca Charolet. La fot\u00f3grafa naci\u00f3 en Chahuites, Oaxaca, en el a\u00f1o de 1953; inici\u00f3 su carrera profesional a la edad de 13 a\u00f1os. Es reconocida por ser la [&#8230;]<\/p>\n<p>March 26, 2014<\/p>\n<p><a title=\"Permalink to UNAM crea licenciatura en Estudios Sociales y Gesti\u00f3n Local\" href=\"http:\/\/www.eloriente.net\/home\/2014\/03\/22\/unam-crea-licenciatura-en-estudios-sociales-y-gestion-local\/\" rel=\"bookmark\">UNAM crea licenciatura en Estudios Sociales y Gesti\u00f3n Local<\/a><\/p>\n<p><a href=\"http:\/\/www.eloriente.net\/home\/2014\/03\/22\/unam-crea-licenciatura-en-estudios-sociales-y-gestion-local\/\" rel=\"bookmark\"><img decoding=\"async\" title=\"UNAM crea licenciatura en Estudios Sociales y Gesti\u00f3n Local\" src=\"http:\/\/www.eloriente.net\/home\/wp-content\/themes\/city-desk\/timthumb.php?src=http%3A%2F%2Fwww.eloriente.net%2Fhome%2Fwp-content%2Fuploads%2F2014%2F03%2FUNAM-Por-Wikimedia.jpg&amp;q=90&amp;w=160&amp;h=106&amp;zc=1\" alt=\"UNAM crea licenciatura en Estudios Sociales y Gesti\u00f3n Local\" \/><\/a><\/p>\n<p>eloriente.net\/UNAM 22 de marzo de 2014 Se impartir\u00e1 en la ENES Unidad Morelia. El Consejo Universitario aprob\u00f3 la transformaci\u00f3n de la ENAP en Facultad de Artes y Dise\u00f1o; tom\u00f3 en consideraci\u00f3n la trayectoria de la entidad en docencia, investigaci\u00f3n y producci\u00f3n en la materia. El Consejo Universitario aprob\u00f3, por votaci\u00f3n un\u00e1nime, la creaci\u00f3n de la [&#8230;]<\/p>\n<p>March 22, 2014<\/p>\n<div id=\"post-23075\">\n<p><a title=\"Permalink to Domingos 30\/Mar al 27\/Abr 10:00 Taller de pintura al fresco\" href=\"http:\/\/www.eloriente.net\/home\/2014\/03\/22\/domingos-30mar-al-27abr-1000-taller-de-pintura-al-fresco\/\" rel=\"bookmark\">Domingos 30\/Mar al 27\/Abr 10:00 Taller de pintura al fresco<\/a><\/p>\n<p><a href=\"http:\/\/www.eloriente.net\/home\/2014\/03\/22\/domingos-30mar-al-27abr-1000-taller-de-pintura-al-fresco\/\" rel=\"bookmark\"><img decoding=\"async\" title=\"Domingos 30\/Mar al 27\/Abr 10:00 Taller de pintura al fresco\" src=\"http:\/\/www.eloriente.net\/home\/wp-content\/themes\/city-desk\/timthumb.php?src=http%3A%2F%2Fwww.eloriente.net%2Fhome%2Fwp-content%2Fuploads%2F2014%2F03%2FMezcal-Agenda-Por-Demi%C3%A1n-Flores.jpg&amp;q=90&amp;w=160&amp;h=106&amp;zc=1\" alt=\"Domingos 30\/Mar al 27\/Abr 10:00 Taller de pintura al fresco\" \/><\/a><\/p>\n<p>eloriente.net 22 de marzo de 2014 El Instituto Nacional de Antropolog\u00eda e Historia (INAH) y el Centro Cultural Santo Domingo Oaxaca invitan ni\u00f1os y ni\u00f1as entre 8 y 12 a\u00f1os a participar al taller de pintura \u201cFrescos\u201d, impartido por el Mtro. Jes\u00fas Gonz\u00e1lez Guti\u00e9rrez. Los participantes podr\u00e1n aprender el proceso de la t\u00e9cnica de la [&#8230;]<\/p>\n<p>March 22, 2014<\/p>\n<\/div>\n\n\t\t\t  <div \n\t\t\t  \tclass = \"fb-comments\" \n\t\t\t  \tdata-href = \"http:\/\/www.eloriente.net\/home\/2014\/03\/27\/23277\/\"\n\t\t\t  \tdata-numposts = \"10\"\n\t\t\t\tdata-colorscheme = \"dark\"\n\t\t\t\tdata-order-by = \"social\"\n\t\t\t\tdata-mobile=true>\n\t\t\t  <\/div>\n\t\t  <style>\n\t\t\t.fb_iframe_widget_fluid_desktop iframe {\n\t\t\t    width: 100% !important;\n\t\t\t}\n\t\t  <\/style>\n\t\t  ","protected":false},"excerpt":{"rendered":"<p>eloriente.net 27 de marzo de 2014 El Museo de Arte Contempor\u00e1neo de Oaxaca (MACO) invita al p\u00fablico en general a asistir a la inauguraci\u00f3n del programa\u00a0LE ST\u00ed BI (Eco del viento), una serie de intervenciones experimentales sonoras de Roberto Morales Manzanares y Karina \u00c1lvarez. A trav\u00e9s de estos audios los creadores pretenden generar una compresi\u00f3n [&hellip;]<\/p>\n","protected":false},"author":26,"featured_media":23278,"comment_status":"open","ping_status":"open","sticky":false,"template":"","format":"standard","meta":{"_jetpack_memberships_contains_paid_content":false,"footnotes":""},"categories":[18,32,63,10,464],"tags":[],"class_list":["post-23277","post","type-post","status-publish","format-standard","has-post-thumbnail","hentry","category-educacion-y-cultura","category-entradas","category-estados","category-lo-mas-reciente","category-oaxaca-estados"],"jetpack_featured_media_url":"http:\/\/www.eloriente.net\/home\/wp-content\/uploads\/2014\/03\/arcaute-cartel.jpg","jetpack_sharing_enabled":true,"_links":{"self":[{"href":"http:\/\/www.eloriente.net\/home\/wp-json\/wp\/v2\/posts\/23277"}],"collection":[{"href":"http:\/\/www.eloriente.net\/home\/wp-json\/wp\/v2\/posts"}],"about":[{"href":"http:\/\/www.eloriente.net\/home\/wp-json\/wp\/v2\/types\/post"}],"author":[{"embeddable":true,"href":"http:\/\/www.eloriente.net\/home\/wp-json\/wp\/v2\/users\/26"}],"replies":[{"embeddable":true,"href":"http:\/\/www.eloriente.net\/home\/wp-json\/wp\/v2\/comments?post=23277"}],"version-history":[{"count":4,"href":"http:\/\/www.eloriente.net\/home\/wp-json\/wp\/v2\/posts\/23277\/revisions"}],"predecessor-version":[{"id":23281,"href":"http:\/\/www.eloriente.net\/home\/wp-json\/wp\/v2\/posts\/23277\/revisions\/23281"}],"wp:featuredmedia":[{"embeddable":true,"href":"http:\/\/www.eloriente.net\/home\/wp-json\/wp\/v2\/media\/23278"}],"wp:attachment":[{"href":"http:\/\/www.eloriente.net\/home\/wp-json\/wp\/v2\/media?parent=23277"}],"wp:term":[{"taxonomy":"category","embeddable":true,"href":"http:\/\/www.eloriente.net\/home\/wp-json\/wp\/v2\/categories?post=23277"},{"taxonomy":"post_tag","embeddable":true,"href":"http:\/\/www.eloriente.net\/home\/wp-json\/wp\/v2\/tags?post=23277"}],"curies":[{"name":"wp","href":"https:\/\/api.w.org\/{rel}","templated":true}]}}