{"id":23283,"date":"2014-03-27T10:16:59","date_gmt":"2014-03-27T16:16:59","guid":{"rendered":"http:\/\/www.eloriente.net\/home\/?p=23283"},"modified":"2014-03-27T12:03:19","modified_gmt":"2014-03-27T18:03:19","slug":"senado-solicita-a-peticionarios-de-consulta-popular-en-materia-energetica-nombrar-representante","status":"publish","type":"post","link":"http:\/\/www.eloriente.net\/home\/2014\/03\/27\/senado-solicita-a-peticionarios-de-consulta-popular-en-materia-energetica-nombrar-representante\/","title":{"rendered":"Senado solicita a peticionarios de Consulta Popular en materia energ\u00e9tica nombrar representante"},"content":{"rendered":"<p>eloriente.net\/<a href=\"http:\/\/www.senado.gob.mx\/\" target=\"_blank\">Senado de la Rep\u00fablica<\/a><\/p>\n<p>27 de marzo de 2014<\/p>\n<p><strong>Conforme a la Ley Federal de Consulta Popular, la Mesa Directiva da curso a la petici\u00f3n presentada el 3 de diciembre por senadores y ciudadanos.<\/strong><\/p>\n<p><strong><\/strong><strong>Notifica a los peticionarios a que designen a un representante.<\/strong><\/p>\n<p>Conforme a lo dispuesto en la Ley Federal de Consulta Popular promulgada el 14 de marzo pasado, la Mesa Directiva del Senado de la Rep\u00fablica acord\u00f3 dar tr\u00e1mite a la solicitud, presentada ante esta C\u00e1mara del Congreso el 3 de diciembre de 2013, de convocar a consulta popular las modificaciones a los art\u00edculos 27 y 28 constitucionales en materia energ\u00e9tica.<\/p>\n<p>El acuerdo de la Mesa Directiva, presidida por el senador Ra\u00fal Cervantes Andrade, se publica hoy en la Gaceta Parlamentaria y se refiere a la solicitud de consulta popular presentada por los senadores Miguel Barbosa Huerta, Dolores Padierna Luna, Manuel Camacho Sol\u00eds, Alejandro Encinas Rodr\u00edguez, Mario Delgado Carrillo, as\u00ed como por Cuauht\u00e9moc C\u00e1rdenas Sol\u00f3rzano, Jes\u00fas Zambrano Girjalva, Alejandro S\u00e1nchez Camacho, Porfirio Mu\u00f1oz Ledo, Ifigenia Mart\u00ednez, Martha Lamas y Clara Jusidman.<\/p>\n<p>Se\u00f1ala que acorde al art\u00edculo 23, fracci\u00f3n I de la Ley Federal de Consulta Popular, toda solicitud de consulta popular que provenga de ciudadanos deber\u00e1 complementarse con el nombre completo y domicilio de su representante. En caso de no tenerlo, el art\u00edculo 25 de la misma Ley dispone que debe prevenirse a los peticionarios para que subsanen errores u omisiones.<\/p>\n<p>En virtud de que en el escrito de solicitud presentado al Senado el 3 de diciembre no se nombra a un representante, la Mesa Directiva acord\u00f3 que la Secretar\u00eda de Servicios Parlamentarios notifique a los peticionarios para que designen a su representante o, en su caso, ratifiquen a los firmantes en el plazo de tres d\u00edas naturales contados a partir de la notificaci\u00f3n.<\/p>\n<p>En el acuerdo de la Mesa Directiva se advierte de que en caso de no subsanarse el requisito de nombrar un representante, la solicitud se tendr\u00e1 por no presentada como lo establece la Ley Federal de Consulta Popular.<\/p>\n<p>&nbsp;<\/p>\n<p><a href=\"http:\/\/www.eloriente.net\/home\/wp-content\/uploads\/2013\/12\/senado.jpg\"><img loading=\"lazy\" decoding=\"async\" class=\"alignnone size-medium wp-image-18105\" title=\"senado\" src=\"http:\/\/www.eloriente.net\/home\/wp-content\/uploads\/2013\/12\/senado-300x174.jpg\" alt=\"\" width=\"300\" height=\"174\" srcset=\"http:\/\/www.eloriente.net\/home\/wp-content\/uploads\/2013\/12\/senado-300x174.jpg 300w, http:\/\/www.eloriente.net\/home\/wp-content\/uploads\/2013\/12\/senado.jpg 944w\" sizes=\"(max-width: 300px) 100vw, 300px\" \/><\/a><\/p>\n<p>Foto: Senado de la Rep\u00fablica<\/p>\n<p>&nbsp;<\/p>\n<p><strong>Entradas relacionadas:<\/strong><\/p>\n<div id=\"post-23193\">\n<p><a title=\"Permalink to Documental: \u201cNo hay ma\u00f1ana\u201d; consecuencias de la explotaci\u00f3n del petr\u00f3leo y energ\u00eda\" href=\"http:\/\/www.eloriente.net\/home\/2014\/03\/25\/video-no-hay-manana-de-incubate-pictures\/\" rel=\"bookmark\">Documental: \u201cNo hay ma\u00f1ana\u201d; consecuencias de la explotaci\u00f3n del petr\u00f3leo y energ\u00eda<\/a><\/p>\n<p><a href=\"http:\/\/www.eloriente.net\/home\/2014\/03\/25\/video-no-hay-manana-de-incubate-pictures\/\" rel=\"bookmark\"><img decoding=\"async\" title=\"Documental: \u201cNo hay ma\u00f1ana\u201d; consecuencias de la explotaci\u00f3n del petr\u00f3leo y energ\u00eda\" src=\"http:\/\/www.eloriente.net\/home\/wp-content\/themes\/city-desk\/timthumb.php?src=http%3A%2F%2Fwww.eloriente.net%2Fhome%2Fwp-content%2Fuploads%2F2014%2F03%2FGas-y-petr%C3%B3leo.png&amp;q=90&amp;w=160&amp;h=106&amp;zc=1\" alt=\"Documental: \u201cNo hay ma\u00f1ana\u201d; consecuencias de la explotaci\u00f3n del petr\u00f3leo y energ\u00eda\" \/><\/a><\/p>\n<p>eloriente.net 25 de marzo de 2014 ELORIENTE.NET pone a tu disposici\u00f3n el documental animado \u201cNo hay ma\u00f1ana\u201d (There\u2019s no tomorrow), dirigido por Dermot O\u2019Connor y producido por la agencia Incubate Pictures. El video relata sobre las consecuencias de vivir en una civilizaci\u00f3n del petr\u00f3leo, combinada con el\u00a0agotamiento de los recursos y una\u00a0econom\u00eda basada en el [&#8230;]<\/p>\n<p>March 25, 2014<\/p>\n<\/div>\n<div id=\"post-23161\">\n<p><a title=\"Permalink to Se estiman 600 billones de pies c\u00fabicos de reserva de gas shale en M\u00e9xico\" href=\"http:\/\/www.eloriente.net\/home\/2014\/03\/25\/se-estiman-600-billones-de-pies-cubicos-de-reserva-de-gas-shale-en-mexico\/\" rel=\"bookmark\">Se estiman 600 billones de pies c\u00fabicos de reserva de gas shale en M\u00e9xico<\/a><\/p>\n<p><a href=\"http:\/\/www.eloriente.net\/home\/2014\/03\/25\/se-estiman-600-billones-de-pies-cubicos-de-reserva-de-gas-shale-en-mexico\/\" rel=\"bookmark\"><img decoding=\"async\" title=\"Se estiman 600 billones de pies c\u00fabicos de reserva de gas shale en M\u00e9xico\" src=\"http:\/\/www.eloriente.net\/home\/wp-content\/themes\/city-desk\/timthumb.php?src=http%3A%2F%2Fwww.eloriente.net%2Fhome%2Fwp-content%2Fuploads%2F2014%2F03%2FInfograf%C3%ADa-Gas-Shale.jpg&amp;q=90&amp;w=160&amp;h=106&amp;zc=1\" alt=\"Se estiman 600 billones de pies c\u00fabicos de reserva de gas shale en M\u00e9xico\" \/><\/a><\/p>\n<p>eloriente.net 25 de marzo de 2014 De acuerdo a cifras de la Agencia Internacional de Energ\u00eda (IEA), se estima que la reserva de gas shale en M\u00e9xico asciende a 600 millones de pies c\u00fabicos. Dicho hidrocarburo se caracteriza por contener gas y petr\u00f3leo. En el pa\u00eds existen 6 pozos de extracci\u00f3n a trav\u00e9s del fracking\u00a0o [&#8230;]<\/p>\n<p>March 25, 2014<\/p>\n<\/div>\n<p><a title=\"Permalink to 6 de marzo de 1994: Discurso de Luis Donaldo Colosio en Monumento a la Revoluci\u00f3n\" href=\"http:\/\/www.eloriente.net\/home\/2014\/03\/21\/a-19-anos-del-homicidio-contra-luis-donaldo-colosio-su-discurso-del-6-de-marzo-integro-por-el_oriente\/\" rel=\"bookmark\">6 de marzo de 1994: Discurso de Luis Donaldo Colosio en Monumento a la Revoluci\u00f3n<\/a><\/p>\n<p><a href=\"http:\/\/www.eloriente.net\/home\/2014\/03\/21\/a-19-anos-del-homicidio-contra-luis-donaldo-colosio-su-discurso-del-6-de-marzo-integro-por-el_oriente\/\" rel=\"bookmark\"><img decoding=\"async\" title=\"6 de marzo de 1994: Discurso de Luis Donaldo Colosio en Monumento a la Revoluci\u00f3n\" src=\"http:\/\/www.eloriente.net\/home\/wp-content\/themes\/city-desk\/timthumb.php?src=http%3A%2F%2Fwww.eloriente.net%2Fhome%2Fwp-content%2Fuploads%2F2013%2F03%2FCOLOSIO-Algunos-derechos-reservados-por-tombothetominator-e1364057451396.jpg&amp;q=90&amp;w=160&amp;h=106&amp;zc=1\" alt=\"6 de marzo de 1994: Discurso de Luis Donaldo Colosio en Monumento a la Revoluci\u00f3n\" \/><\/a><\/p>\n<p>eloriente.net 23 de marzo de 2013 Han pasado 19 a\u00f1os de que Luis Donaldo Colosio Murrieta, entonces candidato del Partido Revolucionario Institucional, fuese asesinado en Lomas Taurinas, Tijuana. No cabe la menor duda de que el tiempo ha reafirmado que el discurso que pronunci\u00f3 apenas 17 d\u00edas antes, el 6 de marzo de 1994, en [&#8230;]<\/p>\n<p>March 21, 2014<\/p>\n\n\t\t\t  <div \n\t\t\t  \tclass = \"fb-comments\" \n\t\t\t  \tdata-href = \"http:\/\/www.eloriente.net\/home\/2014\/03\/27\/senado-solicita-a-peticionarios-de-consulta-popular-en-materia-energetica-nombrar-representante\/\"\n\t\t\t  \tdata-numposts = \"10\"\n\t\t\t\tdata-colorscheme = \"dark\"\n\t\t\t\tdata-order-by = \"social\"\n\t\t\t\tdata-mobile=true>\n\t\t\t  <\/div>\n\t\t  <style>\n\t\t\t.fb_iframe_widget_fluid_desktop iframe {\n\t\t\t    width: 100% !important;\n\t\t\t}\n\t\t  <\/style>\n\t\t  ","protected":false},"excerpt":{"rendered":"<p>eloriente.net\/Senado de la Rep\u00fablica 27 de marzo de 2014 Conforme a la Ley Federal de Consulta Popular, la Mesa Directiva da curso a la petici\u00f3n presentada el 3 de diciembre por senadores y ciudadanos. Notifica a los peticionarios a que designen a un representante. Conforme a lo dispuesto en la Ley Federal de Consulta Popular [&hellip;]<\/p>\n","protected":false},"author":1,"featured_media":18105,"comment_status":"open","ping_status":"open","sticky":false,"template":"","format":"standard","meta":{"_jetpack_memberships_contains_paid_content":false,"footnotes":""},"categories":[32,10,24,19],"tags":[],"class_list":["post-23283","post","type-post","status-publish","format-standard","has-post-thumbnail","hentry","category-entradas","category-lo-mas-reciente","category-mexico-y-el-mundo","category-turismo-y-negocios"],"jetpack_featured_media_url":"http:\/\/www.eloriente.net\/home\/wp-content\/uploads\/2013\/12\/senado.jpg","jetpack_sharing_enabled":true,"_links":{"self":[{"href":"http:\/\/www.eloriente.net\/home\/wp-json\/wp\/v2\/posts\/23283"}],"collection":[{"href":"http:\/\/www.eloriente.net\/home\/wp-json\/wp\/v2\/posts"}],"about":[{"href":"http:\/\/www.eloriente.net\/home\/wp-json\/wp\/v2\/types\/post"}],"author":[{"embeddable":true,"href":"http:\/\/www.eloriente.net\/home\/wp-json\/wp\/v2\/users\/1"}],"replies":[{"embeddable":true,"href":"http:\/\/www.eloriente.net\/home\/wp-json\/wp\/v2\/comments?post=23283"}],"version-history":[{"count":3,"href":"http:\/\/www.eloriente.net\/home\/wp-json\/wp\/v2\/posts\/23283\/revisions"}],"predecessor-version":[{"id":23307,"href":"http:\/\/www.eloriente.net\/home\/wp-json\/wp\/v2\/posts\/23283\/revisions\/23307"}],"wp:featuredmedia":[{"embeddable":true,"href":"http:\/\/www.eloriente.net\/home\/wp-json\/wp\/v2\/media\/18105"}],"wp:attachment":[{"href":"http:\/\/www.eloriente.net\/home\/wp-json\/wp\/v2\/media?parent=23283"}],"wp:term":[{"taxonomy":"category","embeddable":true,"href":"http:\/\/www.eloriente.net\/home\/wp-json\/wp\/v2\/categories?post=23283"},{"taxonomy":"post_tag","embeddable":true,"href":"http:\/\/www.eloriente.net\/home\/wp-json\/wp\/v2\/tags?post=23283"}],"curies":[{"name":"wp","href":"https:\/\/api.w.org\/{rel}","templated":true}]}}