{"id":23285,"date":"2014-03-27T10:29:58","date_gmt":"2014-03-27T16:29:58","guid":{"rendered":"http:\/\/www.eloriente.net\/home\/?p=23285"},"modified":"2014-03-27T11:57:37","modified_gmt":"2014-03-27T17:57:37","slug":"27mar14-1000-en-vivo-foro-nacional-de-consulta-sobre-educacion-basica-desde-villahermosa","status":"publish","type":"post","link":"http:\/\/www.eloriente.net\/home\/2014\/03\/27\/27mar14-1000-en-vivo-foro-nacional-de-consulta-sobre-educacion-basica-desde-villahermosa\/","title":{"rendered":"27\/Mar\/14 10:00 En Vivo: Foro Nacional de Consulta sobre Educaci\u00f3n B\u00e1sica, desde Villahermosa"},"content":{"rendered":"<p>eloriente.net<\/p>\n<p>27 de marzo de 2014<\/p>\n<p>La Secretar\u00eda de Educaci\u00f3n P\u00fablica organiza en Villahermosa este 27 de marzo el foro sobre <a href=\"http:\/\/www.modeloeducativo.sep.gob.mx\/\" target=\"_blank\">Educaci\u00f3n B\u00e1sica de la Consulta Nacional<\/a> a la cual convocara, para efectuar \u201cuna revisi\u00f3n del modelo educativo\u201d.<\/p>\n<p>Desde <a href=\"http:\/\/www.modeloeducativo.sep.gob.mx\/foros_fecha.html\" target=\"_blank\">febrero hasta junio de 2014<\/a>, una serie de foros ser\u00e1n efectuados en diversas sedes regionales.<\/p>\n<p>La <a target=\"_blank\">Agenda espec\u00edfica para el tema de Educaci\u00f3n B\u00e1sica<\/a> son:<\/p>\n<p>1. El reto de educar a los mexicanos en el siglo XXI<\/p>\n<p>2. \u00bfQu\u00e9 es hoy lo b\u00e1sico indispensable?<\/p>\n<p>3. \u00bfC\u00f3mo organizar la escuela de educaci\u00f3n b\u00e1sica para que sea eficaz?<\/p>\n<p>4. \u00bfC\u00f3mo garantizar la inclusi\u00f3n y la equidad en la escuela b\u00e1sica?<\/p>\n<p>5. El desarrollo profesional docente<\/p>\n<p>Antes, sobre el mismo tema, se efectu\u00f3 otro foro en la <a href=\"http:\/\/www.eloriente.net\/home\/2014\/03\/13\/13mar14-1000-en-vivo-foro-nacional-sobre-educacion-basica\/\" target=\"_blank\">Ciudad de Puebla<\/a>.<\/p>\n<p>Por la importancia de estos temas y de la consulta en general, sigue desde las 10 de la ma\u00f1ana de este 27 de marzo, en vivo con se\u00f1al de la SEP, la transmisi\u00f3n en directo. Da click sobre la imagen:<\/p>\n<p>&nbsp;<\/p>\n<p><a href=\"http:\/\/televisioneducativa.gob.mx\/especial\/\" target=\"_blank\"><img loading=\"lazy\" decoding=\"async\" class=\"size-medium wp-image-23286 aligncenter\" title=\"Foro Educaci\u00f3n Villahermosa\" src=\"http:\/\/www.eloriente.net\/home\/wp-content\/uploads\/2014\/03\/Captura-de-pantalla-2014-03-27-a-las-10.27.13-300x203.png\" alt=\"\" width=\"300\" height=\"203\" srcset=\"http:\/\/www.eloriente.net\/home\/wp-content\/uploads\/2014\/03\/Captura-de-pantalla-2014-03-27-a-las-10.27.13-300x203.png 300w, http:\/\/www.eloriente.net\/home\/wp-content\/uploads\/2014\/03\/Captura-de-pantalla-2014-03-27-a-las-10.27.13.png 795w\" sizes=\"(max-width: 300px) 100vw, 300px\" \/><\/a><\/p>\n<p style=\"text-align: center;\">Imagen: Pantalla de Transmisi\u00f3n, Villahermosa<\/p>\n<p>&nbsp;<\/p>\n<p><strong>Entradas relacionadas:<\/strong><\/p>\n<div id=\"post-23200\">\n<p><a title=\"Permalink to Propone Ejecutivo Federal nueva Ley de Federal de Telecomunicaciones y Radiodifusi\u00f3n #Infograf\u00eda\" href=\"http:\/\/www.eloriente.net\/home\/2014\/03\/26\/propone-ejecutivo-federal-decreto-de-ley-de-telecomunicaciones-y-radiodifusion-infografia\/\" rel=\"bookmark\">Propone Ejecutivo Federal nueva Ley de Federal de Telecomunicaciones y Radiodifusi\u00f3n #Infograf\u00eda<\/a><\/p>\n<p><a href=\"http:\/\/www.eloriente.net\/home\/2014\/03\/26\/propone-ejecutivo-federal-decreto-de-ley-de-telecomunicaciones-y-radiodifusion-infografia\/\" rel=\"bookmark\"><img decoding=\"async\" title=\"Propone Ejecutivo Federal nueva Ley de Federal de Telecomunicaciones y Radiodifusi\u00f3n #Infograf\u00eda\" src=\"http:\/\/www.eloriente.net\/home\/wp-content\/themes\/city-desk\/timthumb.php?src=http%3A%2F%2Fwww.eloriente.net%2Fhome%2Fwp-content%2Fuploads%2F2014%2F03%2FInfograf%C3%ADa-Telecomunicaciones.jpg&amp;q=90&amp;w=160&amp;h=106&amp;zc=1\" alt=\"Propone Ejecutivo Federal nueva Ley de Federal de Telecomunicaciones y Radiodifusi\u00f3n #Infograf\u00eda\" \/><\/a><\/p>\n<p>eloriente.net 26 de marzo de 2014 Como parte de la legislaci\u00f3n secundaria de la reforma constitucional en materia de telecomunicaciones, el Poder Ejecutivo Federal, encabezado por el Presidente de la Rep\u00fablica, Enrique Pe\u00f1a Nieto, propuso ante la C\u00e1mara de Senadores el decreto de la Ley Federal de Telecomunicaciones y Radiodifusi\u00f3n. De acuerdo a Gerardo Ruiz [&#8230;]<\/p>\n<p>March 26, 2014<\/p>\n<\/div>\n<div id=\"post-22456\">\n<p><a title=\"Permalink to Videos: Foros de consulta de educaci\u00f3n normal en M\u00e9xico\" href=\"http:\/\/www.eloriente.net\/home\/2014\/03\/13\/videos-foros-de-consulta-de-educacion-normal-en-mexico\/\" rel=\"bookmark\">Videos: Foros de consulta de educaci\u00f3n normal en M\u00e9xico<\/a><\/p>\n<p><a href=\"http:\/\/www.eloriente.net\/home\/2014\/03\/13\/videos-foros-de-consulta-de-educacion-normal-en-mexico\/\" rel=\"bookmark\"><img decoding=\"async\" title=\"Videos: Foros de consulta de educaci\u00f3n normal en M\u00e9xico\" src=\"http:\/\/www.eloriente.net\/home\/wp-content\/themes\/city-desk\/timthumb.php?src=http%3A%2F%2Fwww.eloriente.net%2Fhome%2Fwp-content%2Fuploads%2F2014%2F03%2Fconsulta-educaci%C3%B3n-normal.jpg&amp;q=90&amp;w=160&amp;h=106&amp;zc=1\" alt=\"Videos: Foros de consulta de educaci\u00f3n normal en M\u00e9xico\" \/><\/a><\/p>\n<p>eloriente.net 13 de marzo de 2014 Dentro del marco de actividades \u201cForos de Consulta Nacional\u00a0para la revisi\u00f3n del Modelo Educativo\u201d, convocado por la Secretar\u00eda de Educaci\u00f3n P\u00fablica (SEP), se llevaron a cabo las mesas de an\u00e1lisis y evaluaci\u00f3n de la actual educaci\u00f3n normal en el pa\u00eds. Como te lo dimos a conocer semanas pasadas, los [&#8230;]<\/p>\n<p>March 13, 2014<\/p>\n<\/div>\n<p><a title=\"Permalink to 13\/Mar\/14 10:00 En Vivo: Foro Nacional sobre Educaci\u00f3n B\u00e1sica\" href=\"http:\/\/www.eloriente.net\/home\/2014\/03\/13\/13mar14-1000-en-vivo-foro-nacional-sobre-educacion-basica\/\" rel=\"bookmark\">13\/Mar\/14 10:00 En Vivo: Foro Nacional sobre Educaci\u00f3n B\u00e1sica<\/a><\/p>\n<p><a href=\"http:\/\/www.eloriente.net\/home\/2014\/03\/13\/13mar14-1000-en-vivo-foro-nacional-sobre-educacion-basica\/\" rel=\"bookmark\"><img decoding=\"async\" title=\"13\/Mar\/14 10:00 En Vivo: Foro Nacional sobre Educaci\u00f3n B\u00e1sica\" src=\"http:\/\/www.eloriente.net\/home\/wp-content\/themes\/city-desk\/timthumb.php?src=http%3A%2F%2Fwww.eloriente.net%2Fhome%2Fwp-content%2Fuploads%2F2014%2F03%2FCaptura-de-pantalla-2014-03-13-a-las-10.18.19.png&amp;q=90&amp;w=160&amp;h=106&amp;zc=1\" alt=\"13\/Mar\/14 10:00 En Vivo: Foro Nacional sobre Educaci\u00f3n B\u00e1sica\" \/><\/a><\/p>\n<p>eloriente.net 13 de marzo de 2014 La Secretar\u00eda de Educaci\u00f3n P\u00fablica organiza en Puebla este 13 de marzo el foro sobre Educaci\u00f3n B\u00e1sica de la Consulta Nacional a la cual convocara, para efectuar \u201cuna revisi\u00f3n del modelo educativo\u201d. Desde febrero hasta junio de 2014, una serie de foros ser\u00e1n efectuados en diversas sedes regionales. La [&#8230;]<\/p>\n<p>March 13, 2014<\/p>\n\n\t\t\t  <div \n\t\t\t  \tclass = \"fb-comments\" \n\t\t\t  \tdata-href = \"http:\/\/www.eloriente.net\/home\/2014\/03\/27\/27mar14-1000-en-vivo-foro-nacional-de-consulta-sobre-educacion-basica-desde-villahermosa\/\"\n\t\t\t  \tdata-numposts = \"10\"\n\t\t\t\tdata-colorscheme = \"dark\"\n\t\t\t\tdata-order-by = \"social\"\n\t\t\t\tdata-mobile=true>\n\t\t\t  <\/div>\n\t\t  <style>\n\t\t\t.fb_iframe_widget_fluid_desktop iframe {\n\t\t\t    width: 100% !important;\n\t\t\t}\n\t\t  <\/style>\n\t\t  ","protected":false},"excerpt":{"rendered":"<p>eloriente.net 27 de marzo de 2014 La Secretar\u00eda de Educaci\u00f3n P\u00fablica organiza en Villahermosa este 27 de marzo el foro sobre Educaci\u00f3n B\u00e1sica de la Consulta Nacional a la cual convocara, para efectuar \u201cuna revisi\u00f3n del modelo educativo\u201d. Desde febrero hasta junio de 2014, una serie de foros ser\u00e1n efectuados en diversas sedes regionales. La [&hellip;]<\/p>\n","protected":false},"author":1,"featured_media":23286,"comment_status":"open","ping_status":"open","sticky":false,"template":"","format":"standard","meta":{"_jetpack_memberships_contains_paid_content":false,"footnotes":""},"categories":[4,18,32,10,24,21],"tags":[],"class_list":["post-23285","post","type-post","status-publish","format-standard","has-post-thumbnail","hentry","category-canal-2-en-vivo","category-educacion-y-cultura","category-entradas","category-lo-mas-reciente","category-mexico-y-el-mundo","category-politica-y-gobierno"],"jetpack_featured_media_url":"http:\/\/www.eloriente.net\/home\/wp-content\/uploads\/2014\/03\/Captura-de-pantalla-2014-03-27-a-las-10.27.13.png","jetpack_sharing_enabled":true,"_links":{"self":[{"href":"http:\/\/www.eloriente.net\/home\/wp-json\/wp\/v2\/posts\/23285"}],"collection":[{"href":"http:\/\/www.eloriente.net\/home\/wp-json\/wp\/v2\/posts"}],"about":[{"href":"http:\/\/www.eloriente.net\/home\/wp-json\/wp\/v2\/types\/post"}],"author":[{"embeddable":true,"href":"http:\/\/www.eloriente.net\/home\/wp-json\/wp\/v2\/users\/1"}],"replies":[{"embeddable":true,"href":"http:\/\/www.eloriente.net\/home\/wp-json\/wp\/v2\/comments?post=23285"}],"version-history":[{"count":5,"href":"http:\/\/www.eloriente.net\/home\/wp-json\/wp\/v2\/posts\/23285\/revisions"}],"predecessor-version":[{"id":23304,"href":"http:\/\/www.eloriente.net\/home\/wp-json\/wp\/v2\/posts\/23285\/revisions\/23304"}],"wp:featuredmedia":[{"embeddable":true,"href":"http:\/\/www.eloriente.net\/home\/wp-json\/wp\/v2\/media\/23286"}],"wp:attachment":[{"href":"http:\/\/www.eloriente.net\/home\/wp-json\/wp\/v2\/media?parent=23285"}],"wp:term":[{"taxonomy":"category","embeddable":true,"href":"http:\/\/www.eloriente.net\/home\/wp-json\/wp\/v2\/categories?post=23285"},{"taxonomy":"post_tag","embeddable":true,"href":"http:\/\/www.eloriente.net\/home\/wp-json\/wp\/v2\/tags?post=23285"}],"curies":[{"name":"wp","href":"https:\/\/api.w.org\/{rel}","templated":true}]}}