{"id":23302,"date":"2014-03-27T12:01:41","date_gmt":"2014-03-27T18:01:41","guid":{"rendered":"http:\/\/www.eloriente.net\/home\/?p=23302"},"modified":"2014-03-27T12:01:41","modified_gmt":"2014-03-27T18:01:41","slug":"27mar14-en-vivo-sesion-del-senado-de-la-republica-por-canal-2","status":"publish","type":"post","link":"http:\/\/www.eloriente.net\/home\/2014\/03\/27\/27mar14-en-vivo-sesion-del-senado-de-la-republica-por-canal-2\/","title":{"rendered":"27\/Mar\/14 En Vivo: Sesi\u00f3n del Senado de la Rep\u00fablica, por Canal 2"},"content":{"rendered":"<p>eloriente.net\/<a href=\"http:\/\/www.senado.gob.mx\/\" target=\"_blank\">Senado de la Rep\u00fablica<\/a><\/p>\n<p>27 de marzo de 2014<\/p>\n<p>Conscientes de su importancia para la vida de la comunidad, nos enlazamos con la se\u00f1al del Senado de la Rep\u00fablica para la sesi\u00f3n ordinaria de este d\u00eda.<\/p>\n<p>Para verificar el orden del d\u00eda de la sesi\u00f3n de hoy, da click <a href=\"http:\/\/www.senado.gob.mx\/?ver=sp&amp;mn=2&amp;sm=2&amp;id=46556\" target=\"_blank\">AQU\u00cd.<\/a><\/p>\n<p>Sigue la transmisi\u00f3n en vivo:<\/p>\n<p><iframe loading=\"lazy\" src=\"\/\/www.youtube.com\/embed\/8J2xJO4TeuM\" frameborder=\"0\" width=\"560\" height=\"315\"><\/iframe><\/p>\n<p><a href=\"http:\/\/www.eloriente.net\/home\/wp-content\/uploads\/2013\/12\/senado1.jpg\"><img loading=\"lazy\" decoding=\"async\" class=\"alignnone size-medium wp-image-18543\" title=\"senado\" src=\"http:\/\/www.eloriente.net\/home\/wp-content\/uploads\/2013\/12\/senado1-300x174.jpg\" alt=\"\" width=\"300\" height=\"174\" srcset=\"http:\/\/www.eloriente.net\/home\/wp-content\/uploads\/2013\/12\/senado1-300x174.jpg 300w, http:\/\/www.eloriente.net\/home\/wp-content\/uploads\/2013\/12\/senado1.jpg 944w\" sizes=\"(max-width: 300px) 100vw, 300px\" \/><\/a><\/p>\n<p><strong>Otras entradas:<\/strong><\/p>\n<div id=\"post-23285\">\n<p><a title=\"Permalink to 27\/Mar\/14 10:00 En Vivo: Foro Nacional de Consulta sobre Educaci\u00f3n B\u00e1sica, desde Villahermosa\" href=\"http:\/\/www.eloriente.net\/home\/2014\/03\/27\/27mar14-1000-en-vivo-foro-nacional-de-consulta-sobre-educacion-basica-desde-villahermosa\/\" rel=\"bookmark\">27\/Mar\/14 10:00 En Vivo: Foro Nacional de Consulta sobre Educaci\u00f3n B\u00e1sica, desde Villahermosa<\/a><\/p>\n<p><a href=\"http:\/\/www.eloriente.net\/home\/2014\/03\/27\/27mar14-1000-en-vivo-foro-nacional-de-consulta-sobre-educacion-basica-desde-villahermosa\/\" rel=\"bookmark\"><img decoding=\"async\" title=\"27\/Mar\/14 10:00 En Vivo: Foro Nacional de Consulta sobre Educaci\u00f3n B\u00e1sica, desde Villahermosa\" src=\"http:\/\/www.eloriente.net\/home\/wp-content\/themes\/city-desk\/timthumb.php?src=http%3A%2F%2Fwww.eloriente.net%2Fhome%2Fwp-content%2Fuploads%2F2014%2F03%2FCaptura-de-pantalla-2014-03-27-a-las-10.27.13.png&amp;q=90&amp;w=160&amp;h=106&amp;zc=1\" alt=\"27\/Mar\/14 10:00 En Vivo: Foro Nacional de Consulta sobre Educaci\u00f3n B\u00e1sica, desde Villahermosa\" \/><\/a>eloriente.net 27 de marzo de 2014 La Secretar\u00eda de Educaci\u00f3n P\u00fablica organiza en Villahermosa este 27 de marzo el foro sobre Educaci\u00f3n B\u00e1sica de la Consulta Nacional a la cual convocara, para efectuar \u201cuna revisi\u00f3n del modelo educativo\u201d. Desde febrero hasta junio de 2014, una serie de foros ser\u00e1n efectuados en diversas sedes regionales. La [&#8230;]<\/p>\n<p>March 27, 2014<\/p>\n<\/div>\n<div id=\"post-23261\">\n<p><a title=\"Permalink to Escucha a Alejandro Lezama, Mayra Mendoza y Fabiola Calvo en Todo Oaxaca Radio 25\/Mar\/14\" href=\"http:\/\/www.eloriente.net\/home\/2014\/03\/26\/escucha-a-alejandro-lezama-mayra-mendoza-y-fabiola-calvo-en-todo-oaxaca-radio-25mar14\/\" rel=\"bookmark\">Escucha a Alejandro Lezama, Mayra Mendoza y Fabiola Calvo en Todo Oaxaca Radio 25\/Mar\/14<\/a><\/p>\n<p><a href=\"http:\/\/www.eloriente.net\/home\/2014\/03\/26\/escucha-a-alejandro-lezama-mayra-mendoza-y-fabiola-calvo-en-todo-oaxaca-radio-25mar14\/\" rel=\"bookmark\"><img decoding=\"async\" title=\"Escucha a Alejandro Lezama, Mayra Mendoza y Fabiola Calvo en Todo Oaxaca Radio 25\/Mar\/14\" src=\"http:\/\/www.eloriente.net\/home\/wp-content\/themes\/city-desk\/timthumb.php?src=http%3A%2F%2Fwww.eloriente.net%2Fhome%2Fwp-content%2Fuploads%2F2014%2F03%2FAlejandro-Lezama.jpg&amp;q=90&amp;w=160&amp;h=106&amp;zc=1\" alt=\"Escucha a Alejandro Lezama, Mayra Mendoza y Fabiola Calvo en Todo Oaxaca Radio 25\/Mar\/14\" \/><\/a>todooaxacaradio.com 26 de marzo de 2014 Como cada martes, en punto de las 17:00 horas se transmiti\u00f3 el programa Todo Oaxaca Radio completamente en vivo desde la Ciudad de Oaxaca de Ju\u00e1rez, a trav\u00e9s de las frecuencias abiertas 570 AM, 94.9 FM y para todo el mundo a trav\u00e9s de www.todooaxacaradio.com. El programa es conducido [&#8230;]<\/p>\n<p>March 26, 2014<\/p>\n<\/div>\n<p><a title=\"Permalink to Cr\u00f3nica de una noche Alebrije\" href=\"http:\/\/www.eloriente.net\/home\/2014\/03\/26\/cronica-de-una-noche-alebrije\/\" rel=\"bookmark\">Cr\u00f3nica de una noche Alebrije<\/a><\/p>\n<p><a href=\"http:\/\/www.eloriente.net\/home\/2014\/03\/26\/cronica-de-una-noche-alebrije\/\" rel=\"bookmark\"><img decoding=\"async\" title=\"Cr\u00f3nica de una noche Alebrije\" src=\"http:\/\/www.eloriente.net\/home\/wp-content\/themes\/city-desk\/timthumb.php?src=http%3A%2F%2Fwww.eloriente.net%2Fhome%2Fwp-content%2Fuploads%2F2014%2F03%2F%40Alebrijes-Pachuca.jpg&amp;q=90&amp;w=160&amp;h=106&amp;zc=1\" alt=\"Cr\u00f3nica de una noche Alebrije\" \/><\/a><\/p>\n<p>eloriente.net 26 de marzo de 2014 Por: Alfredo Woolrich Por segunda ocasi\u00f3n consecutiva, los Alebrijes de Oaxaca se instalaban en la semifinal de la Copa MX. El equipo comandado por Ricardo Rayas, buscaba en casa y ante su gente el pase a la gran final que para muchos ol\u00eda a revancha, ya que seis meses [&#8230;]<\/p>\n<p>March 26, 2014<\/p>\n\n\t\t\t  <div \n\t\t\t  \tclass = \"fb-comments\" \n\t\t\t  \tdata-href = \"http:\/\/www.eloriente.net\/home\/2014\/03\/27\/27mar14-en-vivo-sesion-del-senado-de-la-republica-por-canal-2\/\"\n\t\t\t  \tdata-numposts = \"10\"\n\t\t\t\tdata-colorscheme = \"dark\"\n\t\t\t\tdata-order-by = \"social\"\n\t\t\t\tdata-mobile=true>\n\t\t\t  <\/div>\n\t\t  <style>\n\t\t\t.fb_iframe_widget_fluid_desktop iframe {\n\t\t\t    width: 100% !important;\n\t\t\t}\n\t\t  <\/style>\n\t\t  ","protected":false},"excerpt":{"rendered":"<p>eloriente.net\/Senado de la Rep\u00fablica 27 de marzo de 2014 Conscientes de su importancia para la vida de la comunidad, nos enlazamos con la se\u00f1al del Senado de la Rep\u00fablica para la sesi\u00f3n ordinaria de este d\u00eda. Para verificar el orden del d\u00eda de la sesi\u00f3n de hoy, da click AQU\u00cd. Sigue la transmisi\u00f3n en vivo: [&hellip;]<\/p>\n","protected":false},"author":1,"featured_media":18543,"comment_status":"open","ping_status":"open","sticky":false,"template":"","format":"standard","meta":{"_jetpack_memberships_contains_paid_content":false,"footnotes":""},"categories":[32,10,24,21],"tags":[],"class_list":["post-23302","post","type-post","status-publish","format-standard","has-post-thumbnail","hentry","category-entradas","category-lo-mas-reciente","category-mexico-y-el-mundo","category-politica-y-gobierno"],"jetpack_featured_media_url":"http:\/\/www.eloriente.net\/home\/wp-content\/uploads\/2013\/12\/senado1.jpg","jetpack_sharing_enabled":true,"_links":{"self":[{"href":"http:\/\/www.eloriente.net\/home\/wp-json\/wp\/v2\/posts\/23302"}],"collection":[{"href":"http:\/\/www.eloriente.net\/home\/wp-json\/wp\/v2\/posts"}],"about":[{"href":"http:\/\/www.eloriente.net\/home\/wp-json\/wp\/v2\/types\/post"}],"author":[{"embeddable":true,"href":"http:\/\/www.eloriente.net\/home\/wp-json\/wp\/v2\/users\/1"}],"replies":[{"embeddable":true,"href":"http:\/\/www.eloriente.net\/home\/wp-json\/wp\/v2\/comments?post=23302"}],"version-history":[{"count":2,"href":"http:\/\/www.eloriente.net\/home\/wp-json\/wp\/v2\/posts\/23302\/revisions"}],"predecessor-version":[{"id":23309,"href":"http:\/\/www.eloriente.net\/home\/wp-json\/wp\/v2\/posts\/23302\/revisions\/23309"}],"wp:featuredmedia":[{"embeddable":true,"href":"http:\/\/www.eloriente.net\/home\/wp-json\/wp\/v2\/media\/18543"}],"wp:attachment":[{"href":"http:\/\/www.eloriente.net\/home\/wp-json\/wp\/v2\/media?parent=23302"}],"wp:term":[{"taxonomy":"category","embeddable":true,"href":"http:\/\/www.eloriente.net\/home\/wp-json\/wp\/v2\/categories?post=23302"},{"taxonomy":"post_tag","embeddable":true,"href":"http:\/\/www.eloriente.net\/home\/wp-json\/wp\/v2\/tags?post=23302"}],"curies":[{"name":"wp","href":"https:\/\/api.w.org\/{rel}","templated":true}]}}