{"id":23310,"date":"2014-03-27T14:50:35","date_gmt":"2014-03-27T20:50:35","guid":{"rendered":"http:\/\/www.eloriente.net\/home\/?p=23310"},"modified":"2014-03-28T12:04:31","modified_gmt":"2014-03-28T18:04:31","slug":"en-promedio-viven-cuatro-personas-por-hogar-en-oaxaca","status":"publish","type":"post","link":"http:\/\/www.eloriente.net\/home\/2014\/03\/27\/en-promedio-viven-cuatro-personas-por-hogar-en-oaxaca\/","title":{"rendered":"Vivienda en Oaxaca: En promedio viven 4 personas en cada hogar, seg\u00fan INEGI"},"content":{"rendered":"<p>eloriente.net<\/p>\n<p>27 de marzo de 2014<\/p>\n<p>De acuerdo a cifras del Censo de Poblaci\u00f3n y Vivienda 2010 del Instituto Nacional de Estad\u00edstica y Geograf\u00eda (INEGI) existen 941,536 viviendas particulares habitadas y 121,501 de uso temporal en el estado de Oaxaca; en las cuales habitan en promedio 4.04 personas por hogar.<\/p>\n<p>El 96% de las viviendas habitables en Oaxaca corresponden a casas independientes; y el 4% restante se refieren a departamentos en edificios, vivienda en vecindad, en cuarto de azotea, en lo local no construido para habitaci\u00f3n, en vivienda m\u00f3vil y en refugio.<\/p>\n<p>Asimismo, el INEGI se\u00f1ala que en su mayor\u00eda las casas en la entidad oaxaque\u00f1a poseen 3 habitaciones cada una. Del total de viviendas habitables, el 76% dispone de agua entubada, 69% servicio de drenaje y 96% energ\u00eda el\u00e9ctrica.<\/p>\n<p>En 72% de los hogares, el piso est\u00e1 construido de cemento o se encuentra firme, 19% es de tierra y el 9% est\u00e1 recubierto de madera, mosaico o de alg\u00fan otro material.<\/p>\n<p>En lo que se refiere a bienes, tecnolog\u00edas de la informaci\u00f3n y la comunicaci\u00f3n, el 76% de los hogares oaxaque\u00f1os posee televisi\u00f3n, 67% radio, 60% refrigerador, 40% tel\u00e9fono celular, 37% lavadora, 22% autom\u00f3vil, 21% l\u00ednea telef\u00f3nica, 14% computadora y 8% internet.<\/p>\n<p>&nbsp;<\/p>\n<p><a href=\"http:\/\/www.eloriente.net\/home\/wp-content\/uploads\/2014\/03\/Vivienda.jpg\"><img loading=\"lazy\" decoding=\"async\" class=\"wp-image-23318 aligncenter\" title=\"Vivienda\" src=\"http:\/\/www.eloriente.net\/home\/wp-content\/uploads\/2014\/03\/Vivienda.jpg\" alt=\"\" width=\"526\" height=\"678\" srcset=\"http:\/\/www.eloriente.net\/home\/wp-content\/uploads\/2014\/03\/Vivienda.jpg 1254w, http:\/\/www.eloriente.net\/home\/wp-content\/uploads\/2014\/03\/Vivienda-233x300.jpg 233w, http:\/\/www.eloriente.net\/home\/wp-content\/uploads\/2014\/03\/Vivienda-795x1024.jpg 795w, http:\/\/www.eloriente.net\/home\/wp-content\/uploads\/2014\/03\/Vivienda-1024x1317.jpg 1024w\" sizes=\"(max-width: 526px) 100vw, 526px\" \/><\/a><\/p>\n<p>&nbsp;<\/p>\n<p><strong>Entradas relacionadas:\u00a0<\/strong><\/p>\n<p><a title=\"Permalink to La meta es otorgar 2,895 cr\u00e9ditos para vivienda en Oaxaca: Alejandro Murat\" href=\"http:\/\/www.eloriente.net\/home\/2014\/02\/24\/la-meta-es-otorgar-2895-creditos-para-vivienda-en-oaxaca-alejandro-murat\/\" rel=\"bookmark\">La meta es otorgar 2,895 cr\u00e9ditos para vivienda en Oaxaca: Alejandro Murat<\/a><\/p>\n<p><a href=\"http:\/\/www.eloriente.net\/home\/2014\/02\/24\/la-meta-es-otorgar-2895-creditos-para-vivienda-en-oaxaca-alejandro-murat\/\" rel=\"bookmark\"><img decoding=\"async\" title=\"La meta es otorgar 2,895 cr\u00e9ditos para vivienda en Oaxaca: Alejandro Murat\" src=\"http:\/\/www.eloriente.net\/home\/wp-content\/themes\/city-desk\/timthumb.php?src=http%3A%2F%2Fwww.eloriente.net%2Fhome%2Fwp-content%2Fuploads%2F2014%2F02%2FCaptura-de-pantalla-2014-02-24-a-las-15.55.05.png&amp;q=90&amp;w=160&amp;h=106&amp;zc=1\" alt=\"La meta es otorgar 2,895 cr\u00e9ditos para vivienda en Oaxaca: Alejandro Murat\" \/><\/a><\/p>\n<p>eloriente.net\/Infonavit* 24 de febrero de 2014 Oaxaca de Ju\u00e1rez, Oaxaca, 24 de febrero de 2014. El Director General del Infonavit, Alejandro Murat Hinojosa, y el Gobernador Constitucional del estado de Oaxaca, Gabino Cu\u00e9 Montagudo, firmaron un convenio de colaboraci\u00f3n que incorpora a los trabajadores del Gobierno estatal al programa \u201cHogar para tu familia\u201d, con el [&#8230;]<\/p>\n<p>February 24, 2014<\/p>\n<p><a title=\"Permalink to 60% de mexicanos intuyen aumentos en luz, gas y gasolina por Reforma Energ\u00e9tica\" href=\"http:\/\/www.eloriente.net\/home\/2014\/01\/20\/mexicanos-intuyen-alza-de-precios-en-luz-gas-y-gasolina-por-reforma-energetica\/\" rel=\"bookmark\">60% de mexicanos intuyen aumentos en luz, gas y gasolina por Reforma Energ\u00e9tica<\/a><\/p>\n<p><a href=\"http:\/\/www.eloriente.net\/home\/2014\/01\/20\/mexicanos-intuyen-alza-de-precios-en-luz-gas-y-gasolina-por-reforma-energetica\/\" rel=\"bookmark\"><img decoding=\"async\" title=\"60% de mexicanos intuyen aumentos en luz, gas y gasolina por Reforma Energ\u00e9tica\" src=\"http:\/\/www.eloriente.net\/home\/wp-content\/themes\/city-desk\/timthumb.php?src=http%3A%2F%2Fwww.eloriente.net%2Fhome%2Fwp-content%2Fuploads%2F2014%2F01%2FPEMEX.jpg&amp;q=90&amp;w=160&amp;h=106&amp;zc=1\" alt=\"60% de mexicanos intuyen aumentos en luz, gas y gasolina por Reforma Energ\u00e9tica\" \/><\/a><\/p>\n<p>eloriente.net 20 de enero de 2014 Recientemente, la agencia de investigaci\u00f3n Parametr\u00eda dio a conocer los resultados de la aplicaci\u00f3n de su encuesta de opini\u00f3n p\u00fablica \u201cEl impacto de la comunicaci\u00f3n pol\u00edtica en la reforma energ\u00e9tica\u201d, la cual eval\u00faa la actual percepci\u00f3n de la poblaci\u00f3n mexicana sobre las empresas paraestatales Petr\u00f3leos Mexicanos (PEMEX) y Comisi\u00f3n [&#8230;]<\/p>\n<p>January 20, 2014<\/p>\n<p><a title=\"Permalink to Oaxaque\u00f1os consideran que 2014 ser\u00e1 un muy buen a\u00f1o econ\u00f3mico para la entidad\" href=\"http:\/\/www.eloriente.net\/home\/2013\/12\/27\/familias-oaxaquenas-consideran-que-2014-sera-un-muy-buen-ano-economico-para-la-entidad\/\" rel=\"bookmark\">Oaxaque\u00f1os consideran que 2014 ser\u00e1 un muy buen a\u00f1o econ\u00f3mico para la entidad<\/a><\/p>\n<p><a href=\"http:\/\/www.eloriente.net\/home\/2013\/12\/27\/familias-oaxaquenas-consideran-que-2014-sera-un-muy-buen-ano-economico-para-la-entidad\/\" rel=\"bookmark\"><img decoding=\"async\" title=\"Oaxaque\u00f1os consideran que 2014 ser\u00e1 un muy buen a\u00f1o econ\u00f3mico para la entidad\" src=\"http:\/\/www.eloriente.net\/home\/wp-content\/themes\/city-desk\/timthumb.php?src=http%3A%2F%2Fwww.eloriente.net%2Fhome%2Fwp-content%2Fuploads%2F2013%2F12%2FPAGANDO-07.jpg&amp;q=90&amp;w=160&amp;h=106&amp;zc=1\" alt=\"Oaxaque\u00f1os consideran que 2014 ser\u00e1 un muy buen a\u00f1o econ\u00f3mico para la entidad\" \/><\/a><\/p>\n<p>eloriente.net\/CIEDD 27 de diciembre de 2013 CIEDD presenta resultados del sondeo \u2018Ingreso, Gasto y Expectativas Econ\u00f3micas\u2019 realizado en Oaxaca. El Centro de Informaci\u00f3n Estad\u00edstica y Documental para el Desarrollo (CIEDD) llev\u00f3 a cabo del 4 al 6 de diciembre el sondeo de fin de a\u00f1o para medir las expectativas sobre los ingresos, gastos y expectativas [&#8230;]<\/p>\n<p>December 27, 2013<\/p>\n\n\t\t\t  <div \n\t\t\t  \tclass = \"fb-comments\" \n\t\t\t  \tdata-href = \"http:\/\/www.eloriente.net\/home\/2014\/03\/27\/en-promedio-viven-cuatro-personas-por-hogar-en-oaxaca\/\"\n\t\t\t  \tdata-numposts = \"10\"\n\t\t\t\tdata-colorscheme = \"dark\"\n\t\t\t\tdata-order-by = \"social\"\n\t\t\t\tdata-mobile=true>\n\t\t\t  <\/div>\n\t\t  <style>\n\t\t\t.fb_iframe_widget_fluid_desktop iframe {\n\t\t\t    width: 100% !important;\n\t\t\t}\n\t\t  <\/style>\n\t\t  ","protected":false},"excerpt":{"rendered":"<p>eloriente.net 27 de marzo de 2014 De acuerdo a cifras del Censo de Poblaci\u00f3n y Vivienda 2010 del Instituto Nacional de Estad\u00edstica y Geograf\u00eda (INEGI) existen 941,536 viviendas particulares habitadas y 121,501 de uso temporal en el estado de Oaxaca; en las cuales habitan en promedio 4.04 personas por hogar. El 96% de las viviendas [&hellip;]<\/p>\n","protected":false},"author":26,"featured_media":23318,"comment_status":"open","ping_status":"open","sticky":false,"template":"","format":"standard","meta":{"_jetpack_memberships_contains_paid_content":false,"footnotes":""},"categories":[32,13,63,20,23,464],"tags":[],"class_list":["post-23310","post","type-post","status-publish","format-standard","has-post-thumbnail","hentry","category-entradas","category-especiales","category-estados","category-medio-ambiente","category-municipios","category-oaxaca-estados"],"jetpack_featured_media_url":"http:\/\/www.eloriente.net\/home\/wp-content\/uploads\/2014\/03\/Vivienda.jpg","jetpack_sharing_enabled":true,"_links":{"self":[{"href":"http:\/\/www.eloriente.net\/home\/wp-json\/wp\/v2\/posts\/23310"}],"collection":[{"href":"http:\/\/www.eloriente.net\/home\/wp-json\/wp\/v2\/posts"}],"about":[{"href":"http:\/\/www.eloriente.net\/home\/wp-json\/wp\/v2\/types\/post"}],"author":[{"embeddable":true,"href":"http:\/\/www.eloriente.net\/home\/wp-json\/wp\/v2\/users\/26"}],"replies":[{"embeddable":true,"href":"http:\/\/www.eloriente.net\/home\/wp-json\/wp\/v2\/comments?post=23310"}],"version-history":[{"count":7,"href":"http:\/\/www.eloriente.net\/home\/wp-json\/wp\/v2\/posts\/23310\/revisions"}],"predecessor-version":[{"id":23320,"href":"http:\/\/www.eloriente.net\/home\/wp-json\/wp\/v2\/posts\/23310\/revisions\/23320"}],"wp:featuredmedia":[{"embeddable":true,"href":"http:\/\/www.eloriente.net\/home\/wp-json\/wp\/v2\/media\/23318"}],"wp:attachment":[{"href":"http:\/\/www.eloriente.net\/home\/wp-json\/wp\/v2\/media?parent=23310"}],"wp:term":[{"taxonomy":"category","embeddable":true,"href":"http:\/\/www.eloriente.net\/home\/wp-json\/wp\/v2\/categories?post=23310"},{"taxonomy":"post_tag","embeddable":true,"href":"http:\/\/www.eloriente.net\/home\/wp-json\/wp\/v2\/tags?post=23310"}],"curies":[{"name":"wp","href":"https:\/\/api.w.org\/{rel}","templated":true}]}}