{"id":23311,"date":"2014-03-27T12:47:14","date_gmt":"2014-03-27T18:47:14","guid":{"rendered":"http:\/\/www.eloriente.net\/home\/?p=23311"},"modified":"2014-04-01T09:28:45","modified_gmt":"2014-04-01T15:28:45","slug":"video-lila-downs-soledad-pastorutti-y-nina-pastori-cantan-la-raiz-de-mi-tierra","status":"publish","type":"post","link":"http:\/\/www.eloriente.net\/home\/2014\/03\/27\/video-lila-downs-soledad-pastorutti-y-nina-pastori-cantan-la-raiz-de-mi-tierra\/","title":{"rendered":"Video: Lila Downs, Soledad Pastorutti y Ni\u00f1a Pastori cantan La Ra\u00edz de mi Tierra"},"content":{"rendered":"<p>eloriente.net<\/p>\n<p>27 de marzo de 2014<\/p>\n<p>Tres int\u00e9rpretes extraordinarias han decidido unir sus talentos, proyectos y voces en un solo \u00e1lbum: Ra\u00edz. Se trata de la oaxaque\u00f1a <a href=\"http:\/\/www.liladowns.com\/mx\/biography\" target=\"_blank\">Lila Downs<\/a>, la argentina <a href=\"http:\/\/www.google.com.mx\/url?sa=t&amp;rct=j&amp;q=&amp;esrc=s&amp;source=web&amp;cd=8&amp;ved=0CFoQFjAH&amp;url=http%3A%2F%2Fwww.lasole.net%2F&amp;ei=C3E0U-fmNKPL2wWoh4GwDQ&amp;usg=AFQjCNH0-MQJy44ds1WDvdYMA30GtT-XqA&amp;sig2=Q8H8VLL2FTzIjsW-ASsKsA\" target=\"_blank\">Soledad Pastorutti<\/a> y la de San Fernando, <a href=\"https:\/\/es-la.facebook.com\/npastorioficial\" target=\"_blank\">Ni\u00f1a Pastori<\/a>. El tr\u00edo de mujeres realiza en este proyecto una revisi\u00f3n del cancionero folcl\u00f3rico de sus respectivos or\u00edgenes.<\/p>\n<p>Hoy, Ni\u00f1a Pastori comenta en su cuenta de twitter:<\/p>\n<p>&nbsp;<\/p>\n<blockquote class=\"twitter-tweet\" lang=\"es\"><p>Ya pronto podr\u00e9is escuchar por completo <a href=\"https:\/\/twitter.com\/search?q=%23Ra%C3%ADz&amp;src=hash\">#Ra\u00edz<\/a>, aqui <a href=\"https:\/\/twitter.com\/liladowns\">@liladowns<\/a>, <a href=\"https:\/\/twitter.com\/sole_pastorutti\">@sole_pastorutti<\/a> y yo les contamos m\u00e1s: <a href=\"http:\/\/t.co\/oxUP4WWewD\">http:\/\/t.co\/oxUP4WWewD<\/a><\/p>\n<p>\u2014 Ni\u00f1a Pastori Oficial (@npastorioficial) <a href=\"https:\/\/twitter.com\/npastorioficial\/statuses\/449251629598920704\">marzo 27, 2014<\/a><\/p><\/blockquote>\n<p>&nbsp;<\/p>\n<p>As\u00ed que le tomamos la palabra y, m\u00e1s abajo, te compartimos La Ra\u00edz de Mi Tierra, sencillo del \u00e1lbum original.<\/p>\n<p>&nbsp;<\/p>\n<p><iframe loading=\"lazy\" src=\"\/\/www.youtube.com\/embed\/e_81E_qiWLA\" frameborder=\"0\" width=\"560\" height=\"315\"><\/iframe><\/p>\n<p>&nbsp;<\/p>\n<p><a href=\"http:\/\/www.eloriente.net\/home\/wp-content\/uploads\/2014\/03\/Downs-@Pastori-Pastorutti.jpg\"><img loading=\"lazy\" decoding=\"async\" class=\"alignnone size-medium wp-image-23312\" title=\"Downs @Pastori Pastorutti\" src=\"http:\/\/www.eloriente.net\/home\/wp-content\/uploads\/2014\/03\/Downs-@Pastori-Pastorutti-300x200.jpg\" alt=\"\" width=\"300\" height=\"200\" \/><\/a><\/p>\n<p>Foto: <a href=\"https:\/\/www.facebook.com\/npastorioficial\" target=\"_blank\">@Ni\u00f1aPastori<\/a><\/p>\n<p>&nbsp;<\/p>\n<p><strong>Entradas relacionadas:<\/strong><\/p>\n<p><a title=\"Permalink to Por la diversidad ling\u00fc\u00edstica de Oaxaca y M\u00e9xico\" href=\"http:\/\/www.eloriente.net\/home\/2014\/03\/20\/por-la-diversidad-linguistica-de-mexico-y-oaxaca\/\" rel=\"bookmark\">Por la diversidad ling\u00fc\u00edstica de Oaxaca y M\u00e9xico<\/a><\/p>\n<p><a href=\"http:\/\/www.eloriente.net\/home\/2014\/03\/20\/por-la-diversidad-linguistica-de-mexico-y-oaxaca\/\" rel=\"bookmark\"><img decoding=\"async\" title=\"Por la diversidad ling\u00fc\u00edstica de Oaxaca y M\u00e9xico\" src=\"http:\/\/www.eloriente.net\/home\/wp-content\/themes\/city-desk\/timthumb.php?src=http%3A%2F%2Fwww.eloriente.net%2Fhome%2Fwp-content%2Fuploads%2F2014%2F03%2FTodas-se-llaman-lenguas-1-Foto-Ariadna-Rojas_baja.jpg&amp;q=90&amp;w=160&amp;h=106&amp;zc=1\" alt=\"Por la diversidad ling\u00fc\u00edstica de Oaxaca y M\u00e9xico\" \/><\/a><\/p>\n<p>eloriente.net 20 de marzo de 2014 Por: Juan Pablo Ruiz N\u00fa\u00f1ez* Fotos: Ariadna Rojas La lengua nos define. Con ella explicamos, nombramos, damos dimensi\u00f3n, habitamos el mundo. Gracias a ella la humanidad ha establecido una forma de comunicaci\u00f3n entre sus miembros. El surgimiento del lenguaje articulado permiti\u00f3 procesos mentales m\u00e1s complejos que provocaron la evoluci\u00f3n [&#8230;]<\/p>\n<p>March 20, 2014<\/p>\n<div id=\"post-23261\">\n<p><a title=\"Permalink to Escucha a Alejandro Lezama, Mayra Mendoza y Fabiola Calvo en Todo Oaxaca Radio 25\/Mar\/14\" href=\"http:\/\/www.eloriente.net\/home\/2014\/03\/26\/escucha-a-alejandro-lezama-mayra-mendoza-y-fabiola-calvo-en-todo-oaxaca-radio-25mar14\/\" rel=\"bookmark\">Escucha a Alejandro Lezama, Mayra Mendoza y Fabiola Calvo en Todo Oaxaca Radio 25\/Mar\/14<\/a><\/p>\n<p><a href=\"http:\/\/www.eloriente.net\/home\/2014\/03\/26\/escucha-a-alejandro-lezama-mayra-mendoza-y-fabiola-calvo-en-todo-oaxaca-radio-25mar14\/\" rel=\"bookmark\"><img decoding=\"async\" title=\"Escucha a Alejandro Lezama, Mayra Mendoza y Fabiola Calvo en Todo Oaxaca Radio 25\/Mar\/14\" src=\"http:\/\/www.eloriente.net\/home\/wp-content\/themes\/city-desk\/timthumb.php?src=http%3A%2F%2Fwww.eloriente.net%2Fhome%2Fwp-content%2Fuploads%2F2014%2F03%2FAlejandro-Lezama.jpg&amp;q=90&amp;w=160&amp;h=106&amp;zc=1\" alt=\"Escucha a Alejandro Lezama, Mayra Mendoza y Fabiola Calvo en Todo Oaxaca Radio 25\/Mar\/14\" \/><\/a><\/p>\n<p>todooaxacaradio.com 26 de marzo de 2014 Como cada martes, en punto de las 17:00 horas se transmiti\u00f3 el programa Todo Oaxaca Radio completamente en vivo desde la Ciudad de Oaxaca de Ju\u00e1rez, a trav\u00e9s de las frecuencias abiertas 570 AM, 94.9 FM y para todo el mundo a trav\u00e9s de www.todooaxacaradio.com. El programa es conducido [&#8230;]<\/p>\n<p>March 26, 2014<\/p>\n<\/div>\n<p><a title=\"Permalink to Escucha a Karla Cadena, Fidel Torres y Anuar Jarqu\u00edn en Todo Oaxaca Radio 18\/Mar\/14\" href=\"http:\/\/www.eloriente.net\/home\/2014\/03\/19\/escucha-a-karla-cadena-fidel-torres-y-anuar-jarquin-en-todo-oaxaca-radio-18mar14\/\" rel=\"bookmark\">Escucha a Karla Cadena, Fidel Torres y Anuar Jarqu\u00edn en Todo Oaxaca Radio 18\/Mar\/14<\/a><\/p>\n<p><a href=\"http:\/\/www.eloriente.net\/home\/2014\/03\/19\/escucha-a-karla-cadena-fidel-torres-y-anuar-jarquin-en-todo-oaxaca-radio-18mar14\/\" rel=\"bookmark\"><img decoding=\"async\" title=\"Escucha a Karla Cadena, Fidel Torres y Anuar Jarqu\u00edn en Todo Oaxaca Radio 18\/Mar\/14\" src=\"http:\/\/www.eloriente.net\/home\/wp-content\/themes\/city-desk\/timthumb.php?src=http%3A%2F%2Fwww.eloriente.net%2Fhome%2Fwp-content%2Fuploads%2F2014%2F03%2FKarla-Cadena.jpg&amp;q=90&amp;w=160&amp;h=106&amp;zc=1\" alt=\"Escucha a Karla Cadena, Fidel Torres y Anuar Jarqu\u00edn en Todo Oaxaca Radio 18\/Mar\/14\" \/><\/a><\/p>\n<p>todooaxacaradio.com 19 de marzo de 2014 Como cada martes, en punto de las 17:00 horas se transmiti\u00f3 el programa Todo Oaxaca Radio completamente en vivo desde la Ciudad de Oaxaca de Ju\u00e1rez, a trav\u00e9s de las frecuencias abiertas 570 AM, 94.9 FM y para todo el mundo a trav\u00e9s de www.todooaxacaradio.com. El programa es conducido [&#8230;]<\/p>\n<p>March 19, 2014<\/p>\n\n\t\t\t  <div \n\t\t\t  \tclass = \"fb-comments\" \n\t\t\t  \tdata-href = \"http:\/\/www.eloriente.net\/home\/2014\/03\/27\/video-lila-downs-soledad-pastorutti-y-nina-pastori-cantan-la-raiz-de-mi-tierra\/\"\n\t\t\t  \tdata-numposts = \"10\"\n\t\t\t\tdata-colorscheme = \"dark\"\n\t\t\t\tdata-order-by = \"social\"\n\t\t\t\tdata-mobile=true>\n\t\t\t  <\/div>\n\t\t  <style>\n\t\t\t.fb_iframe_widget_fluid_desktop iframe {\n\t\t\t    width: 100% !important;\n\t\t\t}\n\t\t  <\/style>\n\t\t  ","protected":false},"excerpt":{"rendered":"<p>eloriente.net 27 de marzo de 2014 Tres int\u00e9rpretes extraordinarias han decidido unir sus talentos, proyectos y voces en un solo \u00e1lbum: Ra\u00edz. Se trata de la oaxaque\u00f1a Lila Downs, la argentina Soledad Pastorutti y la de San Fernando, Ni\u00f1a Pastori. El tr\u00edo de mujeres realiza en este proyecto una revisi\u00f3n del cancionero folcl\u00f3rico de sus [&hellip;]<\/p>\n","protected":false},"author":1,"featured_media":23312,"comment_status":"open","ping_status":"open","sticky":false,"template":"","format":"standard","meta":{"_jetpack_memberships_contains_paid_content":false,"footnotes":""},"categories":[5,18,32,63,83,464,31],"tags":[],"class_list":["post-23311","post","type-post","status-publish","format-standard","has-post-thumbnail","hentry","category-canal-3-musica","category-educacion-y-cultura","category-entradas","category-estados","category-musica-de-oaxaca","category-oaxaca-estados","category-principal"],"jetpack_featured_media_url":"http:\/\/www.eloriente.net\/home\/wp-content\/uploads\/2014\/03\/Downs-@Pastori-Pastorutti-e1395961968469.jpg","jetpack_sharing_enabled":true,"_links":{"self":[{"href":"http:\/\/www.eloriente.net\/home\/wp-json\/wp\/v2\/posts\/23311"}],"collection":[{"href":"http:\/\/www.eloriente.net\/home\/wp-json\/wp\/v2\/posts"}],"about":[{"href":"http:\/\/www.eloriente.net\/home\/wp-json\/wp\/v2\/types\/post"}],"author":[{"embeddable":true,"href":"http:\/\/www.eloriente.net\/home\/wp-json\/wp\/v2\/users\/1"}],"replies":[{"embeddable":true,"href":"http:\/\/www.eloriente.net\/home\/wp-json\/wp\/v2\/comments?post=23311"}],"version-history":[{"count":7,"href":"http:\/\/www.eloriente.net\/home\/wp-json\/wp\/v2\/posts\/23311\/revisions"}],"predecessor-version":[{"id":23315,"href":"http:\/\/www.eloriente.net\/home\/wp-json\/wp\/v2\/posts\/23311\/revisions\/23315"}],"wp:featuredmedia":[{"embeddable":true,"href":"http:\/\/www.eloriente.net\/home\/wp-json\/wp\/v2\/media\/23312"}],"wp:attachment":[{"href":"http:\/\/www.eloriente.net\/home\/wp-json\/wp\/v2\/media?parent=23311"}],"wp:term":[{"taxonomy":"category","embeddable":true,"href":"http:\/\/www.eloriente.net\/home\/wp-json\/wp\/v2\/categories?post=23311"},{"taxonomy":"post_tag","embeddable":true,"href":"http:\/\/www.eloriente.net\/home\/wp-json\/wp\/v2\/tags?post=23311"}],"curies":[{"name":"wp","href":"https:\/\/api.w.org\/{rel}","templated":true}]}}