{"id":23402,"date":"2014-03-31T08:56:32","date_gmt":"2014-03-31T14:56:32","guid":{"rendered":"http:\/\/www.eloriente.net\/home\/?p=23402"},"modified":"2014-03-31T08:56:32","modified_gmt":"2014-03-31T14:56:32","slug":"velar-por-la-proteccion-de-derechos-humanos-funcion-de-la-sala-constitucional","status":"publish","type":"post","link":"http:\/\/www.eloriente.net\/home\/2014\/03\/31\/velar-por-la-proteccion-de-derechos-humanos-funcion-de-la-sala-constitucional\/","title":{"rendered":"Velar por la protecci\u00f3n de Derechos Humanos, funci\u00f3n de la Sala Constitucional"},"content":{"rendered":"<p>eloriente.net\/<a href=\"http:\/\/www.tribunaloax.gob.mx\" target=\"_blank\">TSJ<\/a><\/p>\n<p>31 de marzo de 2014<\/p>\n<p><strong>Los magistrados Eduardo Pinacho S\u00e1nchez, Gregoria Hortensia\u00a0Castellanos Ch\u00e1vez y Fernando Enrique M\u00e9ndez Ortega, impartieron\u00a0conferencia magistral.<\/strong><\/p>\n<p>Con el tema \u00abSala Constitucional a la luz de la Reforma Local\u00bb,\u00a0magistrados de este \u00f3rgano judicial del Tribunal Superior de Justicia\u00a0del Estado, encargado de velar por el cumplimiento efectivo de las\u00a0normas y la protecci\u00f3n de los derechos y garant\u00edas fundamentales\u00a0consagrados en la Constituci\u00f3n Pol\u00edtica, tratados y convenios\u00a0internacionales, impartieron una conferencia magistral a estudiantes de\u00a0la licenciatura en Derecho de la Universidad Regional del Sureste\u00a0(URSE).<\/p>\n<p>Resultado del trabajo coordinado entre la Comisi\u00f3n de Reformas\u00a0Judiciales del Consejo de la Judicatura que preside la consejera Elsa\u00a0Ang\u00e9lica Alejo Torres, y las direcciones de las facultades de Derecho y\u00a0Ciencias Sociales de instituciones de nivel superior, se realizan las\u00a0Jornadas de Difusi\u00f3n de Reformas, que buscan capacitar a los futuros\u00a0juzgadores en temas jur\u00eddicos actuales.<\/p>\n<p>El magistrado presidente de la Sala Constitucional, Eduardo Pinacho\u00a0S\u00e1nchez y los magistrados integrantes de la misma, Gregoria Hortensia\u00a0Castellanos Ch\u00e1vez y Fernando Enrique M\u00e9ndez Ortega, expusieron ante\u00a0m\u00e1s de 250 futuros abogados, las caracter\u00edsticas del juicio para la\u00a0protecci\u00f3n a los derechos humanos, las controversias constitucionales y\u00a0garant\u00edas para brindar una justicia pronta y expedita a los\u00a0oaxaque\u00f1os, adem\u00e1s de compartirles experiencias pr\u00e1cticas de casos.<\/p>\n<p>A nombre del titular del Poder Judicial, magistrado Alfredo Lagunas\u00a0Rivera, la consejera Elsa Ang\u00e9lica Alejo Torres, asegur\u00f3 que es\u00a0prioridad del \u00f3rgano de impartici\u00f3n de justicia estrechar lazos con\u00a0las universidades para preparar a los estudiantes de Derecho, pues entre\u00a0ellos est\u00e1n los pr\u00f3ximos juzgadores, quienes tendr\u00e1n la encomienda de\u00a0hacer cumplir las reformas constitucionales que abonen al bienestar de\u00a0la sociedad.<\/p>\n<p>Posteriormente, ante el consejero magistrado Jos\u00e9 Luis Reyes\u00a0Hern\u00e1ndez, la comunidad estudiantil, magistrados de tribunales\u00a0especializados y del director de la Facultad de Derecho de esa casa de\u00a0estudios, Salvador Villalobos, la Consejera de la Judicatura entreg\u00f3\u00a0reconocimientos a las autoridades educativas de la URSE por su\u00a0disposici\u00f3n para realizar este tipo de actividades que promueven la\u00a0formaci\u00f3n de los universitarios.<\/p>\n<p>Durante la conferencia magistral se inform\u00f3 que la Sala Constitucional,\u00a0creada en octubre del 2013, es un paso significativo en el\u00a0fortalecimiento de la cultura jur\u00eddica ya que amplia la protecci\u00f3n de\u00a0los derechos humanos consagrados en los tratados internacionales;\u00a0garantiza el apego de las leyes y actos de gobierno a los principios\u00a0constitucionales as\u00ed como el cumplimiento efectivo de las\u00a0recomendaciones emitidas por la Defensor\u00eda de los Derechos Humanos.<\/p>\n<p>&nbsp;<\/p>\n<p><a href=\"http:\/\/www.eloriente.net\/home\/wp-content\/uploads\/2014\/03\/TSJ1.jpg\"><img loading=\"lazy\" decoding=\"async\" class=\"alignnone size-medium wp-image-23403\" title=\"TSJ\" src=\"http:\/\/www.eloriente.net\/home\/wp-content\/uploads\/2014\/03\/TSJ1-300x199.jpg\" alt=\"\" width=\"300\" height=\"199\" srcset=\"http:\/\/www.eloriente.net\/home\/wp-content\/uploads\/2014\/03\/TSJ1-300x199.jpg 300w, http:\/\/www.eloriente.net\/home\/wp-content\/uploads\/2014\/03\/TSJ1.jpg 1024w\" sizes=\"(max-width: 300px) 100vw, 300px\" \/><\/a><\/p>\n<p>Foto: TSJ<\/p>\n<p>&nbsp;<\/p>\n<p><strong>Entradas relacionadas:<\/strong><\/p>\n<p><a title=\"Permalink to Se instala el Tribunal de Fiscalizaci\u00f3n para rendici\u00f3n de cuentas\" href=\"http:\/\/www.eloriente.net\/home\/2014\/03\/22\/se-instala-el-tribunal-de-fiscalizacion-para-rendicion-de-cuentas\/\" rel=\"bookmark\">Se instala el Tribunal de Fiscalizaci\u00f3n para rendici\u00f3n de cuentas<\/a><\/p>\n<p><a href=\"http:\/\/www.eloriente.net\/home\/2014\/03\/22\/se-instala-el-tribunal-de-fiscalizacion-para-rendicion-de-cuentas\/\" rel=\"bookmark\"><img decoding=\"async\" title=\"Se instala el Tribunal de Fiscalizaci\u00f3n para rendici\u00f3n de cuentas\" src=\"http:\/\/www.eloriente.net\/home\/wp-content\/themes\/city-desk\/timthumb.php?src=http%3A%2F%2Fwww.eloriente.net%2Fhome%2Fwp-content%2Fuploads%2F2014%2F03%2FTribunal-de-Fiscalizaci%C3%B3n-Por-TSJ.jpg&amp;q=90&amp;w=160&amp;h=106&amp;zc=1\" alt=\"Se instala el Tribunal de Fiscalizaci\u00f3n para rendici\u00f3n de cuentas\" \/><\/a><\/p>\n<p>eloriente.net\/TSJ 22 de marzo de 2014 Con la presencia de los Tres Poderes, se instal\u00f3 en Oaxaca el primer Tribunal de Fiscalizaci\u00f3n del pa\u00eds. \u00danico en su tipo a nivel nacional, este viernes en el marco del CCVIII aniversario del natalicio de Don Benito Ju\u00e1rez, los tres Poderes del Estado instalaron en Oaxaca el Tribunal [&#8230;]<\/p>\n<p>March 22, 2014<\/p>\n<div id=\"post-22986\">\n<p><a title=\"Permalink to Video: Iniciativas pr\u00e1cticas, derechos laborales para trabajadoras dom\u00e9sticas\" href=\"http:\/\/www.eloriente.net\/home\/2014\/03\/21\/video-iniciativas-practicas-derechos-laborales-para-trabajadoras-domesticas\/\" rel=\"bookmark\">Video: Iniciativas pr\u00e1cticas, derechos laborales para trabajadoras dom\u00e9sticas<\/a><\/p>\n<p><a href=\"http:\/\/www.eloriente.net\/home\/2014\/03\/21\/video-iniciativas-practicas-derechos-laborales-para-trabajadoras-domesticas\/\" rel=\"bookmark\"><img decoding=\"async\" title=\"Video: Iniciativas pr\u00e1cticas, derechos laborales para trabajadoras dom\u00e9sticas\" src=\"http:\/\/www.eloriente.net\/home\/wp-content\/themes\/city-desk\/timthumb.php?src=http%3A%2F%2Fwww.eloriente.net%2Fhome%2Fwp-content%2Fuploads%2F2014%2F03%2FTrabajo-dom%C3%A9stico.png&amp;q=90&amp;w=160&amp;h=106&amp;zc=1\" alt=\"Video: Iniciativas pr\u00e1cticas, derechos laborales para trabajadoras dom\u00e9sticas\" \/><\/a><\/p>\n<p>eloriente.net 21 de marzo de 2014 \u201cEn M\u00e9xico, 2,200,000 personas desempe\u00f1an labores dom\u00e9sticas; la inmensa mayor\u00eda de ellas son mujeres. A pesar de su importancia num\u00e9rica y de la gran relevancia social de su trabajo, las empleadas dom\u00e9sticas sufren cotidianamente maltrato y discriminaci\u00f3n\u201d, as\u00ed lo dio a conocer Marcelina Bautista, fundadora del Centro de Apoyo [&#8230;]<\/p>\n<p>March 21, 2014<\/p>\n<\/div>\n<div id=\"post-22783\">\n<p><a title=\"Permalink to Promueve Centro de Justicia Alternativa mediaci\u00f3n comunitaria\" href=\"http:\/\/www.eloriente.net\/home\/2014\/03\/19\/promueve-centro-de-justicia-alternativa-mediacion-comunitaria\/\" rel=\"bookmark\">Promueve Centro de Justicia Alternativa mediaci\u00f3n comunitaria<\/a><\/p>\n<p><a href=\"http:\/\/www.eloriente.net\/home\/2014\/03\/19\/promueve-centro-de-justicia-alternativa-mediacion-comunitaria\/\" rel=\"bookmark\"><img decoding=\"async\" title=\"Promueve Centro de Justicia Alternativa mediaci\u00f3n comunitaria\" src=\"http:\/\/www.eloriente.net\/home\/wp-content\/themes\/city-desk\/timthumb.php?src=http%3A%2F%2Fwww.eloriente.net%2Fhome%2Fwp-content%2Fuploads%2F2014%2F03%2FMediaci%C3%B3n-comunitaria-TSJ.jpg&amp;q=90&amp;w=160&amp;h=106&amp;zc=1\" alt=\"Promueve Centro de Justicia Alternativa mediaci\u00f3n comunitaria\" \/><\/a><\/p>\n<p>eloriente.net\/TSJ 19 de marzo de 2014 El Poder Judicial del Estado capacitar\u00e1 a habitantes de comunidades para fungir como mediadores y solucionar conflictos a trav\u00e9s de las medidas alternas. Para capacitar a los interesados en conocer y aplicar las medidas alternas de soluci\u00f3n de conflictos en sus poblaciones, del 24 al 28 de marzo se [&#8230;]<\/p>\n<p>March 19, 2014<\/p>\n<\/div>\n\n\t\t\t  <div \n\t\t\t  \tclass = \"fb-comments\" \n\t\t\t  \tdata-href = \"http:\/\/www.eloriente.net\/home\/2014\/03\/31\/velar-por-la-proteccion-de-derechos-humanos-funcion-de-la-sala-constitucional\/\"\n\t\t\t  \tdata-numposts = \"10\"\n\t\t\t\tdata-colorscheme = \"dark\"\n\t\t\t\tdata-order-by = \"social\"\n\t\t\t\tdata-mobile=true>\n\t\t\t  <\/div>\n\t\t  <style>\n\t\t\t.fb_iframe_widget_fluid_desktop iframe {\n\t\t\t    width: 100% !important;\n\t\t\t}\n\t\t  <\/style>\n\t\t  ","protected":false},"excerpt":{"rendered":"<p>eloriente.net\/TSJ 31 de marzo de 2014 Los magistrados Eduardo Pinacho S\u00e1nchez, Gregoria Hortensia\u00a0Castellanos Ch\u00e1vez y Fernando Enrique M\u00e9ndez Ortega, impartieron\u00a0conferencia magistral. Con el tema \u00abSala Constitucional a la luz de la Reforma Local\u00bb,\u00a0magistrados de este \u00f3rgano judicial del Tribunal Superior de Justicia\u00a0del Estado, encargado de velar por el cumplimiento efectivo de las\u00a0normas y la protecci\u00f3n [&hellip;]<\/p>\n","protected":false},"author":26,"featured_media":23403,"comment_status":"open","ping_status":"open","sticky":false,"template":"","format":"standard","meta":{"_jetpack_memberships_contains_paid_content":false,"footnotes":""},"categories":[32,10,23,21,84],"tags":[],"class_list":["post-23402","post","type-post","status-publish","format-standard","has-post-thumbnail","hentry","category-entradas","category-lo-mas-reciente","category-municipios","category-politica-y-gobierno","category-universidades"],"jetpack_featured_media_url":"http:\/\/www.eloriente.net\/home\/wp-content\/uploads\/2014\/03\/TSJ1.jpg","jetpack_sharing_enabled":true,"_links":{"self":[{"href":"http:\/\/www.eloriente.net\/home\/wp-json\/wp\/v2\/posts\/23402"}],"collection":[{"href":"http:\/\/www.eloriente.net\/home\/wp-json\/wp\/v2\/posts"}],"about":[{"href":"http:\/\/www.eloriente.net\/home\/wp-json\/wp\/v2\/types\/post"}],"author":[{"embeddable":true,"href":"http:\/\/www.eloriente.net\/home\/wp-json\/wp\/v2\/users\/26"}],"replies":[{"embeddable":true,"href":"http:\/\/www.eloriente.net\/home\/wp-json\/wp\/v2\/comments?post=23402"}],"version-history":[{"count":2,"href":"http:\/\/www.eloriente.net\/home\/wp-json\/wp\/v2\/posts\/23402\/revisions"}],"predecessor-version":[{"id":23405,"href":"http:\/\/www.eloriente.net\/home\/wp-json\/wp\/v2\/posts\/23402\/revisions\/23405"}],"wp:featuredmedia":[{"embeddable":true,"href":"http:\/\/www.eloriente.net\/home\/wp-json\/wp\/v2\/media\/23403"}],"wp:attachment":[{"href":"http:\/\/www.eloriente.net\/home\/wp-json\/wp\/v2\/media?parent=23402"}],"wp:term":[{"taxonomy":"category","embeddable":true,"href":"http:\/\/www.eloriente.net\/home\/wp-json\/wp\/v2\/categories?post=23402"},{"taxonomy":"post_tag","embeddable":true,"href":"http:\/\/www.eloriente.net\/home\/wp-json\/wp\/v2\/tags?post=23402"}],"curies":[{"name":"wp","href":"https:\/\/api.w.org\/{rel}","templated":true}]}}