{"id":23423,"date":"2014-03-31T16:25:06","date_gmt":"2014-03-31T22:25:06","guid":{"rendered":"http:\/\/www.eloriente.net\/home\/?p=23423"},"modified":"2014-04-06T10:00:16","modified_gmt":"2014-04-06T16:00:16","slug":"13mar14-en-vivo-centenario-de-octavio-paz-desde-bellas-artes","status":"publish","type":"post","link":"http:\/\/www.eloriente.net\/home\/2014\/03\/31\/13mar14-en-vivo-centenario-de-octavio-paz-desde-bellas-artes\/","title":{"rendered":"31\/Mar\/14 En Vivo: Centenario de Octavio Paz, desde Bellas Artes"},"content":{"rendered":"<p><a href=\"http:\/\/www.eloriente.net\/home\/wp-content\/uploads\/2013\/12\/Octavio_Paz-e1396305083392.jpg\"><img loading=\"lazy\" decoding=\"async\" class=\"size-medium wp-image-19068 aligncenter\" title=\"Octavio_Paz 2\" src=\"http:\/\/www.eloriente.net\/home\/wp-content\/uploads\/2013\/12\/Octavio_Paz-e1396305199370-300x235.jpg\" alt=\"\" width=\"300\" height=\"235\" srcset=\"http:\/\/www.eloriente.net\/home\/wp-content\/uploads\/2013\/12\/Octavio_Paz-e1396305199370-300x235.jpg 300w, http:\/\/www.eloriente.net\/home\/wp-content\/uploads\/2013\/12\/Octavio_Paz-e1396305199370.jpg 577w\" sizes=\"(max-width: 300px) 100vw, 300px\" \/><\/a><\/p>\n<p>eloriente.net<\/p>\n<p>31 de marzo de 2014<\/p>\n<p>M\u00e9xico rinde homenaje a su Premio Nobel de las Letras, Octavio Paz (1914-1998), a cien a\u00f1os de su nacimiento, cumplidos este 31 de marzo. Como puede leerse m\u00e1s abajo, algunas de las actividades organizadas con este motivo en el pa\u00eds, incluyen exposiciones, conferencias y lecturas alusivas. Destaca, la actividad que esta tarde enlazamos en ELORIENTE.NET: \u00abRetrato Coral de Octavio Paz\u00bb, el que participan:<\/p>\n<ul>\n<li>Aurelio Asiain<\/li>\n<li>Fabienne Bradu<\/li>\n<li>Adolfo Casta\u00f1\u00f3n<\/li>\n<li>Jos\u00e9 de la Colina<\/li>\n<li>Jorge Edwards<\/li>\n<li>Enrique Fierro<\/li>\n<li>Teodoro Gonz\u00e1lez de Le\u00f3n<\/li>\n<li>Juan Goytisolo<\/li>\n<li>Hugo Hiriart<\/li>\n<li>Enrique Krauze<\/li>\n<li>Celso Lafer<\/li>\n<li>Norman Manea<\/li>\n<li>Elena Poniatowska<\/li>\n<li>Alberto Ruy S\u00e1nchez<\/li>\n<li>Charles Simic<\/li>\n<li>Lasse S\u00f6derberg<\/li>\n<li>Anthony Stanton<\/li>\n<li>Danubio Torres Fierro<\/li>\n<li>Hugo J. Verani<\/li>\n<li>Ida Vitale<\/li>\n<li>Eliot Weinberger<\/li>\n<\/ul>\n<p>La transmisi\u00f3n en vivo comenzar\u00e1 a las 19:00 horas. Da click en ese momento sobre la siguiente imagen para enlazarte directamente a la transmisi\u00f3n:<\/p>\n<p><a href=\"http:\/\/conaculta.tv\/streaming\/eventos\/octaviopaz\/envivo\/\" target=\"_blank\"><img loading=\"lazy\" decoding=\"async\" class=\"size-medium wp-image-19068 aligncenter\" title=\"Octavio_Paz\" src=\"http:\/\/www.eloriente.net\/home\/wp-content\/uploads\/2013\/12\/Octavio_Paz-300x248.jpg\" alt=\"\" width=\"300\" height=\"248\" \/><\/a><\/p>\n<p>&nbsp;<\/p>\n<p>eloriente.net<\/p>\n<p>31 de marzo de 2014<\/p>\n<p>El Presidente Enrique Pe\u00f1a Nieto inaugur\u00f3 este lunes la exposici\u00f3n Octavio Paz: <em>De la palabra a la mirada<\/em>, en la Biblioteca de M\u00e9xico Jos\u00e9 Vasconcelos, durante una ceremonia en la que estuvo acompa\u00f1ado por cuatro Premios Nobel: los de Literatura: Wole Soyinka, Derek Alt\u00f3n Walcott y Jean-Marie Gustave Le Cl\u00e9zio, as\u00ed como por el Nobel de Qu\u00edmica 1995, el mexicano Mario Molina.<\/p>\n<p>En la inauguraci\u00f3n tambi\u00e9n estuvo presente Marie Jo Paz, viuda de Octavio Paz, a quien el Presidente de M\u00e9xico le record\u00f3 que este homenaje tambi\u00e9n era un homenaje para ella y le agradeci\u00f3 su respaldo a la conmemoraci\u00f3n que organiz\u00f3 el Gobierno Federal. \u201cEn su etapa m\u00e1s fecunda Octavio Paz cont\u00f3 con el consejo, el amor y la compa\u00f1\u00eda de Marie Jo\u201d.<\/p>\n<p>Ante diversos creadores y promotores culturales, Enrique Pe\u00f1a Nieto invit\u00f3 a los mexicanos a visitar la exposici\u00f3n y profundizar en la obra y pensamiento de quien es considerado el mexicano m\u00e1s universal. Asimismo refrend\u00f3 el compromiso del Gobierno Federal de ser un firme promotor de las artes y las humanidades, como lo fue Octavio Paz.<\/p>\n<p>\u201cEl Gobierno de la Rep\u00fablica seguir\u00e1 alentando el talento de los creadores mexicanos, difundiendo su obra para enriquecer la cultura nacional. Este gobierno estar\u00e1 siempre cerca de ustedes, los creadores, escritores, artistas y acad\u00e9micos, para nutrirse de sus conocimientos, de sus experiencias y propuestas, pero tambi\u00e9n para promover y proyectar su talento. Deseamos que su conocimiento siga aportando al saber nacional para que M\u00e9xico enfrente con \u00e9xito sus grandes desaf\u00edos\u201d, dijo el Presidente de M\u00e9xico.<\/p>\n<p>En la inauguraci\u00f3n de la exposici\u00f3n tambi\u00e9n participaron Emilio Chuayffet, secretario de Educaci\u00f3n P\u00fablica; Rafael Tovar y de Teresa, presidente del Consejo Nacional para la Cultura y las Artes (Conaculta); la senadora Blanca Alcal\u00e1, presidenta de la Comisi\u00f3n de Cultura del Senado de la Rep\u00fablica; Margarita Salda\u00f1a Hern\u00e1ndez, presidenta de la Comisi\u00f3n de Cultura y Cinematograf\u00eda de la C\u00e1mara de Diputados; Jos\u00e9 Carre\u00f1o Carl\u00f3n, director del Fondo de Cultura Econ\u00f3mica; Fernando \u00c1lvarez del Castillo, director general de Bibliotecas del Conaculta; as\u00ed como el poeta Eduardo Lizalde y la actriz Diana Bracho, quienes leyeron fragmentos de la obra de Octavio Paz.<\/p>\n<p>La exposici\u00f3n <em>Octavio Paz: De la palabra a la mirada,<\/em> fue montada originalmente en 1998, con curadur\u00eda de Miguel Cervantes y Marie Jo Paz. En \u00e9sta se re\u00fanen libros de Paz ilustrados por artistas nacionales y extranjeros como Rufino Tamayo, Juan Soriano, Vicente Rojo, Marcel Duchamp, Antoni T\u00e0pies, Robert Motherwell, Balthus y Cy Twombly, entre otros. En su mayor parte, estas piezas aparecieron en ediciones de lujo y forman parte de la colecci\u00f3n personal de Marie Jo Paz.<\/p>\n<p>Carmen Tostado, quien junto con Isaac Toporek se encarg\u00f3 de la curadur\u00eda de la muestra, explic\u00f3 que se agregaron las primeras ediciones en lengua espa\u00f1ola de todos los libros del poeta, ensayista, editor y diplom\u00e1tico mexicano Octavio Paz, las cuales fueron localizadas en las bibliotecas de Jos\u00e9 Luis Mart\u00ednez y Al\u00ed Chumacero, que forman parte de la Biblioteca de M\u00e9xico Jos\u00e9 Vasconcelos.<\/p>\n<p>La muestra est\u00e1 conformada por 200 piezas, entre las que el p\u00fablico podr\u00e1 apreciar el primer libro escrito por Octavio Paz, <em>Luna silvestre<\/em>, que public\u00f3 en 1933; adem\u00e1s de los ya conocidos<em> \u00c1guila o sol\u00a0<\/em>y<em>\u00a0El laberinto de la soledad,<\/em> y los \u00faltimos <em>Vislumbres de la India<\/em>\u00a0y\u00a0<em>La llama doble<\/em>, entre muchos otros.<\/p>\n<p><strong>Otras Entradas:<\/strong><\/p>\n<div id=\"post-22116\">\n<p><a title=\"Permalink to Marzo: #DanosUnNombre #EscritoresOaxaque\u00f1os\" href=\"http:\/\/www.eloriente.net\/home\/2014\/03\/05\/marzo-danosunnombre-de-escritoresoaxaquenos\/\" rel=\"bookmark\">Marzo: #DanosUnNombre #EscritoresOaxaque\u00f1os<\/a><\/p>\n<p><a href=\"http:\/\/www.eloriente.net\/home\/2014\/03\/05\/marzo-danosunnombre-de-escritoresoaxaquenos\/\" rel=\"bookmark\"><img decoding=\"async\" title=\"Marzo: #DanosUnNombre #EscritoresOaxaque\u00f1os\" src=\"http:\/\/www.eloriente.net\/home\/wp-content\/themes\/city-desk\/timthumb.php?src=http%3A%2F%2Fwww.eloriente.net%2Fhome%2Fwp-content%2Fuploads%2F2014%2F03%2FOctavio-Paz-Algunos-derechos-reservados-por-Arturo-Espinosa.jpg&amp;q=90&amp;w=160&amp;h=106&amp;zc=1\" alt=\"Marzo: #DanosUnNombre #EscritoresOaxaque\u00f1os\" \/><\/a>eloriente.net 5 de marzo de 2014 \u00a0 Imagen: Algunos derechos reservados por Arturo Espinosa Editorial ELORIENTE.NET: Dice el extraordinario y querido poeta Jorge Fern\u00e1ndez Granados que la lecci\u00f3n m\u00e1s vigente de Octavio Paz, \u201cse encuentra en su testamento cr\u00edtico. El recurso de la interrogaci\u00f3n permanente hizo de su pensamiento una herramienta de precisi\u00f3n que no [&#8230;]<\/p>\n<p>March 5, 2014<\/p>\n<\/div>\n<div id=\"post-21922\">\n<p><a title=\"Permalink to Se prepara festival latinoamericano de poes\u00eda \u2018Ser al fin una palabra\u2019:\" href=\"http:\/\/www.eloriente.net\/home\/2014\/03\/02\/se-prepara-festival-latinoamericano-de-poesia-ser-al-fin-una-palabra\/\" rel=\"bookmark\">Se prepara festival latinoamericano de poes\u00eda \u2018Ser al fin una palabra\u2019:<\/a><\/p>\n<p><a href=\"http:\/\/www.eloriente.net\/home\/2014\/03\/02\/se-prepara-festival-latinoamericano-de-poesia-ser-al-fin-una-palabra\/\" rel=\"bookmark\"><img decoding=\"async\" title=\"Se prepara festival latinoamericano de poes\u00eda \u2018Ser al fin una palabra\u2019:\" src=\"http:\/\/www.eloriente.net\/home\/wp-content\/themes\/city-desk\/timthumb.php?src=http%3A%2F%2Fwww.eloriente.net%2Fhome%2Fwp-content%2Fuploads%2F2014%2F03%2F%40federico-corral-vallejo.jpg&amp;q=90&amp;w=160&amp;h=106&amp;zc=1\" alt=\"Se prepara festival latinoamericano de poes\u00eda \u2018Ser al fin una palabra\u2019:\" \/><\/a>eloriente.net\/Agencia N22 2 de marzo de 2014 CIUDAD DE M\u00c9XICO, M\u00e9xico, (N22).- \u00bfQu\u00e9 puede hacer un poeta en la c\u00e1rcel? Puede crear poes\u00eda intensa, poes\u00eda ruda y, sobre todo, poes\u00eda vivencial, \u201cde esa en la que tienes que vomitar el h\u00edgado para sacar tu dolor\u201d, asegur\u00f3 en entrevista Federico Corral Vallejo, coordinador\u00a0 del Festival Latinoamericano [&#8230;]<\/p>\n<p>March 2, 2014<\/p>\n<\/div>\n<div id=\"post-21733\">\n<p><a title=\"Permalink to Convocan a poetas latinoamericanos al XIV Premio Casa de Am\u00e9rica\" href=\"http:\/\/www.eloriente.net\/home\/2014\/02\/27\/convocan-a-xiv-premio-casa-de-america-de-poesia\/\" rel=\"bookmark\">Convocan a poetas latinoamericanos al XIV Premio Casa de Am\u00e9rica<\/a><\/p>\n<p><a href=\"http:\/\/www.eloriente.net\/home\/2014\/02\/27\/convocan-a-xiv-premio-casa-de-america-de-poesia\/\" rel=\"bookmark\"><img decoding=\"async\" title=\"Convocan a poetas latinoamericanos al XIV Premio Casa de Am\u00e9rica\" src=\"http:\/\/www.eloriente.net\/home\/wp-content\/themes\/city-desk\/timthumb.php?src=http%3A%2F%2Fwww.eloriente.net%2Fhome%2Fwp-content%2Fuploads%2F2014%2F02%2Fbloqueo-del-escritor.jpg&amp;q=90&amp;w=160&amp;h=106&amp;zc=1\" alt=\"Convocan a poetas latinoamericanos al XIV Premio Casa de Am\u00e9rica\" \/><\/a>eloriente.net 27 de febrero de 2014 Con la finalidad de estimular la creaci\u00f3n de poemas que abran o exploren perspectivas in\u00e9ditas y tem\u00e1ticas renovadoras, el consorcio espa\u00f1ol Casa de Am\u00e9rica y la Editorial Visor Libros convocan a literatos latinoamericanos a participar en su concurso de poes\u00eda, para hacerse acreedor al XIV Premio Casa de Am\u00e9rica. [&#8230;]<\/p>\n<p>February 27, 2014<\/p>\n<\/div>\n\n\t\t\t  <div \n\t\t\t  \tclass = \"fb-comments\" \n\t\t\t  \tdata-href = \"http:\/\/www.eloriente.net\/home\/2014\/03\/31\/13mar14-en-vivo-centenario-de-octavio-paz-desde-bellas-artes\/\"\n\t\t\t  \tdata-numposts = \"10\"\n\t\t\t\tdata-colorscheme = \"dark\"\n\t\t\t\tdata-order-by = \"social\"\n\t\t\t\tdata-mobile=true>\n\t\t\t  <\/div>\n\t\t  <style>\n\t\t\t.fb_iframe_widget_fluid_desktop iframe {\n\t\t\t    width: 100% !important;\n\t\t\t}\n\t\t  <\/style>\n\t\t  ","protected":false},"excerpt":{"rendered":"<p>eloriente.net 31 de marzo de 2014 M\u00e9xico rinde homenaje a su Premio Nobel de las Letras, Octavio Paz (1914-1998), a cien a\u00f1os de su nacimiento, cumplidos este 31 de marzo. Como puede leerse m\u00e1s abajo, algunas de las actividades organizadas con este motivo en el pa\u00eds, incluyen exposiciones, conferencias y lecturas alusivas. Destaca, la actividad [&hellip;]<\/p>\n","protected":false},"author":1,"featured_media":19068,"comment_status":"open","ping_status":"open","sticky":false,"template":"","format":"standard","meta":{"_jetpack_memberships_contains_paid_content":false,"footnotes":""},"categories":[4,18,32,10,24,31],"tags":[],"class_list":["post-23423","post","type-post","status-publish","format-standard","has-post-thumbnail","hentry","category-canal-2-en-vivo","category-educacion-y-cultura","category-entradas","category-lo-mas-reciente","category-mexico-y-el-mundo","category-principal"],"jetpack_featured_media_url":"http:\/\/www.eloriente.net\/home\/wp-content\/uploads\/2013\/12\/Octavio_Paz-e1396305199370.jpg","jetpack_sharing_enabled":true,"_links":{"self":[{"href":"http:\/\/www.eloriente.net\/home\/wp-json\/wp\/v2\/posts\/23423"}],"collection":[{"href":"http:\/\/www.eloriente.net\/home\/wp-json\/wp\/v2\/posts"}],"about":[{"href":"http:\/\/www.eloriente.net\/home\/wp-json\/wp\/v2\/types\/post"}],"author":[{"embeddable":true,"href":"http:\/\/www.eloriente.net\/home\/wp-json\/wp\/v2\/users\/1"}],"replies":[{"embeddable":true,"href":"http:\/\/www.eloriente.net\/home\/wp-json\/wp\/v2\/comments?post=23423"}],"version-history":[{"count":7,"href":"http:\/\/www.eloriente.net\/home\/wp-json\/wp\/v2\/posts\/23423\/revisions"}],"predecessor-version":[{"id":23425,"href":"http:\/\/www.eloriente.net\/home\/wp-json\/wp\/v2\/posts\/23423\/revisions\/23425"}],"wp:featuredmedia":[{"embeddable":true,"href":"http:\/\/www.eloriente.net\/home\/wp-json\/wp\/v2\/media\/19068"}],"wp:attachment":[{"href":"http:\/\/www.eloriente.net\/home\/wp-json\/wp\/v2\/media?parent=23423"}],"wp:term":[{"taxonomy":"category","embeddable":true,"href":"http:\/\/www.eloriente.net\/home\/wp-json\/wp\/v2\/categories?post=23423"},{"taxonomy":"post_tag","embeddable":true,"href":"http:\/\/www.eloriente.net\/home\/wp-json\/wp\/v2\/tags?post=23423"}],"curies":[{"name":"wp","href":"https:\/\/api.w.org\/{rel}","templated":true}]}}