{"id":23428,"date":"2014-03-31T16:38:09","date_gmt":"2014-03-31T22:38:09","guid":{"rendered":"http:\/\/www.eloriente.net\/home\/?p=23428"},"modified":"2014-04-01T10:20:35","modified_gmt":"2014-04-01T16:20:35","slug":"oaxaca-sin-normas-de-proteccion-para-adultos-mayores-irais-gonzalez","status":"publish","type":"post","link":"http:\/\/www.eloriente.net\/home\/2014\/03\/31\/oaxaca-sin-normas-de-proteccion-para-adultos-mayores-irais-gonzalez\/","title":{"rendered":"Oaxaca, sin normas de protecci\u00f3n para adultos mayores: Ira\u00eds Gonz\u00e1lez"},"content":{"rendered":"<p>eloriente.net\/<a href=\"http:\/\/www.congresooaxaca.gob.mx\" target=\"_blank\">Congreso de Oaxaca<\/a><\/p>\n<p>31 de marzo de 2014<\/p>\n<p><strong>31 entidades del pa\u00eds tienen marco legal y en Oaxaca no hay normas ni instancias que protejan a esta creciente poblaci\u00f3n en el estado.<\/strong><\/p>\n<p>Oaxaca es la \u00fanica entidad que no cuenta con un marco legal ni instancias de apoyo y protecci\u00f3n de los adultos mayores, por ello, la presidenta de la Comisi\u00f3n Permanente de Desarrollo Social, Ira\u00eds Francisca Gonz\u00e1lez Melo, \u00a0propuso al pleno de la LXII Legislatura del Estado\u00a0 una iniciativa de ley en la materia.<\/p>\n<p>En la sesi\u00f3n ordinaria efectuada este 27 de marzo, la legisladora del PRD, propuso la iniciativa con Proyecto de Decreto por el que se expide la Ley de Adultos Mayores para el Estado de Oaxaca, la cual fue turnada a comisiones.<\/p>\n<p>La presidenta de la Comisi\u00f3n Permanente de Desarrollo Social, explica que la propuesta esencial, ser\u00eda que tanto el gobierno estatal como los municipales pudieran dar el apoyo a este grupo vulnerable a partir de contar con un marco legal e instancias de atenci\u00f3n a ese sector.<\/p>\n<p>En este sentido, lament\u00f3 que en la entidad no haya una ley que reglamente el apoyo a los adultos mayores, ni tampoco instancias que les brinden oportunidades a la salud, la alimentaci\u00f3n, la vivienda, pero sobre todo de espacios de empleo.<\/p>\n<p>Explic\u00f3 que las personas adultas mayores en Oaxaca representan \u00a0uno de los grupos de edad con mayor crecimiento, y\u00a0 tal es el fen\u00f3meno demogr\u00e1fico que en las recientes d\u00e9cadas ha experimentado un crecimiento sostenido al pasar de 212 mil personas en 1990 a 406 mil en 2010, seg\u00fan datos del INEGI.<\/p>\n<p>Esto equivale aproximadamente a un 12 por ciento del total de la poblaci\u00f3n del estado, tendencia que implica un desaf\u00edo econ\u00f3mico y social, ya que los diferentes recursos: humanos, materiales y de presupuesto, siempre resultan insuficientes para el cuidado de la poblaci\u00f3n adulta mayor, subray\u00f3.<\/p>\n<p>Por otra parte, lo mismo implica tanto para las instituciones de seguridad social, en cuanto a pensiones y apoyos a la vejez se refiere, as\u00ed como para la asistencia social que requiere un amplio n\u00famero de adultos mayores.<\/p>\n<p>Detall\u00f3 que de cada 100 hogares oaxaque\u00f1os en 22 se puede encontrar una persona de 60 a\u00f1os o m\u00e1s y del total de este grupo et\u00e1reo, cerca del 40 por ciento no cuenta con ning\u00fan tipo de seguridad social; adem\u00e1s de que existen municipios donde su poblaci\u00f3n adulta mayor, representa m\u00e1s del 30 por ciento del total.<\/p>\n<p>Si a ello le agregamos que la esperanza de vida es mayor para las mujeres, las condiciones sociales se agravan al conjuntarse en ellas varios elementos por los cuales son marginadas o discriminadas.<\/p>\n<p>Resalt\u00f3 la necesidad de prever una vinculaci\u00f3n entre el Estado y los ayuntamientos a efecto de que se contemple en el Presupuesto de Egresos una partida para la atenci\u00f3n integral de las personas adultas mayores: integridad y dignidad, autodeterminaci\u00f3n, vida en familia, certeza jur\u00eddica, salud y alimentaci\u00f3n, educaci\u00f3n, recreaci\u00f3n, informaci\u00f3n y participaci\u00f3n, as\u00ed como trabajo, asistencia social y dem\u00e1s derechos.<\/p>\n<p>Propuso adem\u00e1s, la integraci\u00f3n de un padr\u00f3n \u00fanico de Personas Adultas Mayores, para conocer la informaci\u00f3n sobre profesiones, oficios y ocupaciones para que estos participen en la vida productiva.<\/p>\n<p>Por ello, consider\u00f3 indispensable fomentar bolsas de trabajo a nivel estatal y municipal donde se contemplen actividades para personas adultas mayores de acuerdo a sus condiciones, capacidades y habilidades.<\/p>\n<p>Otro de los elementos que \u00a0resalta en su iniciativa es el derecho a obtener de forma general medicamentos para las personas adultas mayores que no cuenten con ning\u00fan tipo de seguridad social.<\/p>\n<p>\u201cBrindemos\u00a0 la oportunidad a este sector desprotegido de la sociedad que ven una esperanza en nosotros para asentar las bases legales que permitan orientar las pol\u00edticas y programas hacia una igualdad sustantiva y satisfacci\u00f3n real de sus necesidades personales, pues representa la base cultural, de tejido social y de gobierno participativo en nuestro estado\u201d, puntualiz\u00f3.<\/p>\n<p>&nbsp;<\/p>\n<p><a href=\"http:\/\/www.eloriente.net\/home\/wp-content\/uploads\/2014\/03\/Foto-Dip.jpg\"><img loading=\"lazy\" decoding=\"async\" class=\"alignnone size-medium wp-image-23430\" title=\"Diputada Irais Gonzalez\" src=\"http:\/\/www.eloriente.net\/home\/wp-content\/uploads\/2014\/03\/Foto-Dip-300x150.jpg\" alt=\"\" width=\"300\" height=\"150\" srcset=\"http:\/\/www.eloriente.net\/home\/wp-content\/uploads\/2014\/03\/Foto-Dip-300x150.jpg 300w, http:\/\/www.eloriente.net\/home\/wp-content\/uploads\/2014\/03\/Foto-Dip.jpg 660w\" sizes=\"(max-width: 300px) 100vw, 300px\" \/><\/a><\/p>\n<p>Foto: Congreso del Estado<\/p>\n<p>&nbsp;<\/p>\n<p><strong>Entradas relacionadas:<\/strong><\/p>\n<div id=\"post-23387\">\n<p><a title=\"Permalink to Televisi\u00f3n: la comedia se nos acab\u00f3\" href=\"http:\/\/www.eloriente.net\/home\/2014\/03\/29\/television-la-comedia-se-nos-acabo\/\" rel=\"bookmark\">Televisi\u00f3n: la comedia se nos acab\u00f3<\/a><\/p>\n<p><a href=\"http:\/\/www.eloriente.net\/home\/2014\/03\/29\/television-la-comedia-se-nos-acabo\/\" rel=\"bookmark\"><img decoding=\"async\" title=\"Televisi\u00f3n: la comedia se nos acab\u00f3\" src=\"http:\/\/www.eloriente.net\/home\/wp-content\/themes\/city-desk\/timthumb.php?src=http%3A%2F%2Fwww.eloriente.net%2Fhome%2Fwp-content%2Fuploads%2F2014%2F03%2FAlgunos-derechos-reservados-por-Eneas-reporteros-televisio%CC%81n.jpg&amp;q=90&amp;w=160&amp;h=106&amp;zc=1\" alt=\"Televisi\u00f3n: la comedia se nos acab\u00f3\" \/><\/a><\/p>\n<p>eloriente.net 29 de marzo de 2014 Por: Adri\u00e1n Ortiz Romero + Televisi\u00f3n: la comedia se nos acab\u00f3 + Humor blanco, albur\u2026 y luego nada Abundan las personas que hoy en d\u00eda critican el humor ocupado por Roberto G\u00f3mez Bola\u00f1os en sus viejos programas de comedia como El Chavo del Ocho, o Chespirito, asegurando de forma [&#8230;]<\/p>\n<p>March 29, 2014<\/p>\n<\/div>\n<div id=\"post-23042\">\n<p><a title=\"Permalink to 20 instituciones realizan producciones editoriales en Oaxaca #Infograf\u00eda\" href=\"http:\/\/www.eloriente.net\/home\/2014\/03\/22\/20-instituciones-realizan-producciones-editoriales-en-oaxaca\/\" rel=\"bookmark\">20 instituciones realizan producciones editoriales en Oaxaca #Infograf\u00eda<\/a><\/p>\n<p><a href=\"http:\/\/www.eloriente.net\/home\/2014\/03\/22\/20-instituciones-realizan-producciones-editoriales-en-oaxaca\/\" rel=\"bookmark\"><img decoding=\"async\" title=\"20 instituciones realizan producciones editoriales en Oaxaca #Infograf\u00eda\" src=\"http:\/\/www.eloriente.net\/home\/wp-content\/themes\/city-desk\/timthumb.php?src=http%3A%2F%2Fwww.eloriente.net%2Fhome%2Fwp-content%2Fuploads%2F2014%2F03%2FInfograf%C3%ADa-Editoriales-en-Oaxaca.jpg&amp;q=90&amp;w=160&amp;h=106&amp;zc=1\" alt=\"20 instituciones realizan producciones editoriales en Oaxaca #Infograf\u00eda\" \/><\/a><\/p>\n<p>eloriente.net 22 de marzo de 2014 En la entidad hay un total de 3.8 millones de habitantes, lo cual representa una casa editorial por cada 190 mil oaxaque\u00f1os. De acuerdo a cifras del departamento de Informaci\u00f3n Cultural de la Secretar\u00eda de las Culturas y las Artes, la producci\u00f3n editorial registrada al d\u00eda de hoy asciende [&#8230;]<\/p>\n<p>March 22, 2014<\/p>\n<\/div>\n<div id=\"post-22482\">\n<p><a title=\"Permalink to Actualizan a futuros polic\u00edas sobre ley de justicia para adolescentes\" href=\"http:\/\/www.eloriente.net\/home\/2014\/03\/14\/actualizan-a-futuros-policias-sobre-ley-de-justicia-para-adolescentes\/\" rel=\"bookmark\">Actualizan a futuros polic\u00edas sobre ley de justicia para adolescentes<\/a><\/p>\n<p><a href=\"http:\/\/www.eloriente.net\/home\/2014\/03\/14\/actualizan-a-futuros-policias-sobre-ley-de-justicia-para-adolescentes\/\" rel=\"bookmark\"><img decoding=\"async\" title=\"Actualizan a futuros polic\u00edas sobre ley de justicia para adolescentes\" src=\"http:\/\/www.eloriente.net\/home\/wp-content\/themes\/city-desk\/timthumb.php?src=http%3A%2F%2Fwww.eloriente.net%2Fhome%2Fwp-content%2Fuploads%2F2014%2F03%2FFuturos-polic%C3%ADas-Por-TSJ.jpg&amp;q=90&amp;w=160&amp;h=106&amp;zc=1\" alt=\"Actualizan a futuros polic\u00edas sobre ley de justicia para adolescentes\" \/><\/a><\/p>\n<p>eloriente.net\/TSJ 14 de marzo de 2014 El Juzgado Especializado en Justicia para Adolescentes del Poder Judicial imparti\u00f3 curso-taller en la sede del Instituto de Profesionalizaci\u00f3n de la Secretar\u00eda de Seguridad P\u00fablica. El Juzgado Especializado en Justicia para Adolescentes del Poder Judicial imparti\u00f3 un curso-taller sobre la ley en esta materia a los aspirantes de la [&#8230;]<\/p>\n<p>March 14, 2014<\/p>\n<\/div>\n\n\t\t\t  <div \n\t\t\t  \tclass = \"fb-comments\" \n\t\t\t  \tdata-href = \"http:\/\/www.eloriente.net\/home\/2014\/03\/31\/oaxaca-sin-normas-de-proteccion-para-adultos-mayores-irais-gonzalez\/\"\n\t\t\t  \tdata-numposts = \"10\"\n\t\t\t\tdata-colorscheme = \"dark\"\n\t\t\t\tdata-order-by = \"social\"\n\t\t\t\tdata-mobile=true>\n\t\t\t  <\/div>\n\t\t  <style>\n\t\t\t.fb_iframe_widget_fluid_desktop iframe {\n\t\t\t    width: 100% !important;\n\t\t\t}\n\t\t  <\/style>\n\t\t  ","protected":false},"excerpt":{"rendered":"<p>eloriente.net\/Congreso de Oaxaca 31 de marzo de 2014 31 entidades del pa\u00eds tienen marco legal y en Oaxaca no hay normas ni instancias que protejan a esta creciente poblaci\u00f3n en el estado. Oaxaca es la \u00fanica entidad que no cuenta con un marco legal ni instancias de apoyo y protecci\u00f3n de los adultos mayores, por [&hellip;]<\/p>\n","protected":false},"author":1,"featured_media":23430,"comment_status":"open","ping_status":"open","sticky":false,"template":"","format":"standard","meta":{"_jetpack_memberships_contains_paid_content":false,"footnotes":""},"categories":[91,32,21,30],"tags":[],"class_list":["post-23428","post","type-post","status-publish","format-standard","has-post-thumbnail","hentry","category-congreso-y-justicia","category-entradas","category-politica-y-gobierno","category-salud"],"jetpack_featured_media_url":"http:\/\/www.eloriente.net\/home\/wp-content\/uploads\/2014\/03\/Foto-Dip.jpg","jetpack_sharing_enabled":true,"_links":{"self":[{"href":"http:\/\/www.eloriente.net\/home\/wp-json\/wp\/v2\/posts\/23428"}],"collection":[{"href":"http:\/\/www.eloriente.net\/home\/wp-json\/wp\/v2\/posts"}],"about":[{"href":"http:\/\/www.eloriente.net\/home\/wp-json\/wp\/v2\/types\/post"}],"author":[{"embeddable":true,"href":"http:\/\/www.eloriente.net\/home\/wp-json\/wp\/v2\/users\/1"}],"replies":[{"embeddable":true,"href":"http:\/\/www.eloriente.net\/home\/wp-json\/wp\/v2\/comments?post=23428"}],"version-history":[{"count":3,"href":"http:\/\/www.eloriente.net\/home\/wp-json\/wp\/v2\/posts\/23428\/revisions"}],"predecessor-version":[{"id":23432,"href":"http:\/\/www.eloriente.net\/home\/wp-json\/wp\/v2\/posts\/23428\/revisions\/23432"}],"wp:featuredmedia":[{"embeddable":true,"href":"http:\/\/www.eloriente.net\/home\/wp-json\/wp\/v2\/media\/23430"}],"wp:attachment":[{"href":"http:\/\/www.eloriente.net\/home\/wp-json\/wp\/v2\/media?parent=23428"}],"wp:term":[{"taxonomy":"category","embeddable":true,"href":"http:\/\/www.eloriente.net\/home\/wp-json\/wp\/v2\/categories?post=23428"},{"taxonomy":"post_tag","embeddable":true,"href":"http:\/\/www.eloriente.net\/home\/wp-json\/wp\/v2\/tags?post=23428"}],"curies":[{"name":"wp","href":"https:\/\/api.w.org\/{rel}","templated":true}]}}