{"id":23433,"date":"2014-04-01T09:12:48","date_gmt":"2014-04-01T15:12:48","guid":{"rendered":"http:\/\/www.eloriente.net\/home\/?p=23433"},"modified":"2014-04-01T09:12:48","modified_gmt":"2014-04-01T15:12:48","slug":"piedra-de-sol-a-traves-de-la-musica-de-dimitri-dudin","status":"publish","type":"post","link":"http:\/\/www.eloriente.net\/home\/2014\/04\/01\/piedra-de-sol-a-traves-de-la-musica-de-dimitri-dudin\/","title":{"rendered":"\u00abPiedra de sol\u00bb a trav\u00e9s de la m\u00fasica de Dimitri Dudin"},"content":{"rendered":"<p>eloriente.net\/Agencia N22<\/p>\n<p>1 de abril de 2014<\/p>\n<p style=\"text-align: right;\">Por: V\u00edctor Gaspar<\/p>\n<ul>\n<li><strong>Originalmente esta pieza era una cantata para cuarteto de cuerdas, piano y mezzosoprano<\/strong><\/li>\n<\/ul>\n<div><strong>CIUDAD DE M\u00c9XICO, M\u00e9xico, (N22).- <\/strong>Inspirado en el poema <em>Piedra de sol<\/em>, de Octavio Paz, el pianista y compositor ruso Dimitri Dudin escribi\u00f3 hace casi tres lustros una pieza que le tom\u00f3 dos a\u00f1os desarrollar. En el marco de las celebraciones por el centenario del natalicio del Nobel mexicano, Dudin reelabor\u00f3 la pieza en dos meses y la present\u00f3 en el Foro de las Artes del Cenart bajo el nombre <em>Ofrenda del tiempo.<\/em><\/div>\n<div><\/div>\n<div>\u201cLa primera versi\u00f3n ha sido hace 14 a\u00f1os y despu\u00e9s la retom\u00e9 hace poco, la hice m\u00e1s amplia. Invent\u00e9 partes para orquesta de c\u00e1mara porque antes era para nada m\u00e1s un quinteto y pues estoy muy contento con el resultado porque realmente ha sido. Se volvi\u00f3 mucho la pena hacer un segundo tratamiento y tambi\u00e9n hice un poco m\u00e1s diferente la voz, la hice m\u00e1s divertida, m\u00e1s virtuosa, m\u00e1s amplia\u201d, afirm\u00f3 para <strong>AgenciaN22.<\/strong><\/div>\n<div><strong><br \/>\n<\/strong><\/div>\n<div>Originalmente esta pieza era una cantata para cuarteto de cuerdas, piano y mezzosoprano. Ahora est\u00e1 compuesta por ocho movimientos y tuvo en el piano a Dimitri Dudin acompa\u00f1ado de la Orquesta Sinf\u00f3nica Mexiquense bajo la direcci\u00f3n de Rodrigo Mac\u00edas. Las voces corrieron a cargo de Belem Rodr\u00edguez y Margarita Sanz.<\/div>\n<div><\/div>\n<div>\u201cEsta poes\u00eda coincidi\u00f3 tanto con mi mundo interno y con mi forma de pensar en el arte de escribir que, pues yo creo que ha sido una mancuerna entre la m\u00fasica y la poes\u00eda absolutamente exitosa. Cabe mencionar que tambi\u00e9n hoy contamos con la presencia de una gran actriz mexicana, Margarita Sanz, que va a recitar textos del mismo poema entre las partes musicales para completar y hacer m\u00e1s presente el poema\u201d, finaliz\u00f3.<\/div>\n<div><\/div>\n<div><a href=\"http:\/\/www.eloriente.net\/home\/wp-content\/uploads\/2014\/04\/Dimitri-Dudin1-N22.png\"><img loading=\"lazy\" decoding=\"async\" class=\"alignnone size-medium wp-image-23435\" title=\"Dimitri-Dudin1 N22\" src=\"http:\/\/www.eloriente.net\/home\/wp-content\/uploads\/2014\/04\/Dimitri-Dudin1-N22-300x210.png\" alt=\"\" width=\"300\" height=\"210\" srcset=\"http:\/\/www.eloriente.net\/home\/wp-content\/uploads\/2014\/04\/Dimitri-Dudin1-N22-300x210.png 300w, http:\/\/www.eloriente.net\/home\/wp-content\/uploads\/2014\/04\/Dimitri-Dudin1-N22-1024x718.png 1024w, http:\/\/www.eloriente.net\/home\/wp-content\/uploads\/2014\/04\/Dimitri-Dudin1-N22.png 1200w\" sizes=\"(max-width: 300px) 100vw, 300px\" \/><\/a><\/div>\n<div>Foto: Dudin N22<\/div>\n<div><\/div>\n<p><iframe loading=\"lazy\" src=\"\/\/www.youtube.com\/embed\/_GBP7EFXGxg\" frameborder=\"0\" width=\"420\" height=\"315\"><\/iframe><\/p>\n<div><\/div>\n<div><\/div>\n<p>Otras entradas:<\/p>\n<div>\n<div id=\"post-23423\" class=\"post-23423 post type-post status-publish format-standard hentry category-canal-2-en-vivo category-educacion-y-cultura category-entradas category-especiales category-mexico-y-el-mundo category-principal entry loop-default border_bottom_30\">\n<p class=\"entry_title\"><a title=\"Permalink to 13\/Mar\/14 En Vivo: Centenario de Octavio Paz, desde Bellas Artes\" href=\"http:\/\/www.eloriente.net\/home\/2014\/03\/31\/13mar14-en-vivo-centenario-de-octavio-paz-desde-bellas-artes\/\" rel=\"bookmark\">13\/Mar\/14 En Vivo: Centenario de Octavio Paz, desde Bellas Artes<\/a><\/p>\n<p><a href=\"http:\/\/www.eloriente.net\/home\/2014\/03\/31\/13mar14-en-vivo-centenario-de-octavio-paz-desde-bellas-artes\/\" rel=\"bookmark\"><img decoding=\"async\" class=\"alignleft\" title=\"13\/Mar\/14 En Vivo: Centenario de Octavio Paz, desde Bellas Artes\" src=\"http:\/\/www.eloriente.net\/home\/wp-content\/themes\/city-desk\/timthumb.php?src=http%3A%2F%2Fwww.eloriente.net%2Fhome%2Fwp-content%2Fuploads%2F2013%2F12%2FOctavio_Paz-e1396305199370.jpg&amp;q=90&amp;w=160&amp;h=106&amp;zc=1\" alt=\"13\/Mar\/14 En Vivo: Centenario de Octavio Paz, desde Bellas Artes\" \/><\/a>eloriente.net 31 de marzo de 2014 M\u00e9xico rinde homenaje a su Premio Nobel de las Letras, Octavio Paz (1914-1998), a cien a\u00f1os de su nacimiento, cumplidos este 31 de marzo. Como puede leerse m\u00e1s abajo, algunas de las actividades organizadas con este motivo en el pa\u00eds, incluyen exposiciones, conferencias y lecturas alusivas. Destaca, la actividad [&#8230;]<\/p>\n<p class=\"postmeta\"><span class=\"meta_date\">March 31, 2014<\/span><\/p>\n<p class=\"postmeta\">\n<\/div>\n<div id=\"post-22116\" class=\"post-22116 post type-post status-publish format-standard hentry category-editorial category-educacion-y-cultura category-entradas entry loop-default border_bottom_30\">\n<p class=\"entry_title\"><a title=\"Permalink to Marzo: #DanosUnNombre #EscritoresOaxaque\u00f1os\" href=\"http:\/\/www.eloriente.net\/home\/2014\/03\/05\/marzo-danosunnombre-de-escritoresoaxaquenos\/\" rel=\"bookmark\">Marzo: #DanosUnNombre #EscritoresOaxaque\u00f1os<\/a><\/p>\n<p><a href=\"http:\/\/www.eloriente.net\/home\/2014\/03\/05\/marzo-danosunnombre-de-escritoresoaxaquenos\/\" rel=\"bookmark\"><img decoding=\"async\" class=\"alignleft\" title=\"Marzo: #DanosUnNombre #EscritoresOaxaque\u00f1os\" src=\"http:\/\/www.eloriente.net\/home\/wp-content\/themes\/city-desk\/timthumb.php?src=http%3A%2F%2Fwww.eloriente.net%2Fhome%2Fwp-content%2Fuploads%2F2014%2F03%2FOctavio-Paz-Algunos-derechos-reservados-por-Arturo-Espinosa.jpg&amp;q=90&amp;w=160&amp;h=106&amp;zc=1\" alt=\"Marzo: #DanosUnNombre #EscritoresOaxaque\u00f1os\" \/><\/a>eloriente.net 5 de marzo de 2014 \u00a0 Imagen: Algunos derechos reservados por Arturo Espinosa Editorial ELORIENTE.NET: Dice el extraordinario y querido poeta Jorge Fern\u00e1ndez Granados que la lecci\u00f3n m\u00e1s vigente de Octavio Paz, \u201cse encuentra en su testamento cr\u00edtico. El recurso de la interrogaci\u00f3n permanente hizo de su pensamiento una herramienta de precisi\u00f3n que no [&#8230;]<\/p>\n<p class=\"postmeta\"><span class=\"meta_date\">March 5, 2014<\/span><\/p>\n<p class=\"postmeta\">\n<\/div>\n<p class=\"entry_title\"><a title=\"Permalink to Se prepara festival latinoamericano de poes\u00eda \u2018Ser al fin una palabra\u2019:\" href=\"http:\/\/www.eloriente.net\/home\/2014\/03\/02\/se-prepara-festival-latinoamericano-de-poesia-ser-al-fin-una-palabra\/\" rel=\"bookmark\">Se prepara festival latinoamericano de poes\u00eda \u2018Ser al fin una palabra\u2019:<\/a><\/p>\n<p><a href=\"http:\/\/www.eloriente.net\/home\/2014\/03\/02\/se-prepara-festival-latinoamericano-de-poesia-ser-al-fin-una-palabra\/\" rel=\"bookmark\"><img decoding=\"async\" class=\"alignleft\" title=\"Se prepara festival latinoamericano de poes\u00eda \u2018Ser al fin una palabra\u2019:\" src=\"http:\/\/www.eloriente.net\/home\/wp-content\/themes\/city-desk\/timthumb.php?src=http%3A%2F%2Fwww.eloriente.net%2Fhome%2Fwp-content%2Fuploads%2F2014%2F03%2F%40federico-corral-vallejo.jpg&amp;q=90&amp;w=160&amp;h=106&amp;zc=1\" alt=\"Se prepara festival latinoamericano de poes\u00eda \u2018Ser al fin una palabra\u2019:\" \/><\/a>eloriente.net\/Agencia N22 2 de marzo de 2014 CIUDAD DE M\u00c9XICO, M\u00e9xico, (N22).- \u00bfQu\u00e9 puede hacer un poeta en la c\u00e1rcel? Puede crear poes\u00eda intensa, poes\u00eda ruda y, sobre todo, poes\u00eda vivencial, \u201cde esa en la que tienes que vomitar el h\u00edgado para sacar tu dolor\u201d, asegur\u00f3 en entrevista Federico Corral Vallejo, coordinador\u00a0 del Festival Latinoamericano [&#8230;]<\/p>\n<p><span class=\"meta_date\">March 2, 2014<\/span><\/p>\n<\/div>\n\n\t\t\t  <div \n\t\t\t  \tclass = \"fb-comments\" \n\t\t\t  \tdata-href = \"http:\/\/www.eloriente.net\/home\/2014\/04\/01\/piedra-de-sol-a-traves-de-la-musica-de-dimitri-dudin\/\"\n\t\t\t  \tdata-numposts = \"10\"\n\t\t\t\tdata-colorscheme = \"dark\"\n\t\t\t\tdata-order-by = \"social\"\n\t\t\t\tdata-mobile=true>\n\t\t\t  <\/div>\n\t\t  <style>\n\t\t\t.fb_iframe_widget_fluid_desktop iframe {\n\t\t\t    width: 100% !important;\n\t\t\t}\n\t\t  <\/style>\n\t\t  ","protected":false},"excerpt":{"rendered":"<p>eloriente.net\/Agencia N22 1 de abril de 2014 Por: V\u00edctor Gaspar Originalmente esta pieza era una cantata para cuarteto de cuerdas, piano y mezzosoprano CIUDAD DE M\u00c9XICO, M\u00e9xico, (N22).- Inspirado en el poema Piedra de sol, de Octavio Paz, el pianista y compositor ruso Dimitri Dudin escribi\u00f3 hace casi tres lustros una pieza que le tom\u00f3 [&hellip;]<\/p>\n","protected":false},"author":1,"featured_media":23435,"comment_status":"open","ping_status":"open","sticky":false,"template":"","format":"standard","meta":{"_jetpack_memberships_contains_paid_content":false,"footnotes":""},"categories":[18,32,10,24],"tags":[],"class_list":["post-23433","post","type-post","status-publish","format-standard","has-post-thumbnail","hentry","category-educacion-y-cultura","category-entradas","category-lo-mas-reciente","category-mexico-y-el-mundo"],"jetpack_featured_media_url":"http:\/\/www.eloriente.net\/home\/wp-content\/uploads\/2014\/04\/Dimitri-Dudin1-N22.png","jetpack_sharing_enabled":true,"_links":{"self":[{"href":"http:\/\/www.eloriente.net\/home\/wp-json\/wp\/v2\/posts\/23433"}],"collection":[{"href":"http:\/\/www.eloriente.net\/home\/wp-json\/wp\/v2\/posts"}],"about":[{"href":"http:\/\/www.eloriente.net\/home\/wp-json\/wp\/v2\/types\/post"}],"author":[{"embeddable":true,"href":"http:\/\/www.eloriente.net\/home\/wp-json\/wp\/v2\/users\/1"}],"replies":[{"embeddable":true,"href":"http:\/\/www.eloriente.net\/home\/wp-json\/wp\/v2\/comments?post=23433"}],"version-history":[{"count":1,"href":"http:\/\/www.eloriente.net\/home\/wp-json\/wp\/v2\/posts\/23433\/revisions"}],"predecessor-version":[{"id":23436,"href":"http:\/\/www.eloriente.net\/home\/wp-json\/wp\/v2\/posts\/23433\/revisions\/23436"}],"wp:featuredmedia":[{"embeddable":true,"href":"http:\/\/www.eloriente.net\/home\/wp-json\/wp\/v2\/media\/23435"}],"wp:attachment":[{"href":"http:\/\/www.eloriente.net\/home\/wp-json\/wp\/v2\/media?parent=23433"}],"wp:term":[{"taxonomy":"category","embeddable":true,"href":"http:\/\/www.eloriente.net\/home\/wp-json\/wp\/v2\/categories?post=23433"},{"taxonomy":"post_tag","embeddable":true,"href":"http:\/\/www.eloriente.net\/home\/wp-json\/wp\/v2\/tags?post=23433"}],"curies":[{"name":"wp","href":"https:\/\/api.w.org\/{rel}","templated":true}]}}