{"id":23529,"date":"2014-04-02T14:49:21","date_gmt":"2014-04-02T20:49:21","guid":{"rendered":"http:\/\/www.eloriente.net\/home\/?p=23529"},"modified":"2014-04-03T15:08:29","modified_gmt":"2014-04-03T21:08:29","slug":"pena-nieto-tiene-una-aprobacion-ciudadana-del-50-consulta-mitofsky","status":"publish","type":"post","link":"http:\/\/www.eloriente.net\/home\/2014\/04\/02\/pena-nieto-tiene-una-aprobacion-ciudadana-del-50-consulta-mitofsky\/","title":{"rendered":"Aprueba 50% a Pe\u00f1a Nieto; arriba de Obama y abajo de Evo: Mitofsky"},"content":{"rendered":"<p>eloriente.net<\/p>\n<p>2 de abril de 2014<\/p>\n<p>De acuerdo con informaci\u00f3n de Consulta Mitofsky, el presidente de la Rep\u00fablica, Enrique Pe\u00f1a Nieto, tiene una aceptaci\u00f3n ciudadana del 50% a marzo de 2014, ubic\u00e1ndose en la octava posici\u00f3n del ranking de aprobaci\u00f3n de 20 mandatarios en Am\u00e9rica.<\/p>\n<p>A sus quince meses de gesti\u00f3n, Pe\u00f1a Nieto comparte el mismo nivel porcentual de aprobaci\u00f3n con Juan Manuel Santos, presidente de Colombia; y Sebasti\u00e1n Pi\u00f1era, ex gobernante de Chile.<\/p>\n<p>En la\u00a0<a href=\"http:\/\/www.eloriente.net\/home\/2013\/12\/23\/evaluacion-del-primer-ano-de-gobierno-de-epn-consulta-mitofsky\/\" target=\"_blank\">Evaluaci\u00f3n del primer a\u00f1o de gobierno de EPN, por consulta Mitofsky<\/a>\u00a0se se\u00f1al\u00f3 que lo m\u00e1s importante que ha hecho Pe\u00f1a Nieto ha sido ayudar a damnificados y a la 3\u00aa edad, la reforma educativa y energ\u00e9tica, la cruzada contra el hambre y combatir la inseguridad; con un \u00edndice de aprobaci\u00f3n de 49.7% al\u00a0cuarto trimestre de su gesti\u00f3n.<\/p>\n<p>Por su parte, los presidentes Danilo Medina, de Rep\u00fablica Dominicana; Rafael Correa, de Ecuador; y Horacio Cartes, de Paraguay, son los tres funcionarios con mayor acogimiento en Am\u00e9rica, con 90, 75 y 74 puntos porcentuales respectivamente.<\/p>\n<p>En cambio, Cristina Fern\u00e1ndez, de Argentina, con 25%; Ollanta Humala, de Per\u00fa, con 24%; y Laura Chinchilla, de Costa Rica, con 16%, son los m\u00e1s rechazados por sus propios ciudadanos.<\/p>\n<p>&nbsp;<\/p>\n<p style=\"text-align: center;\"><a href=\"http:\/\/www.eloriente.net\/home\/wp-content\/uploads\/2014\/04\/Ranking-mandatarios-Por-Mitofsky.jpg\" target=\"_blank\"><img loading=\"lazy\" decoding=\"async\" class=\"aligncenter\" style=\"-webkit-user-select: none; cursor: -webkit-zoom-in;\" src=\"http:\/\/www.eloriente.net\/home\/wp-content\/uploads\/2014\/04\/Ranking-mandatarios-Por-Mitofsky.jpg\" alt=\"\" width=\"510\" height=\"552\" \/><\/a><br \/>\nImagen: Consulta Mitofsky<\/p>\n<p>&nbsp;<\/p>\n<p>La evaluaci\u00f3n promedio de los presidentes en el continente americano incrementa 4 puntos porcentuales respecto a septiembre de 2013, pasando de 47% a 51%.<\/p>\n<p>Por regiones, Sudam\u00e9rica 50% de aprobaci\u00f3n, Norteam\u00e9rica 46% y Centroam\u00e9rica con el Caribe 54%.<\/p>\n<p>Consulta el reporte completo dando click a la siguiente <a href=\"http:\/\/consulta.mx\/web\/images\/mundo\/2014\/201403_Ev_Mandatarios.pdf\" target=\"_blank\">liga de enlace<\/a>.<\/p>\n<p>&nbsp;<\/p>\n<p><a href=\"http:\/\/www.eloriente.net\/home\/wp-content\/uploads\/2014\/04\/Pe\u00f1a-Nieto-Por-Canciller\u00eda-Ecuador.jpg\"><img loading=\"lazy\" decoding=\"async\" class=\"alignnone size-medium wp-image-23550\" title=\"Pe\u00f1a Nieto-Por Canciller\u00eda Ecuador\" src=\"http:\/\/www.eloriente.net\/home\/wp-content\/uploads\/2014\/04\/Pe\u00f1a-Nieto-Por-Canciller\u00eda-Ecuador-300x200.jpg\" alt=\"\" width=\"300\" height=\"200\" srcset=\"http:\/\/www.eloriente.net\/home\/wp-content\/uploads\/2014\/04\/Pe\u00f1a-Nieto-Por-Canciller\u00eda-Ecuador-300x200.jpg 300w, http:\/\/www.eloriente.net\/home\/wp-content\/uploads\/2014\/04\/Pe\u00f1a-Nieto-Por-Canciller\u00eda-Ecuador.jpg 1024w\" sizes=\"(max-width: 300px) 100vw, 300px\" \/><\/a><\/p>\n<p>Foto:\u00a0<a href=\"https:\/\/www.flickr.com\/photos\/dgcomsoc\/\">Canciller\u00eda Ecuador<\/a><\/p>\n<p>&nbsp;<\/p>\n<p><strong>Entradas relacionadas:<\/strong><\/p>\n<p><a title=\"Permalink to 7 de cada 10 mexicanos recuerdan a Luis Donaldo Colosio\" href=\"http:\/\/www.eloriente.net\/home\/2014\/03\/17\/7-de-cada-10-mexicanos-recuerdan-a-luis-donaldo-colosio\/\" rel=\"bookmark\">7 de cada 10 mexicanos recuerdan a Luis Donaldo Colosio<\/a><\/p>\n<p><a href=\"http:\/\/www.eloriente.net\/home\/2014\/03\/17\/7-de-cada-10-mexicanos-recuerdan-a-luis-donaldo-colosio\/\" rel=\"bookmark\"><img decoding=\"async\" title=\"7 de cada 10 mexicanos recuerdan a Luis Donaldo Colosio\" src=\"http:\/\/www.eloriente.net\/home\/wp-content\/themes\/city-desk\/timthumb.php?src=http%3A%2F%2Fwww.eloriente.net%2Fhome%2Fwp-content%2Fuploads%2F2014%2F03%2Fcolosio.jpg&amp;q=90&amp;w=160&amp;h=106&amp;zc=1\" alt=\"7 de cada 10 mexicanos recuerdan a Luis Donaldo Colosio\" \/><\/a><\/p>\n<p>eloriente.net 17 de marzo de 2014 Siete de cada 10 mexicanos recuerdan a Luis Donaldo Colosio Murrieta, as\u00ed lo dio a conocer los resultados de la encuesta de Consulta Mitofsky sobre el candidato del PRI a la Presidencia de la Rep\u00fablica en 1994, quien fue asesinado en ese mismo a\u00f1o el 23 de marzo en\u00a0Tijuana, [&#8230;]<\/p>\n<p>March 17, 2014<\/p>\n<p><a title=\"Permalink to 60% de la poblaci\u00f3n conf\u00eda en el ej\u00e9rcito mexicano\" href=\"http:\/\/www.eloriente.net\/home\/2014\/02\/24\/60-de-la-poblacion-confia-en-el-ejercito-mexicano\/\" rel=\"bookmark\">60% de la poblaci\u00f3n conf\u00eda en el ej\u00e9rcito mexicano<\/a><\/p>\n<p><a href=\"http:\/\/www.eloriente.net\/home\/2014\/02\/24\/60-de-la-poblacion-confia-en-el-ejercito-mexicano\/\" rel=\"bookmark\"><img decoding=\"async\" title=\"60% de la poblaci\u00f3n conf\u00eda en el ej\u00e9rcito mexicano\" src=\"http:\/\/www.eloriente.net\/home\/wp-content\/themes\/city-desk\/timthumb.php?src=http%3A%2F%2Fwww.eloriente.net%2Fhome%2Fwp-content%2Fuploads%2F2014%2F02%2Fmilicia.jpg&amp;q=90&amp;w=160&amp;h=106&amp;zc=1\" alt=\"60% de la poblaci\u00f3n conf\u00eda en el ej\u00e9rcito mexicano\" \/><\/a><\/p>\n<p>eloriente.net 24 de febrero de 2014 En el marco del \u201cD\u00eda del Ej\u00e9rcito\u201d celebrado el pasado 19 de febrero, la agencia especializada en investigaci\u00f3n, Parametr\u00eda, dio a conocer que el 60% de la poblaci\u00f3n mexicana, es decir, 6 de cada 10 ciudadanos, conf\u00edan en el ej\u00e9rcito del pa\u00eds en menor o mayor medida. La confianza [&#8230;]<\/p>\n<p>February 24, 2014<\/p>\n<p><a title=\"Permalink to Evaluaci\u00f3n del primer a\u00f1o de gobierno de EPN: Consulta Mitofsky\" href=\"http:\/\/www.eloriente.net\/home\/2013\/12\/23\/evaluacion-del-primer-ano-de-gobierno-de-epn-consulta-mitofsky\/\" rel=\"bookmark\">Evaluaci\u00f3n del primer a\u00f1o de gobierno de EPN: Consulta Mitofsky<\/a><\/p>\n<p><a href=\"http:\/\/www.eloriente.net\/home\/2013\/12\/23\/evaluacion-del-primer-ano-de-gobierno-de-epn-consulta-mitofsky\/\" rel=\"bookmark\"><img decoding=\"async\" title=\"Evaluaci\u00f3n del primer a\u00f1o de gobierno de EPN: Consulta Mitofsky\" src=\"http:\/\/www.eloriente.net\/home\/wp-content\/themes\/city-desk\/timthumb.php?src=http%3A%2F%2Fwww.eloriente.net%2Fhome%2Fwp-content%2Fuploads%2F2013%2F12%2FEPN.jpg&amp;q=90&amp;w=160&amp;h=106&amp;zc=1\" alt=\"Evaluaci\u00f3n del primer a\u00f1o de gobierno de EPN: Consulta Mitofsky\" \/><\/a><\/p>\n<p>eloriente.net\/Consulta Mitofsky 23 de diciembre de 2013 Consulta Mitofsky present\u00f3 recientemente los resultados de la evaluaci\u00f3n de la opini\u00f3n p\u00fablica sobre el primer a\u00f1o de gobierno del Presidente de la Rep\u00fablica, Enrique Pe\u00f1a Nieto, al llegar al cuarto trimestre de su gesti\u00f3n, del periodo que comprende septiembre, octubre y noviembre de 2013. Por segundo trimestre [&#8230;]<\/p>\n<p>December 23, 2013<\/p>\n\n\t\t\t  <div \n\t\t\t  \tclass = \"fb-comments\" \n\t\t\t  \tdata-href = \"http:\/\/www.eloriente.net\/home\/2014\/04\/02\/pena-nieto-tiene-una-aprobacion-ciudadana-del-50-consulta-mitofsky\/\"\n\t\t\t  \tdata-numposts = \"10\"\n\t\t\t\tdata-colorscheme = \"dark\"\n\t\t\t\tdata-order-by = \"social\"\n\t\t\t\tdata-mobile=true>\n\t\t\t  <\/div>\n\t\t  <style>\n\t\t\t.fb_iframe_widget_fluid_desktop iframe {\n\t\t\t    width: 100% !important;\n\t\t\t}\n\t\t  <\/style>\n\t\t  ","protected":false},"excerpt":{"rendered":"<p>eloriente.net 2 de abril de 2014 De acuerdo con informaci\u00f3n de Consulta Mitofsky, el presidente de la Rep\u00fablica, Enrique Pe\u00f1a Nieto, tiene una aceptaci\u00f3n ciudadana del 50% a marzo de 2014, ubic\u00e1ndose en la octava posici\u00f3n del ranking de aprobaci\u00f3n de 20 mandatarios en Am\u00e9rica. A sus quince meses de gesti\u00f3n, Pe\u00f1a Nieto comparte el [&hellip;]<\/p>\n","protected":false},"author":26,"featured_media":23550,"comment_status":"open","ping_status":"open","sticky":false,"template":"","format":"standard","meta":{"_jetpack_memberships_contains_paid_content":false,"footnotes":""},"categories":[32,35,10,24,21,31],"tags":[757,756,133,758,277,141,271],"class_list":["post-23529","post","type-post","status-publish","format-standard","has-post-thumbnail","hentry","category-entradas","category-secciones-oriente","category-lo-mas-reciente","category-mexico-y-el-mundo","category-politica-y-gobierno","category-principal","tag-america","tag-aprobacion","tag-ciudadanos","tag-epn","tag-gobierno","tag-mexico","tag-mitofsky"],"jetpack_featured_media_url":"http:\/\/www.eloriente.net\/home\/wp-content\/uploads\/2014\/04\/Pe\u00f1a-Nieto-Por-Canciller\u00eda-Ecuador.jpg","jetpack_sharing_enabled":true,"_links":{"self":[{"href":"http:\/\/www.eloriente.net\/home\/wp-json\/wp\/v2\/posts\/23529"}],"collection":[{"href":"http:\/\/www.eloriente.net\/home\/wp-json\/wp\/v2\/posts"}],"about":[{"href":"http:\/\/www.eloriente.net\/home\/wp-json\/wp\/v2\/types\/post"}],"author":[{"embeddable":true,"href":"http:\/\/www.eloriente.net\/home\/wp-json\/wp\/v2\/users\/26"}],"replies":[{"embeddable":true,"href":"http:\/\/www.eloriente.net\/home\/wp-json\/wp\/v2\/comments?post=23529"}],"version-history":[{"count":16,"href":"http:\/\/www.eloriente.net\/home\/wp-json\/wp\/v2\/posts\/23529\/revisions"}],"predecessor-version":[{"id":23540,"href":"http:\/\/www.eloriente.net\/home\/wp-json\/wp\/v2\/posts\/23529\/revisions\/23540"}],"wp:featuredmedia":[{"embeddable":true,"href":"http:\/\/www.eloriente.net\/home\/wp-json\/wp\/v2\/media\/23550"}],"wp:attachment":[{"href":"http:\/\/www.eloriente.net\/home\/wp-json\/wp\/v2\/media?parent=23529"}],"wp:term":[{"taxonomy":"category","embeddable":true,"href":"http:\/\/www.eloriente.net\/home\/wp-json\/wp\/v2\/categories?post=23529"},{"taxonomy":"post_tag","embeddable":true,"href":"http:\/\/www.eloriente.net\/home\/wp-json\/wp\/v2\/tags?post=23529"}],"curies":[{"name":"wp","href":"https:\/\/api.w.org\/{rel}","templated":true}]}}