{"id":23568,"date":"2014-04-02T19:46:44","date_gmt":"2014-04-03T01:46:44","guid":{"rendered":"http:\/\/www.eloriente.net\/home\/?p=23568"},"modified":"2014-04-03T19:59:03","modified_gmt":"2014-04-04T01:59:03","slug":"escucha-a-juana-rosa-corte-silva-en-todo-oaxaca-radio-1abr14","status":"publish","type":"post","link":"http:\/\/www.eloriente.net\/home\/2014\/04\/02\/escucha-a-juana-rosa-corte-silva-en-todo-oaxaca-radio-1abr14\/","title":{"rendered":"Escucha a Juana Rosa Corte Silva en Todo Oaxaca Radio 1\/Abr\/14"},"content":{"rendered":"<p>todooaxacaradio.com<\/p>\n<p>2 de abril de 2014<\/p>\n<p>Como cada martes, en punto de las 17:00 horas se transmiti\u00f3 el programa Todo Oaxaca Radio completamente en vivo desde la Ciudad de Oaxaca de Ju\u00e1rez, a trav\u00e9s de las frecuencias abiertas 570 AM, 94.9 FM y para todo el mundo a trav\u00e9s de www.todooaxacaradio.com.<\/p>\n<p>El programa es conducido por Rub\u00e9n Vasconcelos Beltr\u00e1n, cronista de la Ciudad de Oaxaca, as\u00ed como Guadalupe Zarza Brise\u00f1o, reconocida empresaria y representante de la sociedad civil.<\/p>\n<p><strong>Nuestro tema e invitada del 1 de abril de 2014<\/strong><\/p>\n<p>En esta primera emisi\u00f3n de abril de 2014, charlamos con una personalidad para abordar un tema de inter\u00e9s de car\u00e1cter jur\u00eddico social que concierne a nuestra entidad oaxaque\u00f1a \u00bfquieres saber m\u00e1s? Escucha el programa dando click en el reproductor localizado al final de la redacci\u00f3n.<\/p>\n<p><strong>Minuto 02\u201950<strong>\u2019<\/strong><\/strong><\/p>\n<p>Lic.\u00a0Juana Rosa Corte Silva,\u00a0Jueza del Juzgado Especializado para Adolescentes del Poder Judicial.<\/p>\n<p><em>\u00abEl Nuevo Sistema de Justicia para Adolescentes est\u00e1 dise\u00f1ado para juzgar personas que tienen de 12 a\u00f1os hasta antes de cumplir 18\u00bb<\/em><\/p>\n<p><em>\u00abContempla sanciones penales para los j\u00f3venes que cometan delitos, inicia con una denuncia o querella de cualquier particular\u00bb<\/em><\/p>\n<p><em>\u00abEl sistema marca salidas alternativas, formas distintas de concluir un procedimiento penal sin llegar necesariamente a un juicio\u00bb<\/em><\/p>\n<p><em>\u00abA partir del 1 de enero de 2007 en Oaxaca entr\u00f3 en vigor un Nuevo Sistema de Justicia Integral para Adolescentes\u00bb<\/em><\/p>\n<p><em>\u00abLa ley considera como delitos graves de violaci\u00f3n, secuestros, homicidios, etc\u00e9tera\u00bb<\/em><\/p>\n<p><em>\u00abLas salidas alternativas son voluntarias, los juicios penales son obligatorios\u00bb<\/em><\/p>\n<p>&nbsp;<\/p>\n<p><a href=\"http:\/\/www.eloriente.net\/home\/wp-content\/uploads\/2014\/04\/Juana-Corte-Por-Todo-Oaxaca-Radio.jpg\"><img loading=\"lazy\" decoding=\"async\" class=\"size-medium wp-image-23570 aligncenter\" title=\"Juana-Corte-Por-Todo-Oaxaca-Radio\" src=\"http:\/\/www.eloriente.net\/home\/wp-content\/uploads\/2014\/04\/Juana-Corte-Por-Todo-Oaxaca-Radio-300x205.jpg\" alt=\"\" width=\"300\" height=\"205\" srcset=\"http:\/\/www.eloriente.net\/home\/wp-content\/uploads\/2014\/04\/Juana-Corte-Por-Todo-Oaxaca-Radio-300x205.jpg 300w, http:\/\/www.eloriente.net\/home\/wp-content\/uploads\/2014\/04\/Juana-Corte-Por-Todo-Oaxaca-Radio-1024x701.jpg 1024w\" sizes=\"(max-width: 300px) 100vw, 300px\" \/><\/a><\/p>\n<p>&nbsp;<\/p>\n<p><iframe loading=\"lazy\" src=\"http:\/\/www.ivoox.com\/player_ek_2987592_1.html\" frameborder=\"0\" scrolling=\"no\" width=\"238\" height=\"48\"><\/iframe><\/p>\n<p>&nbsp;<\/p>\n<p><strong>Entradas relacionadas:<\/strong><\/p>\n<p><a title=\"Permalink to Escucha a Alejandro Lezama, Mayra Mendoza y Fabiola Calvo en Todo Oaxaca Radio 25\/Mar\/14\" href=\"http:\/\/www.eloriente.net\/home\/2014\/03\/26\/escucha-a-alejandro-lezama-mayra-mendoza-y-fabiola-calvo-en-todo-oaxaca-radio-25mar14\/\" rel=\"bookmark\">Escucha a Alejandro Lezama, Mayra Mendoza y Fabiola Calvo en Todo Oaxaca Radio 25\/Mar\/14<\/a><\/p>\n<p><a href=\"http:\/\/www.eloriente.net\/home\/2014\/03\/26\/escucha-a-alejandro-lezama-mayra-mendoza-y-fabiola-calvo-en-todo-oaxaca-radio-25mar14\/\" rel=\"bookmark\"><img decoding=\"async\" title=\"Escucha a Alejandro Lezama, Mayra Mendoza y Fabiola Calvo en Todo Oaxaca Radio 25\/Mar\/14\" src=\"http:\/\/www.eloriente.net\/home\/wp-content\/themes\/city-desk\/timthumb.php?src=http%3A%2F%2Fwww.eloriente.net%2Fhome%2Fwp-content%2Fuploads%2F2014%2F03%2FAlejandro-Lezama.jpg&amp;q=90&amp;w=160&amp;h=106&amp;zc=1\" alt=\"Escucha a Alejandro Lezama, Mayra Mendoza y Fabiola Calvo en Todo Oaxaca Radio 25\/Mar\/14\" \/><\/a><\/p>\n<p>todooaxacaradio.com 26 de marzo de 2014 Como cada martes, en punto de las 17:00 horas se transmiti\u00f3 el programa Todo Oaxaca Radio completamente en vivo desde la Ciudad de Oaxaca de Ju\u00e1rez, a trav\u00e9s de las frecuencias abiertas 570 AM, 94.9 FM y para todo el mundo a trav\u00e9s de www.todooaxacaradio.com. El programa es conducido [&#8230;]<\/p>\n<p>March 26, 2014<\/p>\n<div id=\"post-22857\">\n<p><a title=\"Permalink to Escucha a Karla Cadena, Fidel Torres y Anuar Jarqu\u00edn en Todo Oaxaca Radio 18\/Mar\/14\" href=\"http:\/\/www.eloriente.net\/home\/2014\/03\/19\/escucha-a-karla-cadena-fidel-torres-y-anuar-jarquin-en-todo-oaxaca-radio-18mar14\/\" rel=\"bookmark\">Escucha a Karla Cadena, Fidel Torres y Anuar Jarqu\u00edn en Todo Oaxaca Radio 18\/Mar\/14<\/a><\/p>\n<p><a href=\"http:\/\/www.eloriente.net\/home\/2014\/03\/19\/escucha-a-karla-cadena-fidel-torres-y-anuar-jarquin-en-todo-oaxaca-radio-18mar14\/\" rel=\"bookmark\"><img decoding=\"async\" title=\"Escucha a Karla Cadena, Fidel Torres y Anuar Jarqu\u00edn en Todo Oaxaca Radio 18\/Mar\/14\" src=\"http:\/\/www.eloriente.net\/home\/wp-content\/themes\/city-desk\/timthumb.php?src=http%3A%2F%2Fwww.eloriente.net%2Fhome%2Fwp-content%2Fuploads%2F2014%2F03%2FKarla-Cadena.jpg&amp;q=90&amp;w=160&amp;h=106&amp;zc=1\" alt=\"Escucha a Karla Cadena, Fidel Torres y Anuar Jarqu\u00edn en Todo Oaxaca Radio 18\/Mar\/14\" \/><\/a><\/p>\n<p>todooaxacaradio.com 19 de marzo de 2014 Como cada martes, en punto de las 17:00 horas se transmiti\u00f3 el programa Todo Oaxaca Radio completamente en vivo desde la Ciudad de Oaxaca de Ju\u00e1rez, a trav\u00e9s de las frecuencias abiertas 570 AM, 94.9 FM y para todo el mundo a trav\u00e9s de www.todooaxacaradio.com. El programa es conducido [&#8230;]<\/p>\n<p>March 19, 2014<\/p>\n<\/div>\n<div id=\"post-22436\">\n<p><a title=\"Permalink to Escucha a Sergio R\u00edos, Ver\u00f3nica Quevedo y Yuri Rold\u00e1n en Todo Oaxaca Radio 11\/Mar\/14\" href=\"http:\/\/www.eloriente.net\/home\/2014\/03\/12\/escucha-a-sergio-rios-veronica-quevedo-y-yuri-roldan-en-todo-oaxaca-radio-11mar14\/\" rel=\"bookmark\">Escucha a Sergio R\u00edos, Ver\u00f3nica Quevedo y Yuri Rold\u00e1n en Todo Oaxaca Radio 11\/Mar\/14<\/a><\/p>\n<p><a href=\"http:\/\/www.eloriente.net\/home\/2014\/03\/12\/escucha-a-sergio-rios-veronica-quevedo-y-yuri-roldan-en-todo-oaxaca-radio-11mar14\/\" rel=\"bookmark\"><img decoding=\"async\" title=\"Escucha a Sergio R\u00edos, Ver\u00f3nica Quevedo y Yuri Rold\u00e1n en Todo Oaxaca Radio 11\/Mar\/14\" src=\"http:\/\/www.eloriente.net\/home\/wp-content\/themes\/city-desk\/timthumb.php?src=http%3A%2F%2Fwww.eloriente.net%2Fhome%2Fwp-content%2Fuploads%2F2014%2F03%2FVer%C3%B3nica-Quevedo.jpg&amp;q=90&amp;w=160&amp;h=106&amp;zc=1\" alt=\"Escucha a Sergio R\u00edos, Ver\u00f3nica Quevedo y Yuri Rold\u00e1n en Todo Oaxaca Radio 11\/Mar\/14\" \/><\/a><\/p>\n<p>todooaxacaradio.com 12 de marzo de 2014 Como cada martes, en punto de las 17:00 horas se transmiti\u00f3 el programa Todo Oaxaca Radio completamente en vivo desde la Ciudad de Oaxaca de Ju\u00e1rez, a trav\u00e9s de las frecuencias abiertas 570 AM, 94.9 FM y para todo el mundo a trav\u00e9s de www.todooaxacaradio.com. El programa es conducido [&#8230;]<\/p>\n<p>March 12, 2014<\/p>\n<\/div>\n\n\t\t\t  <div \n\t\t\t  \tclass = \"fb-comments\" \n\t\t\t  \tdata-href = \"http:\/\/www.eloriente.net\/home\/2014\/04\/02\/escucha-a-juana-rosa-corte-silva-en-todo-oaxaca-radio-1abr14\/\"\n\t\t\t  \tdata-numposts = \"10\"\n\t\t\t\tdata-colorscheme = \"dark\"\n\t\t\t\tdata-order-by = \"social\"\n\t\t\t\tdata-mobile=true>\n\t\t\t  <\/div>\n\t\t  <style>\n\t\t\t.fb_iframe_widget_fluid_desktop iframe {\n\t\t\t    width: 100% !important;\n\t\t\t}\n\t\t  <\/style>\n\t\t  ","protected":false},"excerpt":{"rendered":"<p>todooaxacaradio.com 2 de abril de 2014 Como cada martes, en punto de las 17:00 horas se transmiti\u00f3 el programa Todo Oaxaca Radio completamente en vivo desde la Ciudad de Oaxaca de Ju\u00e1rez, a trav\u00e9s de las frecuencias abiertas 570 AM, 94.9 FM y para todo el mundo a trav\u00e9s de www.todooaxacaradio.com. El programa es conducido [&hellip;]<\/p>\n","protected":false},"author":26,"featured_media":23570,"comment_status":"open","ping_status":"open","sticky":false,"template":"","format":"standard","meta":{"_jetpack_memberships_contains_paid_content":false,"footnotes":""},"categories":[32,63,464,12],"tags":[764,767,255,766,73,164,765],"class_list":["post-23568","post","type-post","status-publish","format-standard","has-post-thumbnail","hentry","category-entradas","category-estados","category-oaxaca-estados","category-todo-oaxaca-radio","tag-adolescentes","tag-infractores","tag-justicia","tag-menores","tag-oaxaca","tag-poder-judicial","tag-prision"],"jetpack_featured_media_url":"http:\/\/www.eloriente.net\/home\/wp-content\/uploads\/2014\/04\/Juana-Corte-Por-Todo-Oaxaca-Radio.jpg","jetpack_sharing_enabled":true,"_links":{"self":[{"href":"http:\/\/www.eloriente.net\/home\/wp-json\/wp\/v2\/posts\/23568"}],"collection":[{"href":"http:\/\/www.eloriente.net\/home\/wp-json\/wp\/v2\/posts"}],"about":[{"href":"http:\/\/www.eloriente.net\/home\/wp-json\/wp\/v2\/types\/post"}],"author":[{"embeddable":true,"href":"http:\/\/www.eloriente.net\/home\/wp-json\/wp\/v2\/users\/26"}],"replies":[{"embeddable":true,"href":"http:\/\/www.eloriente.net\/home\/wp-json\/wp\/v2\/comments?post=23568"}],"version-history":[{"count":7,"href":"http:\/\/www.eloriente.net\/home\/wp-json\/wp\/v2\/posts\/23568\/revisions"}],"predecessor-version":[{"id":23575,"href":"http:\/\/www.eloriente.net\/home\/wp-json\/wp\/v2\/posts\/23568\/revisions\/23575"}],"wp:featuredmedia":[{"embeddable":true,"href":"http:\/\/www.eloriente.net\/home\/wp-json\/wp\/v2\/media\/23570"}],"wp:attachment":[{"href":"http:\/\/www.eloriente.net\/home\/wp-json\/wp\/v2\/media?parent=23568"}],"wp:term":[{"taxonomy":"category","embeddable":true,"href":"http:\/\/www.eloriente.net\/home\/wp-json\/wp\/v2\/categories?post=23568"},{"taxonomy":"post_tag","embeddable":true,"href":"http:\/\/www.eloriente.net\/home\/wp-json\/wp\/v2\/tags?post=23568"}],"curies":[{"name":"wp","href":"https:\/\/api.w.org\/{rel}","templated":true}]}}