{"id":23804,"date":"2014-04-06T10:33:22","date_gmt":"2014-04-06T16:33:22","guid":{"rendered":"http:\/\/www.eloriente.net\/home\/?p=23804"},"modified":"2014-04-09T16:27:23","modified_gmt":"2014-04-09T22:27:23","slug":"video-cabeza-caliente-y-otras-canciones-en-honor-de-estudiantes-caidos-en-venezuela","status":"publish","type":"post","link":"http:\/\/www.eloriente.net\/home\/2014\/04\/06\/video-cabeza-caliente-y-otras-canciones-en-honor-de-estudiantes-caidos-en-venezuela\/","title":{"rendered":"Video: Cabeza Caliente y otras canciones en honor de estudiantes ca\u00eddos en Venezuela"},"content":{"rendered":"<p>eloriente.net<\/p>\n<p>6 de abril de 2014<\/p>\n<p><iframe loading=\"lazy\" src=\"\/\/www.youtube.com\/embed\/tKr8K76isog\" frameborder=\"0\" width=\"560\" height=\"315\"><\/iframe><\/p>\n<p>&nbsp;<\/p>\n<p>El consultor, comunicador y publicista J.J. Rend\u00f3n ha compartido en redes sociales una serie de videos y audios, algunos testimoniales y otros musicales, en relaci\u00f3n a la actual situaci\u00f3n de crisis en Venezuela.<\/p>\n<p>Por un lado, como un llamado de atenci\u00f3n a la comunidad internacional, sobre todo latinoamericana, es que nosotros los compartimos. Por el otro, porque son piezas comunicativas muy poderosas, como ha sido compromiso nuestro compartirte en ELORIENTE.NET.<\/p>\n<p>Hay que recordar que <a href=\"http:\/\/www.jjrendon.com\/jjrendon\" target=\"_blank\">J. J. Rend\u00f3n<\/a> tiene una trayectoria de m\u00e1s de 25 a\u00f1os asesorando campa\u00f1as pol\u00edticas, incluyendo a Juan Manuel Santos de Colombia y Enrique Pe\u00f1a de M\u00e9xico.<\/p>\n<p>&nbsp;<\/p>\n<blockquote class=\"twitter-tweet\" lang=\"es\"><p>CABEZA CALIENTE: <a href=\"http:\/\/t.co\/84NGvu2cy3\">http:\/\/t.co\/84NGvu2cy3<\/a> v\u00eda <a href=\"https:\/\/twitter.com\/YouTube\">@YouTube<\/a> RT<\/p>\n<p>\u2014 J.J.RENDON (@JJRENDON) <a href=\"https:\/\/twitter.com\/JJRENDON\/statuses\/452838958028713985\">abril 6, 2014<\/a><\/p><\/blockquote>\n<p>&nbsp;<\/p>\n<blockquote class=\"twitter-tweet\" lang=\"es\"><p>Have you heard \u2018Ya Est\u00e1 Bueno Ya Tambores\u2019 by Ya Est\u00e1 Bueno Ya on <a href=\"https:\/\/twitter.com\/search?q=%23SoundCloud&amp;src=hash\">#SoundCloud<\/a>? <a href=\"https:\/\/t.co\/OQbfwkEVxC\">https:\/\/t.co\/OQbfwkEVxC<\/a><\/p>\n<p>\u2014 J.J.RENDON (@JJRENDON) <a href=\"https:\/\/twitter.com\/JJRENDON\/statuses\/452546119331893249\">abril 5, 2014<\/a><\/p><\/blockquote>\n<p>&nbsp;<\/p>\n<blockquote class=\"twitter-tweet\" lang=\"es\"><p>Movimiento Estudiantil Internacional &#8211; <a href=\"https:\/\/twitter.com\/search?q=%23SOSVenezuela&amp;src=hash\">#SOSVenezuela<\/a> &#8211; ES: <a href=\"http:\/\/t.co\/kLLFkzKCUz\">http:\/\/t.co\/kLLFkzKCUz<\/a> v\u00eda <a href=\"https:\/\/twitter.com\/YouTube\">@YouTube<\/a><\/p>\n<p>\u2014 J.J.RENDON (@JJRENDON) <a href=\"https:\/\/twitter.com\/JJRENDON\/statuses\/452610883965820929\">abril 6, 2014<\/a><\/p><\/blockquote>\n<p>&nbsp;<\/p>\n<p><iframe loading=\"lazy\" src=\"\/\/www.youtube.com\/embed\/YV-vFylaI7Q\" frameborder=\"0\" width=\"560\" height=\"315\"><\/iframe><\/p>\n<p>&nbsp;<\/p>\n<p><iframe loading=\"lazy\" src=\"https:\/\/w.soundcloud.com\/player\/?url=https%3A\/\/api.soundcloud.com\/tracks\/143251461&amp;auto_play=false&amp;hide_related=false&amp;visual=true\" frameborder=\"no\" scrolling=\"no\" width=\"100%\" height=\"450\"><\/iframe><\/p>\n<p>&nbsp;<\/p>\n<p><a href=\"http:\/\/www.eloriente.net\/home\/wp-content\/uploads\/2014\/04\/Bandera-Venezuela-Por-ruurmo.jpg\"><img loading=\"lazy\" decoding=\"async\" class=\"alignnone size-medium wp-image-24024\" title=\"Bandera Venezuela-Por ruurmo\" src=\"http:\/\/www.eloriente.net\/home\/wp-content\/uploads\/2014\/04\/Bandera-Venezuela-Por-ruurmo-300x225.jpg\" alt=\"\" width=\"300\" height=\"225\" srcset=\"http:\/\/www.eloriente.net\/home\/wp-content\/uploads\/2014\/04\/Bandera-Venezuela-Por-ruurmo-300x225.jpg 300w, http:\/\/www.eloriente.net\/home\/wp-content\/uploads\/2014\/04\/Bandera-Venezuela-Por-ruurmo-1024x768.jpg 1024w, http:\/\/www.eloriente.net\/home\/wp-content\/uploads\/2014\/04\/Bandera-Venezuela-Por-ruurmo.jpg 1600w\" sizes=\"(max-width: 300px) 100vw, 300px\" \/><\/a><\/p>\n<p>Foto:\u00a0<a href=\"https:\/\/www.flickr.com\/photos\/rufino_uribe\/\">ruurmo<\/a><\/p>\n<p>&nbsp;<\/p>\n<p><strong>Entradas relacionadas:<\/strong><\/p>\n<p><a title=\"Permalink to Video: \u201cSi est\u00e1n viendo este video es porque ya estoy detenido\u201d: Leopoldo L\u00f3pez en Venezuela\" href=\"http:\/\/www.eloriente.net\/home\/2014\/02\/19\/video-si-estan-viendo-este-video-es-porque-ya-estoy-detenido-leopoldo-lopez-en-venezuela\/\" rel=\"bookmark\">Video: \u201cSi est\u00e1n viendo este video es porque ya estoy detenido\u201d: Leopoldo L\u00f3pez en Venezuela<\/a><\/p>\n<p><a href=\"http:\/\/www.eloriente.net\/home\/2014\/02\/19\/video-si-estan-viendo-este-video-es-porque-ya-estoy-detenido-leopoldo-lopez-en-venezuela\/\" rel=\"bookmark\"><img decoding=\"async\" title=\"Video: \u201cSi est\u00e1n viendo este video es porque ya estoy detenido\u201d: Leopoldo L\u00f3pez en Venezuela\" src=\"http:\/\/www.eloriente.net\/home\/wp-content\/themes\/city-desk\/timthumb.php?src=http%3A%2F%2Fwww.eloriente.net%2Fhome%2Fwp-content%2Fuploads%2F2014%2F02%2FVideo-Gregorio-L%C3%B3pez.jpg&amp;q=90&amp;w=160&amp;h=106&amp;zc=1\" alt=\"Video: \u201cSi est\u00e1n viendo este video es porque ya estoy detenido\u201d: Leopoldo L\u00f3pez en Venezuela\" \/><\/a><\/p>\n<p>eloriente.net 19 de febrero de 2014 Ayer, el l\u00edder opositor Leopoldo L\u00f3pez se entreg\u00f3 a las autoridades venezolanas, luego de asistir a una manifestaci\u00f3n masiva en Caracas, donde dirigi\u00f3 un mensaje para comunicarles su decisi\u00f3n de presentarse ante la autoridad, que le acusa de homicidio y terrorismo. En la jornada destaca, sin embargo, un mensaje [&#8230;]<\/p>\n<p>February 19, 2014<\/p>\n<div id=\"post-21244\">\n<p><a title=\"Permalink to En Vivo: Sigue aqu\u00ed se\u00f1al NTN24, canal bloqueado en Venezuela\" href=\"http:\/\/www.eloriente.net\/home\/2014\/02\/19\/en-vivo-sigue-aqui-senal-ntn24-canal-bloqueado-en-venezuela\/\" rel=\"bookmark\">En Vivo: Sigue aqu\u00ed se\u00f1al NTN24, canal bloqueado en Venezuela<\/a><\/p>\n<p>eloriente.net 19 de febrero de 2014 Luego de que el pasado 12 de febrero se diera a conocer que el canal NTN 24 fuera bloqueado en territorio venezolano por parte del oficialismo, el canal ha debido ampliar su estrategia de difusi\u00f3n por medios alternos, como su propia p\u00e1gina de internet o bien a trav\u00e9s de [&#8230;]<\/p>\n<p>February 19, 2014<\/p>\n<\/div>\n<div id=\"post-20712\">\n<p><a title=\"Permalink to Cr\u00f3nicas beisboleras: La serie del Caribe\" href=\"http:\/\/www.eloriente.net\/home\/2014\/02\/10\/cronicas-beisboleras-la-serie-del-caribe\/\" rel=\"bookmark\">Cr\u00f3nicas beisboleras: La serie del Caribe<\/a><\/p>\n<p><a href=\"http:\/\/www.eloriente.net\/home\/2014\/02\/10\/cronicas-beisboleras-la-serie-del-caribe\/\" rel=\"bookmark\"><img decoding=\"async\" title=\"Cr\u00f3nicas beisboleras: La serie del Caribe\" src=\"http:\/\/www.eloriente.net\/home\/wp-content\/themes\/city-desk\/timthumb.php?src=http%3A%2F%2Fwww.eloriente.net%2Fhome%2Fwp-content%2Fuploads%2F2014%2F02%2Fsultanes.jpg&amp;q=90&amp;w=160&amp;h=106&amp;zc=1\" alt=\"Cr\u00f3nicas beisboleras: La serie del Caribe\" \/><\/a><\/p>\n<p>eloriente.net 10 de febrero de 2014 Por:\u00a0Jaime Palau Ranz La serie del Caribe La Liga de b\u00e9isbol m\u00e1s importante del mundo por supuesto son las Grandes Ligas de los Estados Unidos, sus tiempos determinan como se acomodan todas las dem\u00e1s ligas, ah\u00ed se empieza la temporada en abril y termina en septiembre, solo los mejores [&#8230;]<\/p>\n<p>February 10, 2014<\/p>\n<\/div>\n\n\t\t\t  <div \n\t\t\t  \tclass = \"fb-comments\" \n\t\t\t  \tdata-href = \"http:\/\/www.eloriente.net\/home\/2014\/04\/06\/video-cabeza-caliente-y-otras-canciones-en-honor-de-estudiantes-caidos-en-venezuela\/\"\n\t\t\t  \tdata-numposts = \"10\"\n\t\t\t\tdata-colorscheme = \"dark\"\n\t\t\t\tdata-order-by = \"social\"\n\t\t\t\tdata-mobile=true>\n\t\t\t  <\/div>\n\t\t  <style>\n\t\t\t.fb_iframe_widget_fluid_desktop iframe {\n\t\t\t    width: 100% !important;\n\t\t\t}\n\t\t  <\/style>\n\t\t  ","protected":false},"excerpt":{"rendered":"<p>eloriente.net 6 de abril de 2014 &nbsp; El consultor, comunicador y publicista J.J. Rend\u00f3n ha compartido en redes sociales una serie de videos y audios, algunos testimoniales y otros musicales, en relaci\u00f3n a la actual situaci\u00f3n de crisis en Venezuela. Por un lado, como un llamado de atenci\u00f3n a la comunidad internacional, sobre todo latinoamericana, [&hellip;]<\/p>\n","protected":false},"author":1,"featured_media":24024,"comment_status":"open","ping_status":"open","sticky":false,"template":"","format":"standard","meta":{"_jetpack_memberships_contains_paid_content":false,"footnotes":""},"categories":[32,10,24,21,31],"tags":[],"class_list":["post-23804","post","type-post","status-publish","format-standard","has-post-thumbnail","hentry","category-entradas","category-lo-mas-reciente","category-mexico-y-el-mundo","category-politica-y-gobierno","category-principal"],"jetpack_featured_media_url":"http:\/\/www.eloriente.net\/home\/wp-content\/uploads\/2014\/04\/Bandera-Venezuela-Por-ruurmo.jpg","jetpack_sharing_enabled":true,"_links":{"self":[{"href":"http:\/\/www.eloriente.net\/home\/wp-json\/wp\/v2\/posts\/23804"}],"collection":[{"href":"http:\/\/www.eloriente.net\/home\/wp-json\/wp\/v2\/posts"}],"about":[{"href":"http:\/\/www.eloriente.net\/home\/wp-json\/wp\/v2\/types\/post"}],"author":[{"embeddable":true,"href":"http:\/\/www.eloriente.net\/home\/wp-json\/wp\/v2\/users\/1"}],"replies":[{"embeddable":true,"href":"http:\/\/www.eloriente.net\/home\/wp-json\/wp\/v2\/comments?post=23804"}],"version-history":[{"count":4,"href":"http:\/\/www.eloriente.net\/home\/wp-json\/wp\/v2\/posts\/23804\/revisions"}],"predecessor-version":[{"id":23807,"href":"http:\/\/www.eloriente.net\/home\/wp-json\/wp\/v2\/posts\/23804\/revisions\/23807"}],"wp:featuredmedia":[{"embeddable":true,"href":"http:\/\/www.eloriente.net\/home\/wp-json\/wp\/v2\/media\/24024"}],"wp:attachment":[{"href":"http:\/\/www.eloriente.net\/home\/wp-json\/wp\/v2\/media?parent=23804"}],"wp:term":[{"taxonomy":"category","embeddable":true,"href":"http:\/\/www.eloriente.net\/home\/wp-json\/wp\/v2\/categories?post=23804"},{"taxonomy":"post_tag","embeddable":true,"href":"http:\/\/www.eloriente.net\/home\/wp-json\/wp\/v2\/tags?post=23804"}],"curies":[{"name":"wp","href":"https:\/\/api.w.org\/{rel}","templated":true}]}}