{"id":23831,"date":"2014-04-07T11:56:23","date_gmt":"2014-04-07T17:56:23","guid":{"rendered":"http:\/\/www.eloriente.net\/home\/?p=23831"},"modified":"2014-04-07T11:56:23","modified_gmt":"2014-04-07T17:56:23","slug":"solicita-diputado-garcia-sanchez-ampliar-destinos-turisticos-de-la-sierra-juarez","status":"publish","type":"post","link":"http:\/\/www.eloriente.net\/home\/2014\/04\/07\/solicita-diputado-garcia-sanchez-ampliar-destinos-turisticos-de-la-sierra-juarez\/","title":{"rendered":"Solicita diputado Garc\u00eda S\u00e1nchez ampliar destinos tur\u00edsticos de la Sierra Ju\u00e1rez"},"content":{"rendered":"<p>eloriente.net\/<a href=\"http:\/\/www.congresooaxaca.gob.mx\" target=\"_blank\">Congreso del Estado<\/a><\/p>\n<p>7 de abril de 2014<\/p>\n<p><strong>Se debe garantizar la igualdad de oportunidades y una justa competitividad entre los diferentes destinos tur\u00edsticos con que cuenta la entidad, se\u00f1al\u00f3 el legislador por el distrito de Ixtl\u00e1n.<\/strong><\/p>\n<p>La Secretar\u00eda de Turismo y Desarrollo Econ\u00f3mico debe garantizar la igualdad de oportunidades y una justa competitividad entre los diferentes destinos tur\u00edsticos con que cuenta la entidad, se\u00f1al\u00f3 el diputado Adolfo Garc\u00eda S\u00e1nchez.<\/p>\n<p>En la sesi\u00f3n ordinaria de este jueves, el legislador por el Distrito III con cabecera en Ixtl\u00e1n de Ju\u00e1rez, present\u00f3 un Punto de Acuerdo para exhortar respetuosamente a la referida dependencia para que ampl\u00ede la lista con destinos tur\u00edsticos de la\u00a0Sierra Ju\u00e1rez a trav\u00e9s de la campa\u00f1a \u201cAtr\u00e9vete a ser turista en tu estado\u201d.<\/p>\n<p>En su exposici\u00f3n, el diputado del PRI apunt\u00f3 que si bien Capulalpan de M\u00e9ndez como \u201cPueblo m\u00e1gico\u201d es el distintivo de la regi\u00f3n, es necesario considerar la implementaci\u00f3n de mecanismos que ayuden a otros espacios de esa regi\u00f3n a tener una mejor competitividad.<\/p>\n<p>Ejemplo de estos mecanismos, consider\u00f3 es la necesidad de difusi\u00f3n tur\u00edstica de otras localidades como Guelatao de Ju\u00e1rez, la Cimbre Ixtepeji, Ixtl\u00e1n de Ju\u00e1rez, La Never\u00eda, San Antonio Cuajimoloyas, San Isidro Llano Grande, San Miguel Amatl\u00e1n, San Pedro Nexicho, Santa Catarina Lachatao, Santa Mar\u00eda Latuvi, Santa Mnart\u00eda Jaltianguis y San Juan Atepec, por mencionar algunos.<\/p>\n<p>Sostuvo que la competitividad entre los destinos tur\u00edsticos de nuestro estado debe darse en un marco de igualdad de oportunidades, incentivos y sobre todo con pol\u00edticas p\u00fablicas tendientes a lograr el m\u00e1ximo impulso de estos destinos tur\u00edsticos.<\/p>\n<p>El legislador acentu\u00f3 que la publicidad juega un rol muy importante para lograr la captaci\u00f3n de turistas, es por ello que la citada campa\u00f1a publicitaria deber\u00eda de proyectar los destinos tur\u00edsticos que no son muy conocidos y propiciar con ello el crecimiento y desarrollo econ\u00f3mico de los mismos.<\/p>\n<p>Respecto a la campa\u00f1a \u201cAtr\u00e9vete a ser turista en tu estado\u201d, se\u00f1al\u00f3 que no ha generado la promoci\u00f3n de m\u00e1s destinos tur\u00edsticos en nuestra entidad, pese a que se cre\u00f3 en 2012, se siguen promocionando los mismos destinos.<\/p>\n<p>Incluso, dijo, la promoci\u00f3n en revistas, prensa, espectaculares, parabuses, promobuses, vallas y redes sociales de dicha campa\u00f1a, se ha dado \u00fanicamente para los principales destinos tur\u00edsticos de Oaxaca y poco caso se ha hecho de otros tantos que cuentan con las caracter\u00edsticas necesarias para captar turistas locales.<\/p>\n<p>El punto de acuerdo fue turnado por el pleno legislativo a la Comisi\u00f3n Permanente de Turismo para su an\u00e1lisis y dictaminaci\u00f3n.<\/p>\n<p>&nbsp;<\/p>\n<p><a href=\"http:\/\/www.eloriente.net\/home\/wp-content\/uploads\/2014\/04\/Diputado-Garc\u00eda-Por-Congreso.jpg\"><img loading=\"lazy\" decoding=\"async\" class=\"alignnone size-medium wp-image-23832\" title=\"Diputado Garc\u00eda-Por Congreso\" src=\"http:\/\/www.eloriente.net\/home\/wp-content\/uploads\/2014\/04\/Diputado-Garc\u00eda-Por-Congreso-300x200.jpg\" alt=\"\" width=\"300\" height=\"200\" srcset=\"http:\/\/www.eloriente.net\/home\/wp-content\/uploads\/2014\/04\/Diputado-Garc\u00eda-Por-Congreso-300x200.jpg 300w, http:\/\/www.eloriente.net\/home\/wp-content\/uploads\/2014\/04\/Diputado-Garc\u00eda-Por-Congreso-1024x683.jpg 1024w, http:\/\/www.eloriente.net\/home\/wp-content\/uploads\/2014\/04\/Diputado-Garc\u00eda-Por-Congreso.jpg 1102w\" sizes=\"(max-width: 300px) 100vw, 300px\" \/><\/a><\/p>\n<p>Foto: Congreso del Estado<\/p>\n<p>&nbsp;<\/p>\n<p><strong>Entradas relacionadas:<\/strong><\/p>\n<p><a title=\"Permalink to En Centro de Justicia para las Mujeres se han brindado 6 mil servicios: Valencia de los Santos\" href=\"http:\/\/www.eloriente.net\/home\/2014\/04\/04\/en-centro-de-justicia-para-las-mujeres-se-han-brindado-6-mil-servicios-valencia-de-los-santos\/\" rel=\"bookmark\">En Centro de Justicia para las Mujeres se han brindado 6 mil servicios: Valencia de los Santos<\/a><\/p>\n<p><a href=\"http:\/\/www.eloriente.net\/home\/2014\/04\/04\/en-centro-de-justicia-para-las-mujeres-se-han-brindado-6-mil-servicios-valencia-de-los-santos\/\" rel=\"bookmark\"><img decoding=\"async\" title=\"En Centro de Justicia para las Mujeres se han brindado 6 mil servicios: Valencia de los Santos\" src=\"http:\/\/www.eloriente.net\/home\/wp-content\/themes\/city-desk\/timthumb.php?src=http%3A%2F%2Fwww.eloriente.net%2Fhome%2Fwp-content%2Fuploads%2F2014%2F04%2FZoila-Jos%C3%A9-Juan-Por-Congreso.jpg&amp;q=90&amp;w=160&amp;h=106&amp;zc=1\" alt=\"En Centro de Justicia para las Mujeres se han brindado 6 mil servicios: Valencia de los Santos\" \/><\/a><\/p>\n<p>eloriente.net\/Congreso del Estado\u00a0 4 de abril de 2014 La directora del Centro de Justicia para las Mujeres, dijo ante comisiones unidas que ese espacio atendi\u00f3 de julio a la fecha a unas 1,500 personas con 6 mil servicios.\u00a0 La Comisi\u00f3n de\u00a0Igualdad de G\u00e9nero del Congreso del Estado de Oaxaca promovi\u00f3 el\u00a0primer acercamiento de las legisladoras [&#8230;]<\/p>\n<p>April 4, 2014<\/p>\n<p><a title=\"Permalink to Oaxaca, sin normas de protecci\u00f3n para adultos mayores: Ira\u00eds Gonz\u00e1lez\" href=\"http:\/\/www.eloriente.net\/home\/2014\/03\/31\/oaxaca-sin-normas-de-proteccion-para-adultos-mayores-irais-gonzalez\/\" rel=\"bookmark\">Oaxaca, sin normas de protecci\u00f3n para adultos mayores: Ira\u00eds Gonz\u00e1lez<\/a><\/p>\n<p><a href=\"http:\/\/www.eloriente.net\/home\/2014\/03\/31\/oaxaca-sin-normas-de-proteccion-para-adultos-mayores-irais-gonzalez\/\" rel=\"bookmark\"><img decoding=\"async\" title=\"Oaxaca, sin normas de protecci\u00f3n para adultos mayores: Ira\u00eds Gonz\u00e1lez\" src=\"http:\/\/www.eloriente.net\/home\/wp-content\/themes\/city-desk\/timthumb.php?src=http%3A%2F%2Fwww.eloriente.net%2Fhome%2Fwp-content%2Fuploads%2F2014%2F03%2FFoto-Dip.jpg&amp;q=90&amp;w=160&amp;h=106&amp;zc=1\" alt=\"Oaxaca, sin normas de protecci\u00f3n para adultos mayores: Ira\u00eds Gonz\u00e1lez\" \/><\/a><\/p>\n<p>eloriente.net\/Congreso de Oaxaca 31 de marzo de 2014 31 entidades del pa\u00eds tienen marco legal y en Oaxaca no hay normas ni instancias que protejan a esta creciente poblaci\u00f3n en el estado. Oaxaca es la \u00fanica entidad que no cuenta con un marco legal ni instancias de apoyo y protecci\u00f3n de los adultos mayores, por [&#8230;]<\/p>\n<p>March 31, 2014<\/p>\n<p><a title=\"Permalink to Podr\u00e1n recuperar parte de su patrimonio 40 mil defraudados de cajas de ahorro\" href=\"http:\/\/www.eloriente.net\/home\/2014\/03\/28\/podran-recuperar-parte-de-su-patrimonio-40-mil-defraudados-de-cajas-de-ahorro\/\" rel=\"bookmark\">Podr\u00e1n recuperar parte de su patrimonio 40 mil defraudados de cajas de ahorro<\/a><\/p>\n<p><a href=\"http:\/\/www.eloriente.net\/home\/2014\/03\/28\/podran-recuperar-parte-de-su-patrimonio-40-mil-defraudados-de-cajas-de-ahorro\/\" rel=\"bookmark\"><img decoding=\"async\" title=\"Podr\u00e1n recuperar parte de su patrimonio 40 mil defraudados de cajas de ahorro\" src=\"http:\/\/www.eloriente.net\/home\/wp-content\/themes\/city-desk\/timthumb.php?src=http%3A%2F%2Fwww.eloriente.net%2Fhome%2Fwp-content%2Fuploads%2F2014%2F03%2FCaja-de-ahorro.jpg&amp;q=90&amp;w=160&amp;h=106&amp;zc=1\" alt=\"Podr\u00e1n recuperar parte de su patrimonio 40 mil defraudados de cajas de ahorro\" \/><\/a><\/p>\n<p>eloriente.net 28 de marzo de 2014 La C\u00e1mara de Diputados Federal aprob\u00f3 ayer por unanimidad reformas a la ley del fideicomiso que administran las sociedades y cooperativas de ahorro, pr\u00e9stamo y de apoyo econ\u00f3mico; y al marco legal que regula sus actividades. La reforma implica modificaciones a los art\u00edculos transitorios tercero y cuarto, con la [&#8230;]<\/p>\n<p>March 28, 2014<\/p>\n\n\t\t\t  <div \n\t\t\t  \tclass = \"fb-comments\" \n\t\t\t  \tdata-href = \"http:\/\/www.eloriente.net\/home\/2014\/04\/07\/solicita-diputado-garcia-sanchez-ampliar-destinos-turisticos-de-la-sierra-juarez\/\"\n\t\t\t  \tdata-numposts = \"10\"\n\t\t\t\tdata-colorscheme = \"dark\"\n\t\t\t\tdata-order-by = \"social\"\n\t\t\t\tdata-mobile=true>\n\t\t\t  <\/div>\n\t\t  <style>\n\t\t\t.fb_iframe_widget_fluid_desktop iframe {\n\t\t\t    width: 100% !important;\n\t\t\t}\n\t\t  <\/style>\n\t\t  ","protected":false},"excerpt":{"rendered":"<p>eloriente.net\/Congreso del Estado 7 de abril de 2014 Se debe garantizar la igualdad de oportunidades y una justa competitividad entre los diferentes destinos tur\u00edsticos con que cuenta la entidad, se\u00f1al\u00f3 el legislador por el distrito de Ixtl\u00e1n. La Secretar\u00eda de Turismo y Desarrollo Econ\u00f3mico debe garantizar la igualdad de oportunidades y una justa competitividad entre [&hellip;]<\/p>\n","protected":false},"author":26,"featured_media":23832,"comment_status":"open","ping_status":"open","sticky":false,"template":"","format":"standard","meta":{"_jetpack_memberships_contains_paid_content":false,"footnotes":""},"categories":[91,32,21,19],"tags":[826,93,252,827,73,825,109],"class_list":["post-23831","post","type-post","status-publish","format-standard","has-post-thumbnail","hentry","category-congreso-y-justicia","category-entradas","category-politica-y-gobierno","category-turismo-y-negocios","tag-competitividad","tag-diputados","tag-economia","tag-ecoturismo","tag-oaxaca","tag-sierra","tag-turismo"],"jetpack_featured_media_url":"http:\/\/www.eloriente.net\/home\/wp-content\/uploads\/2014\/04\/Diputado-Garc\u00eda-Por-Congreso.jpg","jetpack_sharing_enabled":true,"_links":{"self":[{"href":"http:\/\/www.eloriente.net\/home\/wp-json\/wp\/v2\/posts\/23831"}],"collection":[{"href":"http:\/\/www.eloriente.net\/home\/wp-json\/wp\/v2\/posts"}],"about":[{"href":"http:\/\/www.eloriente.net\/home\/wp-json\/wp\/v2\/types\/post"}],"author":[{"embeddable":true,"href":"http:\/\/www.eloriente.net\/home\/wp-json\/wp\/v2\/users\/26"}],"replies":[{"embeddable":true,"href":"http:\/\/www.eloriente.net\/home\/wp-json\/wp\/v2\/comments?post=23831"}],"version-history":[{"count":1,"href":"http:\/\/www.eloriente.net\/home\/wp-json\/wp\/v2\/posts\/23831\/revisions"}],"predecessor-version":[{"id":23835,"href":"http:\/\/www.eloriente.net\/home\/wp-json\/wp\/v2\/posts\/23831\/revisions\/23835"}],"wp:featuredmedia":[{"embeddable":true,"href":"http:\/\/www.eloriente.net\/home\/wp-json\/wp\/v2\/media\/23832"}],"wp:attachment":[{"href":"http:\/\/www.eloriente.net\/home\/wp-json\/wp\/v2\/media?parent=23831"}],"wp:term":[{"taxonomy":"category","embeddable":true,"href":"http:\/\/www.eloriente.net\/home\/wp-json\/wp\/v2\/categories?post=23831"},{"taxonomy":"post_tag","embeddable":true,"href":"http:\/\/www.eloriente.net\/home\/wp-json\/wp\/v2\/tags?post=23831"}],"curies":[{"name":"wp","href":"https:\/\/api.w.org\/{rel}","templated":true}]}}