{"id":23841,"date":"2014-04-07T12:40:07","date_gmt":"2014-04-07T18:40:07","guid":{"rendered":"http:\/\/www.eloriente.net\/home\/?p=23841"},"modified":"2014-04-07T15:58:21","modified_gmt":"2014-04-07T21:58:21","slug":"celebra-coro-axis-mundi-su-cuarto-aniversario","status":"publish","type":"post","link":"http:\/\/www.eloriente.net\/home\/2014\/04\/07\/celebra-coro-axis-mundi-su-cuarto-aniversario\/","title":{"rendered":"Celebra coro \u201cAxis Mundi\u201d su cuarto aniversario"},"content":{"rendered":"<p>eloriente.net\/<a href=\"http:\/\/www.uabjo.mx\" target=\"_blank\">UABJO<\/a><\/p>\n<p>7 de abril de 2014<\/p>\n<p>Para celebrar su cuarto aniversario el coro \u201cAxis Mundi\u201d de la Escuela de Bellas Artes de la Universidad Aut\u00f3noma Benito Ju\u00e1rez de Oaxaca (UABJO) ofreci\u00f3 tres magnos conciertos en diferentes sedes.<\/p>\n<p>En el segundo patio del edificio central de la Escuela de Derecho\u00a0deleitaron a propios y extra\u00f1os con temas como Daemon irrepit callidus, A la vera del camino, El durazno, El cascabel, Te quiero, Lata d\u2019agua, Prende la Vela, el \u00daltimo caf\u00e9, B\u00e9same mucho, y Chan-chan bajo la batuta de la maestra Dora Mar\u00eda Vera Esperanza.<\/p>\n<p>Como segundo n\u00famero el ensamble vocal femenino \u201cVoces de la Tierra\u201d de la Facultad de M\u00fasica de la Universidad Veracruzana y del Instituto Superior de M\u00fasica del Estado de Veracruz, interpretaron Kyrie, Akai Hana, Shiroi Hana, The river is flowing, Xquenda (arreglo dedicado al coro anfitri\u00f3n), La bruja, La llorona, entre otros.<\/p>\n<p>Cabe destacar que \u201cAxis Mundi\u201d\u00a0 tiene como misi\u00f3n abrir espacios a los j\u00f3venes universitarios, para desarrollar su expresi\u00f3n musical a trav\u00e9s del canto coral, siendo un compromiso el ser embajadores culturales que representen a la m\u00e1xima casa de estudios.<\/p>\n<p>En el 2012 grabaron su primer disco con obras de destacados compositores y una pieza de la autor\u00eda de su directora, quien recientemente grab\u00f3 tres piezas de corte popular para el disco \u201cEscuela de Bellas Artes, una Universidad con Valor\u201d, el cual se presentar\u00e1 pr\u00f3ximamente.<\/p>\n<p>Las instalaciones del Hotel Quinta Real as\u00ed como la Sala Ju\u00e1rez de la Escuela de Bellas Artes tambi\u00e9n fueron testigos de este festejo, donde la directora del coro manifest\u00f3 su benepl\u00e1cito por la recepci\u00f3n que han tenido a lo largo de este tiempo y agradeci\u00f3 a las autoridades universitarias por el apoyo brindado.<\/p>\n<p>&nbsp;<\/p>\n<p><a href=\"http:\/\/www.eloriente.net\/home\/wp-content\/uploads\/2014\/04\/Coro-Foto-UABJO.jpg\"><img loading=\"lazy\" decoding=\"async\" class=\"alignnone size-medium wp-image-23842\" title=\"Coro-Foto UABJO\" src=\"http:\/\/www.eloriente.net\/home\/wp-content\/uploads\/2014\/04\/Coro-Foto-UABJO-300x200.jpg\" alt=\"\" width=\"300\" height=\"200\" srcset=\"http:\/\/www.eloriente.net\/home\/wp-content\/uploads\/2014\/04\/Coro-Foto-UABJO-300x200.jpg 300w, http:\/\/www.eloriente.net\/home\/wp-content\/uploads\/2014\/04\/Coro-Foto-UABJO-1024x682.jpg 1024w, http:\/\/www.eloriente.net\/home\/wp-content\/uploads\/2014\/04\/Coro-Foto-UABJO.jpg 1102w\" sizes=\"(max-width: 300px) 100vw, 300px\" \/><\/a><\/p>\n<p>Foto: UABJO<\/p>\n<p>&nbsp;<\/p>\n<p><strong>Entradas relacionadas:<\/strong><\/p>\n<p><a title=\"Permalink to Abril en Centro Acad\u00e9mico y Cultural San Pablo\" href=\"http:\/\/www.eloriente.net\/home\/2014\/04\/04\/abril-en-centro-academico-y-cultural-san-pablo\/\" rel=\"bookmark\">Abril en Centro Acad\u00e9mico y Cultural San Pablo<\/a><\/p>\n<p><a href=\"http:\/\/www.eloriente.net\/home\/2014\/04\/04\/abril-en-centro-academico-y-cultural-san-pablo\/\" rel=\"bookmark\"><img decoding=\"async\" title=\"Abril en Centro Acad\u00e9mico y Cultural San Pablo\" src=\"http:\/\/www.eloriente.net\/home\/wp-content\/themes\/city-desk\/timthumb.php?src=http%3A%2F%2Fwww.eloriente.net%2Fhome%2Fwp-content%2Fuploads%2F2014%2F04%2FSan-Pablo-Por-Evelyn.jpg&amp;q=90&amp;w=160&amp;h=106&amp;zc=1\" alt=\"Abril en Centro Acad\u00e9mico y Cultural San Pablo\" \/><\/a><\/p>\n<p>eloriente.net 4 de abril de 2014 El Centro Acad\u00e9mico y Cultural San Pablo dio a conocer recientemente su agenda de actividades del mes de abril de 2014, por lo que invitan al p\u00fablico en general a participar en alguno de los conciertos, proyecciones, presentaciones y actividades al aire referente a temas culturales de Oaxaca y [&#8230;]<\/p>\n<p>April 4, 2014<\/p>\n<div id=\"post-23684\">\n<p><a title=\"Permalink to Mayor presupuesto a la educaci\u00f3n superior en el sur del pa\u00eds: Mart\u00ednez Helmes\" href=\"http:\/\/www.eloriente.net\/home\/2014\/04\/04\/mayor-presupuesto-a-la-educacion-superior-en-el-sur-del-pais-martinez-helmes\/\" rel=\"bookmark\">Mayor presupuesto a la educaci\u00f3n superior en el sur del pa\u00eds: Mart\u00ednez Helmes<\/a><\/p>\n<p><a href=\"http:\/\/www.eloriente.net\/home\/2014\/04\/04\/mayor-presupuesto-a-la-educacion-superior-en-el-sur-del-pais-martinez-helmes\/\" rel=\"bookmark\"><img decoding=\"async\" title=\"Mayor presupuesto a la educaci\u00f3n superior en el sur del pa\u00eds: Mart\u00ednez Helmes\" src=\"http:\/\/www.eloriente.net\/home\/wp-content\/themes\/city-desk\/timthumb.php?src=http%3A%2F%2Fwww.eloriente.net%2Fhome%2Fwp-content%2Fuploads%2F2014%2F04%2FANUIES-Por-UABJO.jpg&amp;q=90&amp;w=160&amp;h=106&amp;zc=1\" alt=\"Mayor presupuesto a la educaci\u00f3n superior en el sur del pa\u00eds: Mart\u00ednez Helmes\" \/><\/a><\/p>\n<p>eloriente.net\/UABJO 4 de abril de 2014 El rector de la Universidad Aut\u00f3noma Benito Ju\u00e1rez de Oaxaca (UABJO), Eduardo Mart\u00ednez Helmes, encabez\u00f3 la primera Sesi\u00f3n Ordinaria 2014 del Consejo Regional Sur Sureste de la Asociaci\u00f3n Nacional de Universidades e Instituciones de Educaci\u00f3n Superior (ANUIES). Celebrada en el tercer patio del edificio central de la Facultad de [&#8230;]<\/p>\n<p>April 4, 2014<\/p>\n<p><a title=\"Permalink to Realizan Primer Festival Universitario de Arte\" href=\"http:\/\/www.eloriente.net\/home\/2014\/03\/31\/realizan-primer-festival-universitario-de-arte\/\" rel=\"bookmark\">Realizan Primer Festival Universitario de Arte<\/a><\/p>\n<p><a href=\"http:\/\/www.eloriente.net\/home\/2014\/03\/31\/realizan-primer-festival-universitario-de-arte\/\" rel=\"bookmark\"><img decoding=\"async\" title=\"Realizan Primer Festival Universitario de Arte\" src=\"http:\/\/www.eloriente.net\/home\/wp-content\/themes\/city-desk\/timthumb.php?src=http%3A%2F%2Fwww.eloriente.net%2Fhome%2Fwp-content%2Fuploads%2F2014%2F03%2FUABJO1.jpg&amp;q=90&amp;w=160&amp;h=106&amp;zc=1\" alt=\"Realizan Primer Festival Universitario de Arte\" \/><\/a><\/p>\n<p>eloriente.net\/UABJO 31 de marzo de 2014 Conmemoran el D\u00eda Mundial del Arte con una serie de eventos del 1 al 10 de abril de 2014.\u00a0 La Secretaria de Vinculaci\u00f3n a trav\u00e9s de su Direcci\u00f3n de Arte y Cultura de la Universidad Aut\u00f3noma Benito Ju\u00e1rez de Oaxaca anunci\u00f3 la realizaci\u00f3n del Primer Festival Universitario en el [&#8230;]<\/p>\n<p>March 31, 2014<\/p>\n<\/div>\n\n\t\t\t  <div \n\t\t\t  \tclass = \"fb-comments\" \n\t\t\t  \tdata-href = \"http:\/\/www.eloriente.net\/home\/2014\/04\/07\/celebra-coro-axis-mundi-su-cuarto-aniversario\/\"\n\t\t\t  \tdata-numposts = \"10\"\n\t\t\t\tdata-colorscheme = \"dark\"\n\t\t\t\tdata-order-by = \"social\"\n\t\t\t\tdata-mobile=true>\n\t\t\t  <\/div>\n\t\t  <style>\n\t\t\t.fb_iframe_widget_fluid_desktop iframe {\n\t\t\t    width: 100% !important;\n\t\t\t}\n\t\t  <\/style>\n\t\t  ","protected":false},"excerpt":{"rendered":"<p>eloriente.net\/UABJO 7 de abril de 2014 Para celebrar su cuarto aniversario el coro \u201cAxis Mundi\u201d de la Escuela de Bellas Artes de la Universidad Aut\u00f3noma Benito Ju\u00e1rez de Oaxaca (UABJO) ofreci\u00f3 tres magnos conciertos en diferentes sedes. En el segundo patio del edificio central de la Escuela de Derecho\u00a0deleitaron a propios y extra\u00f1os con temas [&hellip;]<\/p>\n","protected":false},"author":26,"featured_media":23842,"comment_status":"open","ping_status":"open","sticky":false,"template":"","format":"standard","meta":{"_jetpack_memberships_contains_paid_content":false,"footnotes":""},"categories":[18,32,63,464,84],"tags":[832,332,801,831,833,149,182],"class_list":["post-23841","post","type-post","status-publish","format-standard","has-post-thumbnail","hentry","category-educacion-y-cultura","category-entradas","category-estados","category-oaxaca-estados","category-universidades","tag-axis","tag-bellas-artes","tag-conciertos","tag-coro","tag-mundi","tag-musica","tag-uabjo"],"jetpack_featured_media_url":"http:\/\/www.eloriente.net\/home\/wp-content\/uploads\/2014\/04\/Coro-Foto-UABJO.jpg","jetpack_sharing_enabled":true,"_links":{"self":[{"href":"http:\/\/www.eloriente.net\/home\/wp-json\/wp\/v2\/posts\/23841"}],"collection":[{"href":"http:\/\/www.eloriente.net\/home\/wp-json\/wp\/v2\/posts"}],"about":[{"href":"http:\/\/www.eloriente.net\/home\/wp-json\/wp\/v2\/types\/post"}],"author":[{"embeddable":true,"href":"http:\/\/www.eloriente.net\/home\/wp-json\/wp\/v2\/users\/26"}],"replies":[{"embeddable":true,"href":"http:\/\/www.eloriente.net\/home\/wp-json\/wp\/v2\/comments?post=23841"}],"version-history":[{"count":3,"href":"http:\/\/www.eloriente.net\/home\/wp-json\/wp\/v2\/posts\/23841\/revisions"}],"predecessor-version":[{"id":23850,"href":"http:\/\/www.eloriente.net\/home\/wp-json\/wp\/v2\/posts\/23841\/revisions\/23850"}],"wp:featuredmedia":[{"embeddable":true,"href":"http:\/\/www.eloriente.net\/home\/wp-json\/wp\/v2\/media\/23842"}],"wp:attachment":[{"href":"http:\/\/www.eloriente.net\/home\/wp-json\/wp\/v2\/media?parent=23841"}],"wp:term":[{"taxonomy":"category","embeddable":true,"href":"http:\/\/www.eloriente.net\/home\/wp-json\/wp\/v2\/categories?post=23841"},{"taxonomy":"post_tag","embeddable":true,"href":"http:\/\/www.eloriente.net\/home\/wp-json\/wp\/v2\/tags?post=23841"}],"curies":[{"name":"wp","href":"https:\/\/api.w.org\/{rel}","templated":true}]}}