{"id":23917,"date":"2014-03-08T21:02:33","date_gmt":"2014-03-09T03:02:33","guid":{"rendered":"http:\/\/www.eloriente.net\/home\/?p=23917"},"modified":"2014-04-08T11:08:08","modified_gmt":"2014-04-08T17:08:08","slug":"presenta-uabjo-software-para-la-ensenanza-de-matematicas-en-educacion-media","status":"publish","type":"post","link":"http:\/\/www.eloriente.net\/home\/2014\/03\/08\/presenta-uabjo-software-para-la-ensenanza-de-matematicas-en-educacion-media\/","title":{"rendered":"Presenta UABJO software para la ense\u00f1anza de matem\u00e1ticas en educaci\u00f3n media"},"content":{"rendered":"<p>eloriente.net\/UABJO<\/p>\n<p>8 de marzo de 2014<\/p>\n<p><strong>Presenta \u00a0ECUABJO software para la ense\u00f1anza de matem\u00e1ticas en educaci\u00f3n media superior<\/strong><\/p>\n<p>Maestras y maestros de educaci\u00f3n media superior, integrantes de la Universidad Aut\u00f3noma \u201cBenito Ju\u00e1rez\u201d de Oaxaca (UABJO), se dieron cita en las instalaciones de la Escuela de Ciencias (ECUABJO) a fin de participar en la presentaci\u00f3n del software para la ense\u00f1anza de las matem\u00e1ticas, dise\u00f1ado por maestros de la misma instituci\u00f3n.<\/p>\n<p>De acuerdo con Ishtar Gemma Hern\u00e1ndez Calvo, directora de la\u00a0 ECUABJO, este software es una herramienta de apoyo para ense\u00f1anza de las matem\u00e1ticas, dise\u00f1ada con la finalidad de contribuir a la disminuci\u00f3n del rezago educativo en materia de matem\u00e1ticas, particularmente entre alumnos de nivel medio superior.<\/p>\n<p>\u201cBuscamos que este software sea un material atractivo para los estudiantes, algo que les llame la atenci\u00f3n y que permita superar el prejuicio que se tiene de las matem\u00e1ticas como una materia aburrida, impartida por un maestro que est\u00e1 todo el tiempo haciendo apuntes sobre el pizarr\u00f3n\u201d se\u00f1al\u00f3 la funcionaria universitaria.<\/p>\n<p>Asimismo, dijo que este material no sustituye de ninguna manera el trabajo de los profesores dentro del aula, pero s\u00ed fortalece su capacidad did\u00e1ctica frente al grupo, incorporando la utilizaci\u00f3n de tecnolog\u00edas de la informaci\u00f3n que facilitan la comprensi\u00f3n de los contenidos actualmente vigentes en los planes de estudio.<\/p>\n<p>Por otra parte, Hern\u00e1ndez Calvo se\u00f1al\u00f3 que se tiene planeado realizar la presentaci\u00f3n de este software al interior del estado, a fin de que maestros de las diferentes regiones puedan conocer los beneficios de incorporar esta herramienta como parte de su pr\u00e1ctica docente.<\/p>\n<p>El software para la ense\u00f1anza de las matem\u00e1ticas fue elaborado por los maestros Rub\u00e9n L\u00f3pez Gonz\u00e1lez y Ernesto \u00c1lvarez Gonz\u00e1lez, quienes preocupados por los \u00edndices de reprobaci\u00f3n entre estudiantes de ciencias de reciente ingreso decidieron emprender este proyecto que, poco a poco, ha ido ganando aceptaci\u00f3n entre los maestros que ya lo conocen.<\/p>\n<p><a href=\"http:\/\/www.eloriente.net\/home\/wp-content\/uploads\/2014\/04\/ECUABJO-software-matematicas.jpg\"><img loading=\"lazy\" decoding=\"async\" class=\"alignnone size-medium wp-image-23918\" title=\"ECUABJO software matematicas\" src=\"http:\/\/www.eloriente.net\/home\/wp-content\/uploads\/2014\/04\/ECUABJO-software-matematicas-300x199.jpg\" alt=\"\" width=\"300\" height=\"199\" srcset=\"http:\/\/www.eloriente.net\/home\/wp-content\/uploads\/2014\/04\/ECUABJO-software-matematicas-300x199.jpg 300w, http:\/\/www.eloriente.net\/home\/wp-content\/uploads\/2014\/04\/ECUABJO-software-matematicas-1024x680.jpg 1024w\" sizes=\"(max-width: 300px) 100vw, 300px\" \/><\/a><\/p>\n<p><strong>Entradas Anteriores:<\/strong><\/p>\n<p><a title=\"Permalink to Se presenta \u201cTierra Adentro\u201d en Encuentro Nacional de Escritores\" href=\"http:\/\/www.eloriente.net\/home\/2013\/12\/27\/se-presenta-tierra-adentro-en-encuentro-nacional-de-escritores\/\" rel=\"bookmark\">Se presenta \u201cTierra Adentro\u201d en Encuentro Nacional de Escritores<\/a><\/p>\n<p><a href=\"http:\/\/www.eloriente.net\/home\/2013\/12\/27\/se-presenta-tierra-adentro-en-encuentro-nacional-de-escritores\/\" rel=\"bookmark\"><img decoding=\"async\" title=\"Se presenta \u201cTierra Adentro\u201d en Encuentro Nacional de Escritores\" src=\"http:\/\/www.eloriente.net\/home\/wp-content\/themes\/city-desk\/timthumb.php?src=http%3A%2F%2Fwww.eloriente.net%2Fhome%2Fwp-content%2Fuploads%2F2013%2F12%2FUABJO.jpg&amp;q=90&amp;w=160&amp;h=106&amp;zc=1\" alt=\"Se presenta \u201cTierra Adentro\u201d en Encuentro Nacional de Escritores\" \/><\/a><\/p>\n<p>eloriente.net\/UABJO 27 de noviembre de 2013 Con el objetivo de crear un espacio para la reflexi\u00f3n, el an\u00e1lisis y la convivencia entre autores y lectores, el Instituto de Investigaciones en Humanidades de la Universidad Aut\u00f3noma \u201cBenito Ju\u00e1rez\u201d de Oaxaca (IIHUABJO) fue sede del XIII Encuentro Nacional de escritores \u201cTierra Adentro\u201d, organizado en coordinaci\u00f3n con el [&#8230;]<\/p>\n<p>December 27, 2013<\/p>\n<div id=\"post-18914\">\n<p><a title=\"Permalink to Concierto y proyecci\u00f3n en MACO\" href=\"http:\/\/www.eloriente.net\/home\/2013\/12\/24\/concierto-y-proyeccion-en-maco\/\" rel=\"bookmark\">Concierto y proyecci\u00f3n en MACO<\/a><\/p>\n<p><a href=\"http:\/\/www.eloriente.net\/home\/2013\/12\/24\/concierto-y-proyeccion-en-maco\/\" rel=\"bookmark\"><img decoding=\"async\" title=\"Concierto y proyecci\u00f3n en MACO\" src=\"http:\/\/www.eloriente.net\/home\/wp-content\/themes\/city-desk\/timthumb.php?src=http%3A%2F%2Fwww.eloriente.net%2Fhome%2Fwp-content%2Fuploads%2F2013%2F12%2FMACO-1.png&amp;q=90&amp;w=160&amp;h=106&amp;zc=1\" alt=\"Concierto y proyecci\u00f3n en MACO\" \/><\/a>eloriente.net\/MACO 24 de diciembre de 2013 El Museo de Arte Contempor\u00e1neo de Oaxaca invita al p\u00fablico en general a asistir a sus actividades de fin de a\u00f1o. Primeramente, el 27 de diciembre a las 19:00 horas se llevar\u00e1 a cabo el concierta de La Maceta: Sembrando M\u00fasica; y el 28 de diciembre a las 19:00 [&#8230;]<\/p>\n<p>December 24, 2013<\/p>\n<\/div>\n<div id=\"post-18824\">\n<p><a title=\"Permalink to Arquitectura \u201c5 de Mayo\u201d abre Primer Seminario de Titulaci\u00f3n en \u00c1reas B\u00e1sicas\" href=\"http:\/\/www.eloriente.net\/home\/2013\/12\/22\/arquitectura-5-de-mayo-abre-primer-seminario-de-titulacion-en-areas-basicas\/\" rel=\"bookmark\">Arquitectura \u201c5 de Mayo\u201d abre Primer Seminario de Titulaci\u00f3n en \u00c1reas B\u00e1sicas<\/a><\/p>\n<p><a href=\"http:\/\/www.eloriente.net\/home\/2013\/12\/22\/arquitectura-5-de-mayo-abre-primer-seminario-de-titulacion-en-areas-basicas\/\" rel=\"bookmark\"><img decoding=\"async\" title=\"Arquitectura \u201c5 de Mayo\u201d abre Primer Seminario de Titulaci\u00f3n en \u00c1reas B\u00e1sicas\" src=\"http:\/\/www.eloriente.net\/home\/wp-content\/themes\/city-desk\/timthumb.php?src=http%3A%2F%2Fwww.eloriente.net%2Fhome%2Fwp-content%2Fuploads%2F2013%2F12%2Farquitectura.jpg&amp;q=90&amp;w=160&amp;h=106&amp;zc=1\" alt=\"Arquitectura \u201c5 de Mayo\u201d abre Primer Seminario de Titulaci\u00f3n en \u00c1reas B\u00e1sicas\" \/><\/a>eloriente.net\/UABJO 22 de diciembre de 2013 La Facultad de Arquitectura \u201c5 de Mayo\u201d de la Universidad Aut\u00f3noma \u201cBenito Ju\u00e1rez\u201d de Oaxaca (UABJO), abri\u00f3 una convocatoria para todos aquellos ex alumnos que haya culminado su licenciatura en esta instituci\u00f3n y no se hayan titulado hasta 20 a\u00f1os antes al 2012 puedan hacerlo inscribi\u00e9ndose al seminario. El [&#8230;]<\/p>\n<p>December 22, 2013<\/p>\n<\/div>\n\n\t\t\t  <div \n\t\t\t  \tclass = \"fb-comments\" \n\t\t\t  \tdata-href = \"http:\/\/www.eloriente.net\/home\/2014\/03\/08\/presenta-uabjo-software-para-la-ensenanza-de-matematicas-en-educacion-media\/\"\n\t\t\t  \tdata-numposts = \"10\"\n\t\t\t\tdata-colorscheme = \"dark\"\n\t\t\t\tdata-order-by = \"social\"\n\t\t\t\tdata-mobile=true>\n\t\t\t  <\/div>\n\t\t  <style>\n\t\t\t.fb_iframe_widget_fluid_desktop iframe {\n\t\t\t    width: 100% !important;\n\t\t\t}\n\t\t  <\/style>\n\t\t  ","protected":false},"excerpt":{"rendered":"<p>eloriente.net\/UABJO 8 de marzo de 2014 Presenta \u00a0ECUABJO software para la ense\u00f1anza de matem\u00e1ticas en educaci\u00f3n media superior Maestras y maestros de educaci\u00f3n media superior, integrantes de la Universidad Aut\u00f3noma \u201cBenito Ju\u00e1rez\u201d de Oaxaca (UABJO), se dieron cita en las instalaciones de la Escuela de Ciencias (ECUABJO) a fin de participar en la presentaci\u00f3n del [&hellip;]<\/p>\n","protected":false},"author":1,"featured_media":23918,"comment_status":"open","ping_status":"open","sticky":false,"template":"","format":"standard","meta":{"_jetpack_memberships_contains_paid_content":false,"footnotes":""},"categories":[18,32,63,10,464,84],"tags":[],"class_list":["post-23917","post","type-post","status-publish","format-standard","has-post-thumbnail","hentry","category-educacion-y-cultura","category-entradas","category-estados","category-lo-mas-reciente","category-oaxaca-estados","category-universidades"],"jetpack_featured_media_url":"http:\/\/www.eloriente.net\/home\/wp-content\/uploads\/2014\/04\/ECUABJO-software-matematicas.jpg","jetpack_sharing_enabled":true,"_links":{"self":[{"href":"http:\/\/www.eloriente.net\/home\/wp-json\/wp\/v2\/posts\/23917"}],"collection":[{"href":"http:\/\/www.eloriente.net\/home\/wp-json\/wp\/v2\/posts"}],"about":[{"href":"http:\/\/www.eloriente.net\/home\/wp-json\/wp\/v2\/types\/post"}],"author":[{"embeddable":true,"href":"http:\/\/www.eloriente.net\/home\/wp-json\/wp\/v2\/users\/1"}],"replies":[{"embeddable":true,"href":"http:\/\/www.eloriente.net\/home\/wp-json\/wp\/v2\/comments?post=23917"}],"version-history":[{"count":1,"href":"http:\/\/www.eloriente.net\/home\/wp-json\/wp\/v2\/posts\/23917\/revisions"}],"predecessor-version":[{"id":23919,"href":"http:\/\/www.eloriente.net\/home\/wp-json\/wp\/v2\/posts\/23917\/revisions\/23919"}],"wp:featuredmedia":[{"embeddable":true,"href":"http:\/\/www.eloriente.net\/home\/wp-json\/wp\/v2\/media\/23918"}],"wp:attachment":[{"href":"http:\/\/www.eloriente.net\/home\/wp-json\/wp\/v2\/media?parent=23917"}],"wp:term":[{"taxonomy":"category","embeddable":true,"href":"http:\/\/www.eloriente.net\/home\/wp-json\/wp\/v2\/categories?post=23917"},{"taxonomy":"post_tag","embeddable":true,"href":"http:\/\/www.eloriente.net\/home\/wp-json\/wp\/v2\/tags?post=23917"}],"curies":[{"name":"wp","href":"https:\/\/api.w.org\/{rel}","templated":true}]}}