{"id":24051,"date":"2014-04-10T11:15:54","date_gmt":"2014-04-10T17:15:54","guid":{"rendered":"http:\/\/www.eloriente.net\/home\/?p=24051"},"modified":"2014-04-10T11:34:38","modified_gmt":"2014-04-10T17:34:38","slug":"ya-era-hora-que-me-dieran-el-premio-xavier-villaurrutia-jose-de-la-colina","status":"publish","type":"post","link":"http:\/\/www.eloriente.net\/home\/2014\/04\/10\/ya-era-hora-que-me-dieran-el-premio-xavier-villaurrutia-jose-de-la-colina\/","title":{"rendered":"Ya era hora que me dieran el Premio Xavier Villaurrutia: Jos\u00e9 de la Colina"},"content":{"rendered":"<p>eloriente.net\/<a href=\"http:\/\/www.agencian22.mx\" target=\"_blank\">Agencia N22<\/a><\/p>\n<p>10 de abril de 2014<\/p>\n<p style=\"text-align: right;\">Por: Alizbeth Mercado<\/p>\n<div>\n<p><strong>CIUDAD DE M\u00c9XICO, M\u00e9xico, (N22).-<\/strong> Agradezco mucho al autor de una frase tan extraordinario a\u00fan como \u201cla nocturna rosa que no ocupa lugar en el espacio y su movimiento es una forma misteriosa de la quietud\u201d que era Xavier Villaurrutia, gran poeta, gran ensayista, no tan buen dramaturgo, pero agradezco mucho que me ampare bajo su sombra con este premio, que ya era hora que me lo dieran, asegur\u00f3 Jos\u00e9 de la Colina.<\/p>\n<p>El ensayista y narrador Jos\u00e9 de la Colina gan\u00f3 el Premio Xavier Villaurrutia de Escritores para Escritores para Obra Publicada en 2013, por su libro <em>De libertades fantasmas o de la literatura como juego. El anuncio del premio se dio pocos d\u00edas despu\u00e9s de que el narrador cumpliera 80 a\u00f1os.<\/em><\/p>\n<p>El jurado estuvo integrado por la escritora B\u00e1rbara Jacobs, el dramaturgo Vicente Le\u00f1ero y la poeta Myriam Moscona, y \u00a0decidieron otorgar el premio porque \u00abse destac\u00f3 el ingenio y la brillantez de sus breves ensayos que exaltan el manejo de su buena prosa. Densa y transparente al mismo tiempo, su escritura tiene la exquisitez de fluir en el goce de su malicia entre sus textos personal\u00edsimos de onda melanc\u00f3lica festiva\u00bb.<\/p>\n<p>El galard\u00f3n literario, en el que este a\u00f1o contendieron autores de 130 libros, es convocado anualmente por la Sociedad Alfonsina A.C., el Consejo Nacional para la Cultura y las Artes (Conaculta) y el Instituto Nacional de Bellas Artes (INBA).<\/p>\n<p>\u00abDecidir entre poes\u00eda, ensayo, cuento, cr\u00f3nica, narrativa breve y larga, se hace m\u00e1s dif\u00edcil. A pesar de nuestras relaciones personales con muchos de los escritores que participaron en el certamen, tuvimos que ser objetivos y hasta crueles\u00bb, dijo el escritor Vicente Le\u00f1ero.<\/p>\n<p>De libertades fantasmas o la literatura como juego\u00a0es una propuesta l\u00fadica<em> <\/em>para observar la literatura desde una perspectiva no rigurosa.<em> <\/em>En palabras de De la Colina<em> <\/em>\u201cel libro es de mis amigos imaginados por m\u00ed. Es decir: Octavio Paz no es el Octavio Paz tal cual lo conocemos, sino mi Octavio Paz. Es mi Bu\u00f1uel. He tenido la suerte de tratar de cerca, a dos grandes genios, Paz y Bu\u00f1uel, durante m\u00e1s de medio siglo\u201d.<\/p>\n<p>\u00bfEs necesario o quiz\u00e1 urgente jugar en la narrativa?, creo que cada vez m\u00e1s -respondi\u00f3 don Jos\u00e9- que el arte es un juego, cualquier juego no excluye lo profundo ni lo tr\u00e1gico, a\u00fan los grandes\u00a0dramaturgos tr\u00e1gicos jugaban con las palabras, a\u00fan Mozart en una obra tan profunda, tan tensa como <em>Don Giovanni<\/em> aparece haciendo un juego, por ejemplo, entre los diferentes personajes, poni\u00e9ndolos en juego, siempre dec\u00edamos de poner un juego a unos personajes, eso hay que entenderlo directamente, coment\u00f3 el galardonado.<\/p>\n<\/div>\n<p>La entrega del Premio Xavier Villaurrutia 2013 ser\u00e1 el martes 29 de abril, en la Sala Manuel\u00a0M. Ponce del Palacio de Bellas Artes, seg\u00fan da cuenta el INBA, en un comunicado.<\/p>\n<p>Jos\u00e9 de la Colina naci\u00f3 en Santander, Espa\u00f1a, el 29 de marzo de 1934. Ensayista y narrador, ha sido miembro del consejo de redacci\u00f3n de las revistas<em> Nuevo Cine, Plural, Revista Mexicana de Literatura <\/em>y<em> Vuelta; <\/em>director por 20 a\u00f1os de<em> El Semanario Cultural <\/em>de Novedades y colaborador en muchos otros medios.<\/p>\n<p>&nbsp;<\/p>\n<p><a href=\"http:\/\/www.eloriente.net\/home\/wp-content\/uploads\/2014\/04\/JOSE\u0301DELACOLINA-n22.jpg\"><img loading=\"lazy\" decoding=\"async\" class=\"alignnone size-medium wp-image-24053\" title=\"JOSE\u0301DELACOLINA-n22\" src=\"http:\/\/www.eloriente.net\/home\/wp-content\/uploads\/2014\/04\/JOSE\u0301DELACOLINA-n22-300x153.jpg\" alt=\"\" width=\"300\" height=\"153\" srcset=\"http:\/\/www.eloriente.net\/home\/wp-content\/uploads\/2014\/04\/JOSE\u0301DELACOLINA-n22-300x153.jpg 300w, http:\/\/www.eloriente.net\/home\/wp-content\/uploads\/2014\/04\/JOSE\u0301DELACOLINA-n22.jpg 420w\" sizes=\"(max-width: 300px) 100vw, 300px\" \/><\/a><\/p>\n<p>Foto: Agencia de Noticias de Canal 22<\/p>\n<p>&nbsp;<\/p>\n<p><strong>Entradas relacionadas:<\/strong><\/p>\n<div id=\"post-23433\">\n<p><a title=\"Permalink to \u201cPiedra de sol\u201d a trav\u00e9s de la m\u00fasica de Dimitri Dudin\" href=\"http:\/\/www.eloriente.net\/home\/2014\/04\/01\/piedra-de-sol-a-traves-de-la-musica-de-dimitri-dudin\/\" rel=\"bookmark\">\u201cPiedra de sol\u201d a trav\u00e9s de la m\u00fasica de Dimitri Dudin<\/a><\/p>\n<p><a href=\"http:\/\/www.eloriente.net\/home\/2014\/04\/01\/piedra-de-sol-a-traves-de-la-musica-de-dimitri-dudin\/\" rel=\"bookmark\"><img decoding=\"async\" title=\"\u201cPiedra de sol\u201d a trav\u00e9s de la m\u00fasica de Dimitri Dudin\" src=\"http:\/\/www.eloriente.net\/home\/wp-content\/themes\/city-desk\/timthumb.php?src=http%3A%2F%2Fwww.eloriente.net%2Fhome%2Fwp-content%2Fuploads%2F2014%2F04%2FDimitri-Dudin1-N22.png&amp;q=90&amp;w=160&amp;h=106&amp;zc=1\" alt=\"\u201cPiedra de sol\u201d a trav\u00e9s de la m\u00fasica de Dimitri Dudin\" \/><\/a><\/p>\n<p>eloriente.net\/Agencia N22 1 de abril de 2014 Por: V\u00edctor Gaspar Originalmente esta pieza era una cantata para cuarteto de cuerdas, piano y mezzosoprano CIUDAD DE M\u00c9XICO, M\u00e9xico, (N22).- Inspirado en el poema Piedra de sol, de Octavio Paz, el pianista y compositor ruso Dimitri Dudin escribi\u00f3 hace casi tres lustros una pieza que le tom\u00f3 [&#8230;]<\/p>\n<p>April 1, 2014<\/p>\n<\/div>\n<div id=\"post-23423\">\n<p><a title=\"Permalink to 31\/Mar\/14 En Vivo: Centenario de Octavio Paz, desde Bellas Artes\" href=\"http:\/\/www.eloriente.net\/home\/2014\/03\/31\/13mar14-en-vivo-centenario-de-octavio-paz-desde-bellas-artes\/\" rel=\"bookmark\">31\/Mar\/14 En Vivo: Centenario de Octavio Paz, desde Bellas Artes<\/a><\/p>\n<p><a href=\"http:\/\/www.eloriente.net\/home\/2014\/03\/31\/13mar14-en-vivo-centenario-de-octavio-paz-desde-bellas-artes\/\" rel=\"bookmark\"><img decoding=\"async\" title=\"31\/Mar\/14 En Vivo: Centenario de Octavio Paz, desde Bellas Artes\" src=\"http:\/\/www.eloriente.net\/home\/wp-content\/themes\/city-desk\/timthumb.php?src=http%3A%2F%2Fwww.eloriente.net%2Fhome%2Fwp-content%2Fuploads%2F2013%2F12%2FOctavio_Paz-e1396305199370.jpg&amp;q=90&amp;w=160&amp;h=106&amp;zc=1\" alt=\"31\/Mar\/14 En Vivo: Centenario de Octavio Paz, desde Bellas Artes\" \/><\/a><\/p>\n<p>eloriente.net 31 de marzo de 2014 M\u00e9xico rinde homenaje a su Premio Nobel de las Letras, Octavio Paz (1914-1998), a cien a\u00f1os de su nacimiento, cumplidos este 31 de marzo. Como puede leerse m\u00e1s abajo, algunas de las actividades organizadas con este motivo en el pa\u00eds, incluyen exposiciones, conferencias y lecturas alusivas. Destaca, la actividad [&#8230;]<\/p>\n<p>March 31, 2014<\/p>\n<\/div>\n<p><a title=\"Permalink to \u201cColosio: Forma y Fondo\u201d, un art\u00edculo de Oswaldo Garc\u00eda Criollo\" href=\"http:\/\/www.eloriente.net\/home\/2014\/03\/31\/colosio-forma-y-fondo-un-articulo-de-oswaldo-garcia-criollo\/\" rel=\"bookmark\">\u201cColosio: Forma y Fondo\u201d, un art\u00edculo de Oswaldo Garc\u00eda Criollo<\/a><\/p>\n<p><a href=\"http:\/\/www.eloriente.net\/home\/2014\/03\/31\/colosio-forma-y-fondo-un-articulo-de-oswaldo-garcia-criollo\/\" rel=\"bookmark\"><img decoding=\"async\" title=\"\u201cColosio: Forma y Fondo\u201d, un art\u00edculo de Oswaldo Garc\u00eda Criollo\" src=\"http:\/\/www.eloriente.net\/home\/wp-content\/themes\/city-desk\/timthumb.php?src=http%3A%2F%2Fwww.eloriente.net%2Fhome%2Fwp-content%2Fuploads%2F2014%2F03%2Fcolosio.jpg&amp;q=90&amp;w=160&amp;h=106&amp;zc=1\" alt=\"\u201cColosio: Forma y Fondo\u201d, un art\u00edculo de Oswaldo Garc\u00eda Criollo\" \/><\/a><\/p>\n<p>eloriente.net 31 de marzo de 2014 Mar de fondo \u201cEl conocimiento es solo una de las representaciones\u00a0 de la existencia\u201d:\u00a0Jos\u00e9 Vasconcelos Por: Oswaldo Garc\u00eda Criollo Como muchos pol\u00edticos oaxaque\u00f1os conoc\u00ed personalmente al Lic. Luis Donaldo Colosio Murrieta, funcionario y pol\u00edtico sonorense, economista del Tec de Monterrey con estudios\u00a0 de posgrado en Europa y EU. No [&#8230;]<\/p>\n<p>March 31, 2014<\/p>\n\n\t\t\t  <div \n\t\t\t  \tclass = \"fb-comments\" \n\t\t\t  \tdata-href = \"http:\/\/www.eloriente.net\/home\/2014\/04\/10\/ya-era-hora-que-me-dieran-el-premio-xavier-villaurrutia-jose-de-la-colina\/\"\n\t\t\t  \tdata-numposts = \"10\"\n\t\t\t\tdata-colorscheme = \"dark\"\n\t\t\t\tdata-order-by = \"social\"\n\t\t\t\tdata-mobile=true>\n\t\t\t  <\/div>\n\t\t  <style>\n\t\t\t.fb_iframe_widget_fluid_desktop iframe {\n\t\t\t    width: 100% !important;\n\t\t\t}\n\t\t  <\/style>\n\t\t  ","protected":false},"excerpt":{"rendered":"<p>eloriente.net\/Agencia N22 10 de abril de 2014 Por: Alizbeth Mercado CIUDAD DE M\u00c9XICO, M\u00e9xico, (N22).- Agradezco mucho al autor de una frase tan extraordinario a\u00fan como \u201cla nocturna rosa que no ocupa lugar en el espacio y su movimiento es una forma misteriosa de la quietud\u201d que era Xavier Villaurrutia, gran poeta, gran ensayista, no [&hellip;]<\/p>\n","protected":false},"author":1,"featured_media":24053,"comment_status":"open","ping_status":"open","sticky":false,"template":"","format":"standard","meta":{"_jetpack_memberships_contains_paid_content":false,"footnotes":""},"categories":[18,32,10,24],"tags":[],"class_list":["post-24051","post","type-post","status-publish","format-standard","has-post-thumbnail","hentry","category-educacion-y-cultura","category-entradas","category-lo-mas-reciente","category-mexico-y-el-mundo"],"jetpack_featured_media_url":"http:\/\/www.eloriente.net\/home\/wp-content\/uploads\/2014\/04\/JOSE\u0301DELACOLINA-n22.jpg","jetpack_sharing_enabled":true,"_links":{"self":[{"href":"http:\/\/www.eloriente.net\/home\/wp-json\/wp\/v2\/posts\/24051"}],"collection":[{"href":"http:\/\/www.eloriente.net\/home\/wp-json\/wp\/v2\/posts"}],"about":[{"href":"http:\/\/www.eloriente.net\/home\/wp-json\/wp\/v2\/types\/post"}],"author":[{"embeddable":true,"href":"http:\/\/www.eloriente.net\/home\/wp-json\/wp\/v2\/users\/1"}],"replies":[{"embeddable":true,"href":"http:\/\/www.eloriente.net\/home\/wp-json\/wp\/v2\/comments?post=24051"}],"version-history":[{"count":4,"href":"http:\/\/www.eloriente.net\/home\/wp-json\/wp\/v2\/posts\/24051\/revisions"}],"predecessor-version":[{"id":24055,"href":"http:\/\/www.eloriente.net\/home\/wp-json\/wp\/v2\/posts\/24051\/revisions\/24055"}],"wp:featuredmedia":[{"embeddable":true,"href":"http:\/\/www.eloriente.net\/home\/wp-json\/wp\/v2\/media\/24053"}],"wp:attachment":[{"href":"http:\/\/www.eloriente.net\/home\/wp-json\/wp\/v2\/media?parent=24051"}],"wp:term":[{"taxonomy":"category","embeddable":true,"href":"http:\/\/www.eloriente.net\/home\/wp-json\/wp\/v2\/categories?post=24051"},{"taxonomy":"post_tag","embeddable":true,"href":"http:\/\/www.eloriente.net\/home\/wp-json\/wp\/v2\/tags?post=24051"}],"curies":[{"name":"wp","href":"https:\/\/api.w.org\/{rel}","templated":true}]}}