{"id":24065,"date":"2014-04-10T12:16:48","date_gmt":"2014-04-10T18:16:48","guid":{"rendered":"http:\/\/www.eloriente.net\/home\/?p=24065"},"modified":"2014-04-10T12:32:16","modified_gmt":"2014-04-10T18:32:16","slug":"quien-es-dayani-cristal-busca-darle-indentidad-a-un-migrante-anonimo","status":"publish","type":"post","link":"http:\/\/www.eloriente.net\/home\/2014\/04\/10\/quien-es-dayani-cristal-busca-darle-indentidad-a-un-migrante-anonimo\/","title":{"rendered":"\u00bfQui\u00e9n es Dayani Cristal? Busca darle indentidad a un migrante an\u00f3nimo"},"content":{"rendered":"<p>eloriente.net\/<a href=\"http:\/\/www.agencian22.mx\/\" target=\"_blank\">AgenciaN22<\/a><\/p>\n<p>10 de abril de 2014<\/p>\n<p>&nbsp;<\/p>\n<p><strong>\u00abC\u00f3mo podemos contar una historia que ninguno de los dos conoce, y entonces decidimos ponernos en manos de los verdaderos migrantes\u00bb, cont\u00f3 el director del filme, Marc Silver, al recordar el viaje por M\u00e9xico al lado de Gael Garc\u00eda Bernal.<\/strong><\/p>\n<div style=\"text-align: right;\">\n<p>Por: Karen Rivera<em><\/em><\/p>\n<p style=\"text-align: left;\"><strong>CIUDAD DE M\u00c9XICO, M\u00e9xico, (N22).-\u00a0<\/strong>Los peligros, las motivaciones, las esperanzas y los miedos de los migrantes son algunas de las emociones que recrea la pel\u00edcula\u00a0<em>\u00bfQui\u00e9n es Dayani Cristal?\u00a0<\/em>Producida por el actor mexicano Gael Garc\u00eda y dirigida por Marc Silver. La cinta pretende dar identidad al cuerpo de un migrante an\u00f3nimo que fue encontrado en el desierto de Arizona.<\/p>\n<p style=\"text-align: left;\"><em>\u201cCuando encontraron el cuerpo en el desierto de Arizona con el tatuaje que dec\u00eda: \u201cDayani Cristal\u201d, mientras lo regresaban al laboratorio forense esa noche para que siguieran investig\u00e1ndolo en la morgue, al d\u00eda siguiente, conduciendo pens\u00e9: de d\u00f3nde viene el t\u00edtulo,\u00a0 qui\u00e9n o d\u00f3nde o qu\u00e9 era Dayani Cristal, y a partir de ah\u00ed empez\u00f3 la investigaci\u00f3n\u201d, asegur\u00f3 en entrevista para Canal 22 su director Marc Silver.<\/em><\/p>\n<p style=\"text-align: left;\">Entrevistas y fragmentos de los viajes que realiz\u00f3 Gael Garc\u00eda por Honduras, Guatemala y M\u00e9xico mientras buscaba informaci\u00f3n sobre el cuerpo, son parte de los elementos que componen la investigaci\u00f3n.<\/p>\n<p style=\"text-align: left;\"><em>De acuerdo con Silver, \u201cviajar a trav\u00e9s de M\u00e9xico con Gael fue una experiencia muy humilde y enriquecedora, porque entre los dos nos planteamos: c\u00f3mo podemos contar una historia que ninguno de los dos conoce, y entonces decidimos ponernos en manos de los verdaderos migrantes que s\u00ed conoc\u00edan la historia, y as\u00ed viajamos a trav\u00e9s de diferentes territorios\u201d.<\/em><\/p>\n<p style=\"text-align: left;\">Despu\u00e9s de la serie de cortometrajes\u00a0<em>Los invisibles<\/em>, Gael Garc\u00eda y Marc Silver presentan su nueva producci\u00f3n con el objetivo de dar voz a las historias humanas que suelen ignorarse en el sistema migratorio.<\/p>\n<p style=\"text-align: left;\"><em>\u201cHay un debate entre las pol\u00edticas y hay una discusi\u00f3n sobre la frontera entre los Estados Unidos y M\u00e9xico acerca de los 12 millones y medio de indocumentados; y tambi\u00e9n se est\u00e1 discutiendo acerca de las pol\u00edticas de la frontera y de la negociaci\u00f3n de la seguridad. S\u00ed, el documental puede funcionar como una herramienta de negociaci\u00f3n para documentar a los indocumentados, y estas herramientas ayudar\u00edan a prevenir que m\u00e1s gente intente cruzar la frontera\u201d.<\/em><\/p>\n<p style=\"text-align: left;\">Ganadora del premio a Mejor Fotograf\u00eda en el Festival de Cine de Sundance,\u00a0<em>\u00bfQui\u00e9n es Dayani Cristal?<\/em>\u00a0Se estrenar\u00e1 el pr\u00f3ximo 17 de abril.<\/p>\n<p>&nbsp;<\/p>\n<p style=\"text-align: left;\"><a href=\"http:\/\/www.eloriente.net\/home\/wp-content\/uploads\/2014\/04\/Gael-Garc\u00eda.png\"><img loading=\"lazy\" decoding=\"async\" class=\"alignnone size-medium wp-image-24066\" title=\"Gael Garc\u00eda\" src=\"http:\/\/www.eloriente.net\/home\/wp-content\/uploads\/2014\/04\/Gael-Garc\u00eda-300x154.png\" alt=\"\" width=\"300\" height=\"154\" srcset=\"http:\/\/www.eloriente.net\/home\/wp-content\/uploads\/2014\/04\/Gael-Garc\u00eda-300x154.png 300w, http:\/\/www.eloriente.net\/home\/wp-content\/uploads\/2014\/04\/Gael-Garc\u00eda.png 660w\" sizes=\"(max-width: 300px) 100vw, 300px\" \/><\/a><\/p>\n<p>&nbsp;<\/p>\n<p style=\"text-align: left;\"><strong>Entradas relacionadas:<\/strong><\/p>\n<p style=\"text-align: left;\"><a title=\"Permalink to 5 pel\u00edculas sobre VIH-Sida que no te puedes perder\" href=\"http:\/\/www.eloriente.net\/home\/2014\/03\/18\/5-peliculas-sobre-vih-sida-que-no-te-puedes-perder\/\" rel=\"bookmark\">5 pel\u00edculas sobre VIH-Sida que no te puedes perder<\/a><\/p>\n<p style=\"text-align: left;\"><a href=\"http:\/\/www.eloriente.net\/home\/2014\/03\/18\/5-peliculas-sobre-vih-sida-que-no-te-puedes-perder\/\" rel=\"bookmark\"><img decoding=\"async\" title=\"5 pel\u00edculas sobre VIH-Sida que no te puedes perder\" src=\"http:\/\/www.eloriente.net\/home\/wp-content\/themes\/city-desk\/timthumb.php?src=http%3A%2F%2Fwww.eloriente.net%2Fhome%2Fwp-content%2Fuploads%2F2014%2F03%2Fdallas-buyers-club.jpg&amp;q=90&amp;w=160&amp;h=106&amp;zc=1\" alt=\"5 pel\u00edculas sobre VIH-Sida que no te puedes perder\" \/><\/a><\/p>\n<p style=\"text-align: left;\">eloriente.net 18 de marzo de 2014 Conscientes de la necesidad de atenuar la discriminaci\u00f3n y prejuicios en la sociedad hacia personas con enfermedades terminales,\u00a0capacidades y orientaciones sexuales diferentes, ELORIENTE.NET te recomienda cinco pel\u00edculas que abordan historias con personajes enfermemos de VIH-Sida; y los retos sociales y de salud a los que se enfrentan \u00a1no te [&#8230;]<\/p>\n<p style=\"text-align: left;\">March 18, 2014<\/p>\n<p style=\"text-align: left;\"><a title=\"Permalink to \u201cEl lobo de Wall Street\u201d, cuando los gringos le dieron la vuelta a su cine, por Marcos Daniel Aguilar\" href=\"http:\/\/www.eloriente.net\/home\/2014\/03\/16\/el-lobo-de-wall-street-cuando-los-gringos-le-dieron-la-vuelta-a-su-cine-por-marcos-daniel-aguilar\/\" rel=\"bookmark\">\u201cEl lobo de Wall Street\u201d, cuando los gringos le dieron la vuelta a su cine, por Marcos Daniel Aguilar<\/a><\/p>\n<p style=\"text-align: left;\"><a href=\"http:\/\/www.eloriente.net\/home\/2014\/03\/16\/el-lobo-de-wall-street-cuando-los-gringos-le-dieron-la-vuelta-a-su-cine-por-marcos-daniel-aguilar\/\" rel=\"bookmark\"><img decoding=\"async\" title=\"\u201cEl lobo de Wall Street\u201d, cuando los gringos le dieron la vuelta a su cine, por Marcos Daniel Aguilar\" src=\"http:\/\/www.eloriente.net\/home\/wp-content\/themes\/city-desk\/timthumb.php?src=http%3A%2F%2Fwww.eloriente.net%2Fhome%2Fwp-content%2Fuploads%2F2014%2F03%2F%40TheWolfofWallStreet.jpg&amp;q=90&amp;w=160&amp;h=106&amp;zc=1\" alt=\"\u201cEl lobo de Wall Street\u201d, cuando los gringos le dieron la vuelta a su cine, por Marcos Daniel Aguilar\" \/><\/a><\/p>\n<p style=\"text-align: left;\">eloriente.net\/Agencia N22 16 de marzo de 2014 Por: Marcos Daniel Aguilar @AlephCircular CIUDAD DE M\u00c9XICO, M\u00e9xico, (N22).- Me alegra que Martin Scorsese haya hecho El lobo de Wall Street pues en los \u00faltimos a\u00f1os parec\u00eda que a los directivos y productores estadounidenses se les hab\u00eda agotado la idea. Pero claro, \u00bfpor qu\u00e9 no retratar en [&#8230;]<\/p>\n<p style=\"text-align: left;\">March 16, 2014<\/p>\n<p style=\"text-align: left;\"><a title=\"Permalink to Cuar\u00f3n recibe \u00d3scar como mejor director; consulta aqu\u00ed lista de ganadores\" href=\"http:\/\/www.eloriente.net\/home\/2014\/03\/03\/cuaron-recibe-oscar-como-mejor-director-consulta-aqui-lista-de-ganadores\/\" rel=\"bookmark\">Cuar\u00f3n recibe \u00d3scar como mejor director; consulta aqu\u00ed lista de ganadores<\/a><\/p>\n<p style=\"text-align: left;\"><a href=\"http:\/\/www.eloriente.net\/home\/2014\/03\/03\/cuaron-recibe-oscar-como-mejor-director-consulta-aqui-lista-de-ganadores\/\" rel=\"bookmark\"><img decoding=\"async\" title=\"Cuar\u00f3n recibe \u00d3scar como mejor director; consulta aqu\u00ed lista de ganadores\" src=\"http:\/\/www.eloriente.net\/home\/wp-content\/themes\/city-desk\/timthumb.php?src=http%3A%2F%2Fwww.eloriente.net%2Fhome%2Fwp-content%2Fuploads%2F2014%2F03%2Flupita-win.jpg&amp;q=90&amp;w=160&amp;h=106&amp;zc=1\" alt=\"Cuar\u00f3n recibe \u00d3scar como mejor director; consulta aqu\u00ed lista de ganadores\" \/><\/a><\/p>\n<p style=\"text-align: left;\">eloriente.net 3 de marzo de 2014 La noche de ayer, la Academia de las Ciencias y las Artes Cinematogr\u00e1ficas (AMPAS, por sus siglas en ingl\u00e9s)\u00a0dio cita a artistas, directores y al gremio en general del mundo del s\u00e9ptimo arte, para llevar a cabo la 86\u00ba entrega de los Premios \u00d3scar a lo mejor del cine [&#8230;]<\/p>\n<p style=\"text-align: left;\">March 3, 2014<\/p>\n<\/div>\n\n\t\t\t  <div \n\t\t\t  \tclass = \"fb-comments\" \n\t\t\t  \tdata-href = \"http:\/\/www.eloriente.net\/home\/2014\/04\/10\/quien-es-dayani-cristal-busca-darle-indentidad-a-un-migrante-anonimo\/\"\n\t\t\t  \tdata-numposts = \"10\"\n\t\t\t\tdata-colorscheme = \"dark\"\n\t\t\t\tdata-order-by = \"social\"\n\t\t\t\tdata-mobile=true>\n\t\t\t  <\/div>\n\t\t  <style>\n\t\t\t.fb_iframe_widget_fluid_desktop iframe {\n\t\t\t    width: 100% !important;\n\t\t\t}\n\t\t  <\/style>\n\t\t  ","protected":false},"excerpt":{"rendered":"<p>eloriente.net\/AgenciaN22 10 de abril de 2014 &nbsp; \u00abC\u00f3mo podemos contar una historia que ninguno de los dos conoce, y entonces decidimos ponernos en manos de los verdaderos migrantes\u00bb, cont\u00f3 el director del filme, Marc Silver, al recordar el viaje por M\u00e9xico al lado de Gael Garc\u00eda Bernal. Por: Karen Rivera CIUDAD DE M\u00c9XICO, M\u00e9xico, (N22).-\u00a0Los [&hellip;]<\/p>\n","protected":false},"author":26,"featured_media":24066,"comment_status":"open","ping_status":"open","sticky":false,"template":"","format":"standard","meta":{"_jetpack_memberships_contains_paid_content":false,"footnotes":""},"categories":[56,32,10,24],"tags":[870,4076,868,867,621,869,871],"class_list":["post-24065","post","type-post","status-publish","format-standard","has-post-thumbnail","hentry","category-cine","category-entradas","category-lo-mas-reciente","category-mexico-y-el-mundo","tag-arizona","tag-cine","tag-dayani-cristal","tag-gael-garcia","tag-historias","tag-marc-silver","tag-migracion"],"jetpack_featured_media_url":"http:\/\/www.eloriente.net\/home\/wp-content\/uploads\/2014\/04\/Gael-Garc\u00eda.png","jetpack_sharing_enabled":true,"_links":{"self":[{"href":"http:\/\/www.eloriente.net\/home\/wp-json\/wp\/v2\/posts\/24065"}],"collection":[{"href":"http:\/\/www.eloriente.net\/home\/wp-json\/wp\/v2\/posts"}],"about":[{"href":"http:\/\/www.eloriente.net\/home\/wp-json\/wp\/v2\/types\/post"}],"author":[{"embeddable":true,"href":"http:\/\/www.eloriente.net\/home\/wp-json\/wp\/v2\/users\/26"}],"replies":[{"embeddable":true,"href":"http:\/\/www.eloriente.net\/home\/wp-json\/wp\/v2\/comments?post=24065"}],"version-history":[{"count":11,"href":"http:\/\/www.eloriente.net\/home\/wp-json\/wp\/v2\/posts\/24065\/revisions"}],"predecessor-version":[{"id":24070,"href":"http:\/\/www.eloriente.net\/home\/wp-json\/wp\/v2\/posts\/24065\/revisions\/24070"}],"wp:featuredmedia":[{"embeddable":true,"href":"http:\/\/www.eloriente.net\/home\/wp-json\/wp\/v2\/media\/24066"}],"wp:attachment":[{"href":"http:\/\/www.eloriente.net\/home\/wp-json\/wp\/v2\/media?parent=24065"}],"wp:term":[{"taxonomy":"category","embeddable":true,"href":"http:\/\/www.eloriente.net\/home\/wp-json\/wp\/v2\/categories?post=24065"},{"taxonomy":"post_tag","embeddable":true,"href":"http:\/\/www.eloriente.net\/home\/wp-json\/wp\/v2\/tags?post=24065"}],"curies":[{"name":"wp","href":"https:\/\/api.w.org\/{rel}","templated":true}]}}