{"id":24146,"date":"2014-04-11T09:49:21","date_gmt":"2014-04-11T15:49:21","guid":{"rendered":"http:\/\/www.eloriente.net\/home\/?p=24146"},"modified":"2014-04-11T09:55:08","modified_gmt":"2014-04-11T15:55:08","slug":"ley-indigena-propiciara-la-estabilidad-y-armonia-de-oaxaca-diputado-alejandro-martinez","status":"publish","type":"post","link":"http:\/\/www.eloriente.net\/home\/2014\/04\/11\/ley-indigena-propiciara-la-estabilidad-y-armonia-de-oaxaca-diputado-alejandro-martinez\/","title":{"rendered":"Ley Ind\u00edgena propiciar\u00e1 la estabilidad y armon\u00eda de Oaxaca: diputado Alejandro Mart\u00ednez"},"content":{"rendered":"<p>eloriente.net\/<a href=\"http:\/\/www.congresooaxaca.gob.mx\" target=\"_blank\">Congreso del Estado<\/a><\/p>\n<p>11 de abril de 2014<\/p>\n<p><strong>Pondr\u00e1 este marco legal a Oaxaca al nivel de los m\u00e1s altos est\u00e1ndares internacionales, y la armonizar\u00e1 con la Constituci\u00f3n Pol\u00edtica\u00a0 federal, coinciden especialistas.<\/strong><\/p>\n<p>La reforma constitucional a los derechos de los pueblos ind\u00edgenas y afromexicanos del Estado de Oaxaca, cuya iniciativa fue enviada a la LXII Legislatura local por el Gobernador Gabino Cu\u00e9 Monteagudo el pasado 21 de marzo de este a\u00f1o, sentar\u00e1 las bases para que Oaxaca entre a un periodo de estabilidad y armon\u00eda basado en la pluralidad y en una convivencia respetuosa de sus pueblos.<\/p>\n<p>As\u00ed, lo se\u00f1al\u00f3 el diputado presidente de la Comisi\u00f3n Permanente de Asuntos Ind\u00edgenas, Alejandro Mart\u00ednez Ram\u00edrez, del PAN, quien manifest\u00f3 su total convicci\u00f3n de que esa reforma constitucional ser\u00e1 de la mayor trascendencia para la entidad.<\/p>\n<p>Ello, debido a que pondr\u00e1 a la legislaci\u00f3n oaxaque\u00f1a al nivel de los m\u00e1s altos est\u00e1ndares internacionales y la armonizar\u00e1 con los principios que marcan los art\u00edculos, primero y segundo de la Constituci\u00f3n Pol\u00edtica Federal.<\/p>\n<p>En la sala de presidentes de la sede del Poder Legislativo, este jueves, los diputados Mart\u00ednez Ram\u00edrez, del PAN y Jaime Bola\u00f1os Cacho, del PRD, quien preside la Comisi\u00f3n Permanente de Asuntos Constitucionales,\u00a0 encabezaron la sesi\u00f3n de instalaci\u00f3n de los trabajos para llevar a cabo el estudio, an\u00e1lisis y discusi\u00f3n de esa reforma constitucional.<\/p>\n<p>El legislador Mart\u00ednez Ram\u00edrez, celebr\u00f3 la presencia de los diputados que integran ambas comisiones, as\u00ed como la del Secretario de Asuntos Ind\u00edgenas, Adelfo Regino Montes, para iniciar la discusi\u00f3n de esa propuesta que modificar\u00e1 de manera sustantiva la relaci\u00f3n entre el estado de Oaxaca, los pueblos ind\u00edgenas y afromexicanos que lo conforman.<\/p>\n<p>\u201cHoy con las reformas a nuestra Constituci\u00f3n local que se presenta, estamos avanzando en el cumplimiento de ese mandato, pues la iniciativa busca consolidar principios y normas constitucionales que fortalezcan y garanticen una nueva relaci\u00f3n entre los pueblos ind\u00edgenas, incluyendo al pueblo negro africano, el Estado y la sociedad\u201d, subray\u00f3 el diputado Mart\u00ednez Ram\u00edrez.<\/p>\n<p>Dijo que es importante modificar las actuales estructuras jur\u00eddicas, pol\u00edticas y econ\u00f3micas del Estado y coadyuvar en la soluci\u00f3n pac\u00edfica y constructiva de violaci\u00f3n de derechos individuales y colectivos, por ello, con esa reforma se reconocer\u00e1n y fortalecer\u00e1n las expresiones de la libre determinaci\u00f3n y autonom\u00eda en sus distintos \u00e1mbitos y niveles, indic\u00f3.<\/p>\n<p>El legislador Mart\u00ednez Ram\u00edrez exhort\u00f3 a sus compa\u00f1eros representantes populares que integran ambas Comisiones a participar en las discusiones y an\u00e1lisis de la iniciativa que modifica 35 art\u00edculos de la Constituci\u00f3n del Estado de Oaxaca.<\/p>\n<p>Dijo que \u201ceste es el momento para reconocer los derechos de los pueblos ind\u00edgenas y afromexicanos, avanzar en un nuevo marco legal y nuevas pol\u00edticas p\u00fablicas interculturales, lo que significa ganar en gobernabilidad intercultural\u201d.<\/p>\n<p>En tanto, el presidente de la Comisi\u00f3n de Estudios Constitucionales, Jaime Bola\u00f1os Cacho, dijo que Oaxaca es la entidad con mayor pluralidad \u00e9tnica en toda la Rep\u00fablica Mexicana y probablemente como se ha afirmado en estudios del Consejo Nacional de Evaluaci\u00f3n de la Pol\u00edtica de Desarrollo Social (Coneval), es la que tiene mayor presencia pluricultural e intercultural en Centroam\u00e9rica.<\/p>\n<p>En este sentido, expres\u00f3 que la reforma al art\u00edculo segundo, apartado \u201cA\u201d en las fracciones III y IV de la Constituci\u00f3n Pol\u00edtica federal, reconoce que los pueblos y comunidades ind\u00edgenas tienen el derecho a la determinaci\u00f3n y autonom\u00eda para elegir a sus autoridades o representantes en el ejercicio de sus formas de gobierno.<\/p>\n<p>Tambi\u00e9n a sus representantes en los ayuntamientos de municipios de poblaci\u00f3n ind\u00edgenas de acuerdo con sus normas y sistemas normativos internos, procedimientos y pr\u00e1cticas tradicionales.<\/p>\n<p>Cit\u00f3 que de acuerdo a la normatividad internacional y al Convenio 169 sobre los pueblos ind\u00edgenas y tribales de la Organizaci\u00f3n Internacional del Trabajo celebrada en 1989, dispone a los gobiernos que deben asumir la responsabilidad de desarrollar acciones para la plena efectividad de los derechos sociales, econ\u00f3micos y culturales en cuanto al respeto a la identidad social y cultural de los pueblos ind\u00edgenas.<\/p>\n<p>Se refiri\u00f3 a los avances normativos sobre derechos ind\u00edgenas, en base al acuerdo celebrado por la ONU y por la Organizaci\u00f3n Internacional del Trabajo, que ha dise\u00f1ado diversos marcos y diversos instrumentos jur\u00eddicos internacionales en la integraci\u00f3n de la sociedad global, sociedad mundial y en decisiones para su desarrollo.<\/p>\n<p>Se\u00f1al\u00f3 que una de estas exigencias a la que se ha dado cumplimiento es el reconocimiento constitucional del pueblo afromexicano y que hoy ha sido contemplado dentro de este paquete de reformas.<\/p>\n<p>En tanto, la diputada priista Emilia Garc\u00eda Guzm\u00e1n, integrante de la Comisi\u00f3n de Asuntos Ind\u00edgenas, dijo que de acuerdo al procedimiento legislativo la iniciativa de ley ser\u00e1 turnada a las comisiones designadas para su estudio, para un an\u00e1lisis jur\u00eddico y legislativo y as\u00ed poder estar en la posibilidad de emitir un dictamen que interprete la verdad social, la cual debe de sujetarse a la Constituci\u00f3n Pol\u00edtica Estatal, la Ley Org\u00e1nica y el Reglamento Interno del Poder Legislativo.<\/p>\n<p>\u201cTenemos el derecho de ordenar todo el procedimiento para llegar al dictamen legislativo y estamos a favor de todas las propuestas que busquen verdaderamente un desarrollo integral y sustentable de nuestros pueblos ind\u00edgenas\u201d, indic\u00f3.<\/p>\n<p>Resalt\u00f3 la importancia que tienen las reformas constitucionales para el crecimiento de Oaxaca, por ello, el an\u00e1lisis\u00a0 debe hacerse en forma seria, responsable, cumpliendo con requisitos de estudio y fondo necesario, pues de no hacerlo as\u00ed se estar\u00edan violando las facultades y atribuciones y competencia de la LXII Legislatura del Estado\u201d, puntualiz\u00f3.<\/p>\n<p>Por su parte, el Secretario de Asuntos Ind\u00edgenas, Adelfo Regino Montes, destac\u00f3 que la iniciativa de reforma presentada por el titular del Ejecutivo estatal, se caracteriza por su perspectiva integral, transversal e intercultural, cuya aprobaci\u00f3n constituir\u00e1 un acto de justicia y c\u00e1lida contribuci\u00f3n a la verdadera uni\u00f3n de Oaxaca.<\/p>\n<p>Indic\u00f3 que esa propuesta de ley, tiene como finalidad garantizar la coexistencia respetuosa y arm\u00f3nica de los diversos pueblos y culturas existentes en Oaxaca y el pa\u00eds; as\u00ed como poner los cimientos para la construcci\u00f3n de un estado multicultural en el marco del pluralismo pol\u00edtico y jur\u00eddico que caracteriza a la entidad.<\/p>\n<p>\u201cAl mismo tiempo se inscribe en el marco del necesario cumplimiento e implementaci\u00f3n de los compromisos nacionales e internacionales que\u00a0 M\u00e9xico ha suscrito en relaci\u00f3n con los Derechos Humanos de los Pueblos Ind\u00edgenas\u00bb, subray\u00f3.<\/p>\n<p>&nbsp;<\/p>\n<p><a href=\"http:\/\/www.eloriente.net\/home\/wp-content\/uploads\/2014\/04\/Ley-ind\u00edgena-Por-Congreso.jpg\"><img loading=\"lazy\" decoding=\"async\" class=\"alignnone size-medium wp-image-24147\" title=\"Ley ind\u00edgena-Por Congreso\" src=\"http:\/\/www.eloriente.net\/home\/wp-content\/uploads\/2014\/04\/Ley-ind\u00edgena-Por-Congreso-300x198.jpg\" alt=\"\" width=\"300\" height=\"198\" srcset=\"http:\/\/www.eloriente.net\/home\/wp-content\/uploads\/2014\/04\/Ley-ind\u00edgena-Por-Congreso-300x198.jpg 300w, http:\/\/www.eloriente.net\/home\/wp-content\/uploads\/2014\/04\/Ley-ind\u00edgena-Por-Congreso-1024x678.jpg 1024w, http:\/\/www.eloriente.net\/home\/wp-content\/uploads\/2014\/04\/Ley-ind\u00edgena-Por-Congreso.jpg 1134w\" sizes=\"(max-width: 300px) 100vw, 300px\" \/><\/a><\/p>\n<p>Foto: Congreso del Estado<\/p>\n<p>&nbsp;<\/p>\n<p><strong>Entradas relacionadas:<\/strong><\/p>\n<p><a title=\"Permalink to Solicita diputado Garc\u00eda S\u00e1nchez ampliar destinos tur\u00edsticos de la Sierra Ju\u00e1rez\" href=\"http:\/\/www.eloriente.net\/home\/2014\/04\/07\/solicita-diputado-garcia-sanchez-ampliar-destinos-turisticos-de-la-sierra-juarez\/\" rel=\"bookmark\">Solicita diputado Garc\u00eda S\u00e1nchez ampliar destinos tur\u00edsticos de la Sierra Ju\u00e1rez<\/a><\/p>\n<p><a href=\"http:\/\/www.eloriente.net\/home\/2014\/04\/07\/solicita-diputado-garcia-sanchez-ampliar-destinos-turisticos-de-la-sierra-juarez\/\" rel=\"bookmark\"><img decoding=\"async\" title=\"Solicita diputado Garc\u00eda S\u00e1nchez ampliar destinos tur\u00edsticos de la Sierra Ju\u00e1rez\" src=\"http:\/\/www.eloriente.net\/home\/wp-content\/themes\/city-desk\/timthumb.php?src=http%3A%2F%2Fwww.eloriente.net%2Fhome%2Fwp-content%2Fuploads%2F2014%2F04%2FDiputado-Garc%C3%ADa-Por-Congreso.jpg&amp;q=90&amp;w=160&amp;h=106&amp;zc=1\" alt=\"Solicita diputado Garc\u00eda S\u00e1nchez ampliar destinos tur\u00edsticos de la Sierra Ju\u00e1rez\" \/><\/a><\/p>\n<p>eloriente.net\/Congreso del Estado 7 de abril de 2014 Se debe garantizar la igualdad de oportunidades y una justa competitividad entre los diferentes destinos tur\u00edsticos con que cuenta la entidad, se\u00f1al\u00f3 el legislador por el distrito de Ixtl\u00e1n. La Secretar\u00eda de Turismo y Desarrollo Econ\u00f3mico debe garantizar la igualdad de oportunidades y una justa competitividad entre [&#8230;]<\/p>\n<p>April 7, 2014<\/p>\n<div id=\"post-23690\">\n<p><a title=\"Permalink to En Centro de Justicia para las Mujeres se han brindado 6 mil servicios: Valencia de los Santos\" href=\"http:\/\/www.eloriente.net\/home\/2014\/04\/04\/en-centro-de-justicia-para-las-mujeres-se-han-brindado-6-mil-servicios-valencia-de-los-santos\/\" rel=\"bookmark\">En Centro de Justicia para las Mujeres se han brindado 6 mil servicios: Valencia de los Santos<\/a><\/p>\n<p><a href=\"http:\/\/www.eloriente.net\/home\/2014\/04\/04\/en-centro-de-justicia-para-las-mujeres-se-han-brindado-6-mil-servicios-valencia-de-los-santos\/\" rel=\"bookmark\"><img decoding=\"async\" title=\"En Centro de Justicia para las Mujeres se han brindado 6 mil servicios: Valencia de los Santos\" src=\"http:\/\/www.eloriente.net\/home\/wp-content\/themes\/city-desk\/timthumb.php?src=http%3A%2F%2Fwww.eloriente.net%2Fhome%2Fwp-content%2Fuploads%2F2014%2F04%2FZoila-Jos%C3%A9-Juan-Por-Congreso.jpg&amp;q=90&amp;w=160&amp;h=106&amp;zc=1\" alt=\"En Centro de Justicia para las Mujeres se han brindado 6 mil servicios: Valencia de los Santos\" \/><\/a><\/p>\n<p>eloriente.net\/Congreso del Estado\u00a0 4 de abril de 2014 La directora del Centro de Justicia para las Mujeres, dijo ante comisiones unidas que ese espacio atendi\u00f3 de julio a la fecha a unas 1,500 personas con 6 mil servicios.\u00a0 La Comisi\u00f3n de\u00a0Igualdad de G\u00e9nero del Congreso del Estado de Oaxaca promovi\u00f3 el\u00a0primer acercamiento de las legisladoras [&#8230;]<\/p>\n<p>April 4, 2014<\/p>\n<\/div>\n<div id=\"post-23428\">\n<p><a title=\"Permalink to Oaxaca, sin normas de protecci\u00f3n para adultos mayores: Ira\u00eds Gonz\u00e1lez\" href=\"http:\/\/www.eloriente.net\/home\/2014\/03\/31\/oaxaca-sin-normas-de-proteccion-para-adultos-mayores-irais-gonzalez\/\" rel=\"bookmark\">Oaxaca, sin normas de protecci\u00f3n para adultos mayores: Ira\u00eds Gonz\u00e1lez<\/a><\/p>\n<p><a href=\"http:\/\/www.eloriente.net\/home\/2014\/03\/31\/oaxaca-sin-normas-de-proteccion-para-adultos-mayores-irais-gonzalez\/\" rel=\"bookmark\"><img decoding=\"async\" title=\"Oaxaca, sin normas de protecci\u00f3n para adultos mayores: Ira\u00eds Gonz\u00e1lez\" src=\"http:\/\/www.eloriente.net\/home\/wp-content\/themes\/city-desk\/timthumb.php?src=http%3A%2F%2Fwww.eloriente.net%2Fhome%2Fwp-content%2Fuploads%2F2014%2F03%2FFoto-Dip.jpg&amp;q=90&amp;w=160&amp;h=106&amp;zc=1\" alt=\"Oaxaca, sin normas de protecci\u00f3n para adultos mayores: Ira\u00eds Gonz\u00e1lez\" \/><\/a><\/p>\n<p>eloriente.net\/Congreso de Oaxaca 31 de marzo de 2014 31 entidades del pa\u00eds tienen marco legal y en Oaxaca no hay normas ni instancias que protejan a esta creciente poblaci\u00f3n en el estado. Oaxaca es la \u00fanica entidad que no cuenta con un marco legal ni instancias de apoyo y protecci\u00f3n de los adultos mayores, por [&#8230;]<\/p>\n<p>March 31, 2014<\/p>\n<\/div>\n\n\t\t\t  <div \n\t\t\t  \tclass = \"fb-comments\" \n\t\t\t  \tdata-href = \"http:\/\/www.eloriente.net\/home\/2014\/04\/11\/ley-indigena-propiciara-la-estabilidad-y-armonia-de-oaxaca-diputado-alejandro-martinez\/\"\n\t\t\t  \tdata-numposts = \"10\"\n\t\t\t\tdata-colorscheme = \"dark\"\n\t\t\t\tdata-order-by = \"social\"\n\t\t\t\tdata-mobile=true>\n\t\t\t  <\/div>\n\t\t  <style>\n\t\t\t.fb_iframe_widget_fluid_desktop iframe {\n\t\t\t    width: 100% !important;\n\t\t\t}\n\t\t  <\/style>\n\t\t  ","protected":false},"excerpt":{"rendered":"<p>eloriente.net\/Congreso del Estado 11 de abril de 2014 Pondr\u00e1 este marco legal a Oaxaca al nivel de los m\u00e1s altos est\u00e1ndares internacionales, y la armonizar\u00e1 con la Constituci\u00f3n Pol\u00edtica\u00a0 federal, coinciden especialistas. La reforma constitucional a los derechos de los pueblos ind\u00edgenas y afromexicanos del Estado de Oaxaca, cuya iniciativa fue enviada a la LXII [&hellip;]<\/p>\n","protected":false},"author":26,"featured_media":24147,"comment_status":"open","ping_status":"open","sticky":false,"template":"","format":"standard","meta":{"_jetpack_memberships_contains_paid_content":false,"footnotes":""},"categories":[91,32,21],"tags":[861,287,633,393,636,890,684],"class_list":["post-24146","post","type-post","status-publish","format-standard","has-post-thumbnail","hentry","category-congreso-y-justicia","category-entradas","category-politica-y-gobierno","tag-cultural","tag-indigenas","tag-interculturalidad","tag-ley","tag-multiculturalidad","tag-pluralidad","tag-reforma"],"jetpack_featured_media_url":"http:\/\/www.eloriente.net\/home\/wp-content\/uploads\/2014\/04\/Ley-ind\u00edgena-Por-Congreso.jpg","jetpack_sharing_enabled":true,"_links":{"self":[{"href":"http:\/\/www.eloriente.net\/home\/wp-json\/wp\/v2\/posts\/24146"}],"collection":[{"href":"http:\/\/www.eloriente.net\/home\/wp-json\/wp\/v2\/posts"}],"about":[{"href":"http:\/\/www.eloriente.net\/home\/wp-json\/wp\/v2\/types\/post"}],"author":[{"embeddable":true,"href":"http:\/\/www.eloriente.net\/home\/wp-json\/wp\/v2\/users\/26"}],"replies":[{"embeddable":true,"href":"http:\/\/www.eloriente.net\/home\/wp-json\/wp\/v2\/comments?post=24146"}],"version-history":[{"count":5,"href":"http:\/\/www.eloriente.net\/home\/wp-json\/wp\/v2\/posts\/24146\/revisions"}],"predecessor-version":[{"id":24155,"href":"http:\/\/www.eloriente.net\/home\/wp-json\/wp\/v2\/posts\/24146\/revisions\/24155"}],"wp:featuredmedia":[{"embeddable":true,"href":"http:\/\/www.eloriente.net\/home\/wp-json\/wp\/v2\/media\/24147"}],"wp:attachment":[{"href":"http:\/\/www.eloriente.net\/home\/wp-json\/wp\/v2\/media?parent=24146"}],"wp:term":[{"taxonomy":"category","embeddable":true,"href":"http:\/\/www.eloriente.net\/home\/wp-json\/wp\/v2\/categories?post=24146"},{"taxonomy":"post_tag","embeddable":true,"href":"http:\/\/www.eloriente.net\/home\/wp-json\/wp\/v2\/tags?post=24146"}],"curies":[{"name":"wp","href":"https:\/\/api.w.org\/{rel}","templated":true}]}}