{"id":24153,"date":"2014-04-11T10:02:36","date_gmt":"2014-04-11T16:02:36","guid":{"rendered":"http:\/\/www.eloriente.net\/home\/?p=24153"},"modified":"2014-04-11T10:02:36","modified_gmt":"2014-04-11T16:02:36","slug":"presentan-el-libro-fiesta-del-maiz-y-la-gente-que-toca-la-concha-de-zaachila-oaxaca","status":"publish","type":"post","link":"http:\/\/www.eloriente.net\/home\/2014\/04\/11\/presentan-el-libro-fiesta-del-maiz-y-la-gente-que-toca-la-concha-de-zaachila-oaxaca\/","title":{"rendered":"Presentan el libro \u201cFiesta del ma\u00edz y la gente que toca la concha de Zaachila, Oaxaca\u201d"},"content":{"rendered":"<p>eloriente.net\/<a href=\"www.uabjo.mx\" target=\"_blank\">UABJO<\/a><\/p>\n<p>11 de abril de 2o14<\/p>\n<p>El patio central del Instituto de Investigaciones en Humanidades de la Universidad Aut\u00f3noma Benito Ju\u00e1rez de Oaxaca (UABJO) fue el escenario para la presentaci\u00f3n del libro \u201cFiesta del ma\u00edz y la gente que toca la concha de Zaachila, Oaxaca\u201d editado por el Instituto Estatal de Educaci\u00f3n P\u00fablica de Oaxaca (IEEPO) y el Centro de Estudios y Desarrollo de las Lenguas Ind\u00edgenas de Oaxaca (CEDELIO).<\/p>\n<p>El evento cont\u00f3 con la presencia de Franco Gabriel Hern\u00e1ndez, director del Instituto de Investigaciones en Humanidades, as\u00ed como Andr\u00e9s Cerero Mart\u00ednez, coautor de la obra; y en los comentarios al texto los maestros Javier Castellanos y Manuel Matus Manzo.<\/p>\n<p>En su mensaje, Gabriel Hern\u00e1ndez destac\u00f3 la importancia que tiene para la instituci\u00f3n ser un espacio para la difusi\u00f3n de la cultura y el conocimiento, el cual se enriquece con la participaci\u00f3n de maestros, alumnos y p\u00fablico interesado que asiste y participa de este tipo de eventos.<\/p>\n<p>Asimismo, el funcionario universitario hizo una breve introducci\u00f3n a la obra, se\u00f1alando que con este tipo de publicaciones es posible acercarse a la cosmovisi\u00f3n e ideolog\u00eda actual de los pueblos ind\u00edgenas.<\/p>\n<p>Por su parte, Javier Castellanos reflexion\u00f3 en torno al proceso de conquista emprendido por los espa\u00f1oles sobre los pueblos de Mesoam\u00e9rica y c\u00f3mo la religi\u00f3n cat\u00f3lica fue utilizada como parte de una estrategia de colonizaci\u00f3n que arras\u00f3 con la cultura de los pueblos ind\u00edgenas.<\/p>\n<p>De acuerdo con Cerero Mart\u00ednez, la fiesta del ma\u00edz tiene un origen prehisp\u00e1nico; sin embargo, tras el proceso de evangelizaci\u00f3n emprendido por los espa\u00f1oles en las tierras conquistadas, los pueblos ind\u00edgenas incorporaron esta actividad como parte de la celebraci\u00f3n de la Semana Santa.<\/p>\n<p>\u201cCuando los espa\u00f1oles se dieron cuenta de que los pueblos ind\u00edgenas se negaban a renunciar a sus creencias y dioses, optaron por hacer empatar las celebraciones cat\u00f3licas tra\u00eddas de Europa con las tradiciones ind\u00edgenas, a fin de avanzar en el proceso de evangelizaci\u00f3n y conquista de los pueblos originarios\u201d.<\/p>\n<p>&nbsp;<\/p>\n<p><a href=\"http:\/\/www.eloriente.net\/home\/wp-content\/uploads\/2014\/04\/Presentaci\u00f3n-libro-Por-UABJO.jpg\"><img loading=\"lazy\" decoding=\"async\" class=\"alignnone size-medium wp-image-24156\" title=\"Presentaci\u00f3n libro-Por UABJO\" src=\"http:\/\/www.eloriente.net\/home\/wp-content\/uploads\/2014\/04\/Presentaci\u00f3n-libro-Por-UABJO-300x166.jpg\" alt=\"\" width=\"300\" height=\"166\" srcset=\"http:\/\/www.eloriente.net\/home\/wp-content\/uploads\/2014\/04\/Presentaci\u00f3n-libro-Por-UABJO-300x166.jpg 300w, http:\/\/www.eloriente.net\/home\/wp-content\/uploads\/2014\/04\/Presentaci\u00f3n-libro-Por-UABJO.jpg 1024w\" sizes=\"(max-width: 300px) 100vw, 300px\" \/><\/a><\/p>\n<p>Foto: UABJO<\/p>\n<p>&nbsp;<\/p>\n<p><strong>Entradas relacionadas:<\/strong><\/p>\n<p><a title=\"Permalink to Acceder\u00e1n docentes de nivel medio superior a programas educativos de la UABJO\" href=\"http:\/\/www.eloriente.net\/home\/2014\/04\/09\/accederan-docentes-de-nivel-medio-superior-a-programas-educativos-de-la-uabjo\/\" rel=\"bookmark\">Acceder\u00e1n docentes de nivel medio superior a programas educativos de la UABJO<\/a><\/p>\n<p><a href=\"http:\/\/www.eloriente.net\/home\/2014\/04\/09\/accederan-docentes-de-nivel-medio-superior-a-programas-educativos-de-la-uabjo\/\" rel=\"bookmark\"><img decoding=\"async\" title=\"Acceder\u00e1n docentes de nivel medio superior a programas educativos de la UABJO\" src=\"http:\/\/www.eloriente.net\/home\/wp-content\/themes\/city-desk\/timthumb.php?src=http%3A%2F%2Fwww.eloriente.net%2Fhome%2Fwp-content%2Fuploads%2F2014%2F04%2FFirma-Por-UABJO.jpg&amp;q=90&amp;w=160&amp;h=106&amp;zc=1\" alt=\"Acceder\u00e1n docentes de nivel medio superior a programas educativos de la UABJO\" \/><\/a><\/p>\n<p>eloriente.net\/UABJO 9 de abril de 2014 Con la intenci\u00f3n de colaborar en la profesionalizaci\u00f3n docente en el nivel medio superior, la Universidad Aut\u00f3noma Benito Ju\u00e1rez de Oaxaca (UABJO) firm\u00f3 convenio de colaboraci\u00f3n con el Sindicato \u00danico de Trabajadores del Instituto de Estudios de Bachillerato del Estado de Oaxaca (SUTIEBO). En este sentido, el rector de [&#8230;]<\/p>\n<p>April 9, 2014<\/p>\n<p><a title=\"Permalink to Celebra coro \u201cAxis Mundi\u201d su cuarto aniversario\" href=\"http:\/\/www.eloriente.net\/home\/2014\/04\/07\/celebra-coro-axis-mundi-su-cuarto-aniversario\/\" rel=\"bookmark\">Celebra coro \u201cAxis Mundi\u201d su cuarto aniversario<\/a><\/p>\n<p><a href=\"http:\/\/www.eloriente.net\/home\/2014\/04\/07\/celebra-coro-axis-mundi-su-cuarto-aniversario\/\" rel=\"bookmark\"><img decoding=\"async\" title=\"Celebra coro \u201cAxis Mundi\u201d su cuarto aniversario\" src=\"http:\/\/www.eloriente.net\/home\/wp-content\/themes\/city-desk\/timthumb.php?src=http%3A%2F%2Fwww.eloriente.net%2Fhome%2Fwp-content%2Fuploads%2F2014%2F04%2FCoro-Foto-UABJO.jpg&amp;q=90&amp;w=160&amp;h=106&amp;zc=1\" alt=\"Celebra coro \u201cAxis Mundi\u201d su cuarto aniversario\" \/><\/a><\/p>\n<p>eloriente.net\/UABJO 7 de abril de 2014 Para celebrar su cuarto aniversario el coro \u201cAxis Mundi\u201d de la Escuela de Bellas Artes de la Universidad Aut\u00f3noma Benito Ju\u00e1rez de Oaxaca (UABJO) ofreci\u00f3 tres magnos conciertos en diferentes sedes. En el segundo patio del edificio central de la Escuela de Derecho\u00a0deleitaron a propios y extra\u00f1os con temas [&#8230;]<\/p>\n<p>April 7, 2014<\/p>\n<p><a title=\"Permalink to Mayor presupuesto a la educaci\u00f3n superior en el sur del pa\u00eds: Mart\u00ednez Helmes\" href=\"http:\/\/www.eloriente.net\/home\/2014\/04\/04\/mayor-presupuesto-a-la-educacion-superior-en-el-sur-del-pais-martinez-helmes\/\" rel=\"bookmark\">Mayor presupuesto a la educaci\u00f3n superior en el sur del pa\u00eds: Mart\u00ednez Helmes<\/a><\/p>\n<p><a href=\"http:\/\/www.eloriente.net\/home\/2014\/04\/04\/mayor-presupuesto-a-la-educacion-superior-en-el-sur-del-pais-martinez-helmes\/\" rel=\"bookmark\"><img decoding=\"async\" title=\"Mayor presupuesto a la educaci\u00f3n superior en el sur del pa\u00eds: Mart\u00ednez Helmes\" src=\"http:\/\/www.eloriente.net\/home\/wp-content\/themes\/city-desk\/timthumb.php?src=http%3A%2F%2Fwww.eloriente.net%2Fhome%2Fwp-content%2Fuploads%2F2014%2F04%2FANUIES-Por-UABJO.jpg&amp;q=90&amp;w=160&amp;h=106&amp;zc=1\" alt=\"Mayor presupuesto a la educaci\u00f3n superior en el sur del pa\u00eds: Mart\u00ednez Helmes\" \/><\/a><\/p>\n<p>eloriente.net\/UABJO 4 de abril de 2014 El rector de la Universidad Aut\u00f3noma Benito Ju\u00e1rez de Oaxaca (UABJO), Eduardo Mart\u00ednez Helmes, encabez\u00f3 la primera Sesi\u00f3n Ordinaria 2014 del Consejo Regional Sur Sureste de la Asociaci\u00f3n Nacional de Universidades e Instituciones de Educaci\u00f3n Superior (ANUIES). Celebrada en el tercer patio del edificio central de la Facultad de [&#8230;]<\/p>\n<p>April 4, 2014<\/p>\n\n\t\t\t  <div \n\t\t\t  \tclass = \"fb-comments\" \n\t\t\t  \tdata-href = \"http:\/\/www.eloriente.net\/home\/2014\/04\/11\/presentan-el-libro-fiesta-del-maiz-y-la-gente-que-toca-la-concha-de-zaachila-oaxaca\/\"\n\t\t\t  \tdata-numposts = \"10\"\n\t\t\t\tdata-colorscheme = \"dark\"\n\t\t\t\tdata-order-by = \"social\"\n\t\t\t\tdata-mobile=true>\n\t\t\t  <\/div>\n\t\t  <style>\n\t\t\t.fb_iframe_widget_fluid_desktop iframe {\n\t\t\t    width: 100% !important;\n\t\t\t}\n\t\t  <\/style>\n\t\t  ","protected":false},"excerpt":{"rendered":"<p>eloriente.net\/UABJO 11 de abril de 2o14 El patio central del Instituto de Investigaciones en Humanidades de la Universidad Aut\u00f3noma Benito Ju\u00e1rez de Oaxaca (UABJO) fue el escenario para la presentaci\u00f3n del libro \u201cFiesta del ma\u00edz y la gente que toca la concha de Zaachila, Oaxaca\u201d editado por el Instituto Estatal de Educaci\u00f3n P\u00fablica de Oaxaca [&hellip;]<\/p>\n","protected":false},"author":26,"featured_media":24156,"comment_status":"open","ping_status":"open","sticky":false,"template":"","format":"standard","meta":{"_jetpack_memberships_contains_paid_content":false,"footnotes":""},"categories":[18,32,63,10,23,464,84],"tags":[892,241,287,353,651,891,893],"class_list":["post-24153","post","type-post","status-publish","format-standard","has-post-thumbnail","hentry","category-educacion-y-cultura","category-entradas","category-estados","category-lo-mas-reciente","category-municipios","category-oaxaca-estados","category-universidades","tag-conocimiento","tag-cultura","tag-indigenas","tag-lenguas","tag-libro","tag-maiz","tag-mesoamerica"],"jetpack_featured_media_url":"http:\/\/www.eloriente.net\/home\/wp-content\/uploads\/2014\/04\/Presentaci\u00f3n-libro-Por-UABJO.jpg","jetpack_sharing_enabled":true,"_links":{"self":[{"href":"http:\/\/www.eloriente.net\/home\/wp-json\/wp\/v2\/posts\/24153"}],"collection":[{"href":"http:\/\/www.eloriente.net\/home\/wp-json\/wp\/v2\/posts"}],"about":[{"href":"http:\/\/www.eloriente.net\/home\/wp-json\/wp\/v2\/types\/post"}],"author":[{"embeddable":true,"href":"http:\/\/www.eloriente.net\/home\/wp-json\/wp\/v2\/users\/26"}],"replies":[{"embeddable":true,"href":"http:\/\/www.eloriente.net\/home\/wp-json\/wp\/v2\/comments?post=24153"}],"version-history":[{"count":2,"href":"http:\/\/www.eloriente.net\/home\/wp-json\/wp\/v2\/posts\/24153\/revisions"}],"predecessor-version":[{"id":24158,"href":"http:\/\/www.eloriente.net\/home\/wp-json\/wp\/v2\/posts\/24153\/revisions\/24158"}],"wp:featuredmedia":[{"embeddable":true,"href":"http:\/\/www.eloriente.net\/home\/wp-json\/wp\/v2\/media\/24156"}],"wp:attachment":[{"href":"http:\/\/www.eloriente.net\/home\/wp-json\/wp\/v2\/media?parent=24153"}],"wp:term":[{"taxonomy":"category","embeddable":true,"href":"http:\/\/www.eloriente.net\/home\/wp-json\/wp\/v2\/categories?post=24153"},{"taxonomy":"post_tag","embeddable":true,"href":"http:\/\/www.eloriente.net\/home\/wp-json\/wp\/v2\/tags?post=24153"}],"curies":[{"name":"wp","href":"https:\/\/api.w.org\/{rel}","templated":true}]}}