{"id":24159,"date":"2014-04-11T11:05:15","date_gmt":"2014-04-11T17:05:15","guid":{"rendered":"http:\/\/www.eloriente.net\/home\/?p=24159"},"modified":"2014-04-11T11:12:10","modified_gmt":"2014-04-11T17:12:10","slug":"viernes-25abr14-0900-vii-festival-de-cuentos-para-ninos","status":"publish","type":"post","link":"http:\/\/www.eloriente.net\/home\/2014\/04\/11\/viernes-25abr14-0900-vii-festival-de-cuentos-para-ninos\/","title":{"rendered":"Viernes 25\/Abr\/14 09:00 VII Festival de cuentos para ni\u00f1os"},"content":{"rendered":"<p>eloriente.net<\/p>\n<p>11 de abril de 2014<\/p>\n<p><strong>\u00c9sta es la primera llamada, primera \u00a1Ya viene el VII Festival de cuentos para ni\u00f1os!<\/strong><\/p>\n<p>La asociaci\u00f3n civil &#8216;Cuentos grandes para calcetines peque\u00f1os&#8217; invita a la ni\u00f1ez oaxaque\u00f1a a participar en el VII Festival de cuentos para ni\u00f1os, Oaxaca 2014, el cual se llevar\u00e1 a cabo del 25 al 30 de abril.<\/p>\n<p>Como cada a\u00f1o, se realizar\u00e1n 50 actividades de lectura de cuentos, leyendas e historias, a cargo de narradores mexicanos e internacionales provenientes de Per\u00fa, Espa\u00f1a, Cuba, Costa Rica, Colombia, Camer\u00fan y Brasil. En esta s\u00e9ptima edici\u00f3n habr\u00e1 funciones de cuentos en las principales bibliotecas y centros culturales de la ciudad de Oaxaca y de los municipios conurbados.<\/p>\n<p>De acuerdo con \u00c1ngel del Pilar, directora del festival, las sesiones de cuentos invitan a las personas a ver estos espacios p\u00fablicos como lugares m\u00e1s amigables y como puntos de reuni\u00f3n social. Tambi\u00e9n, mencion\u00f3 que otro de los objetivos principales es llegar a municipios donde no se ha llegado antes. En esta edici\u00f3n los narradores se trasladar\u00e1n a lugares Teposcolula y Juchit\u00e1n.<\/p>\n<p>Para este 2014 se tiene planeado recibir a 10 mil personas como total de los 50 eventos del festival, se\u00f1al\u00f3. La inauguraci\u00f3n ser\u00e1 el pr\u00f3ximo viernes 25 de abril a las 10:00 horas en el Andador Tur\u00edstico frente a la Biblioteca P\u00fablica Central. Consulta el programa del evento completo, dando click a la siguiente <a href=\"http:\/\/www.cuentosgrandes.com\/Docs\/2014.Programa.pdf\" target=\"_blank\">liga de enlace<\/a>. La entrada a todos los eventos es gratuita.<\/p>\n<p>&nbsp;<\/p>\n<p style=\"text-align: center;\"><a href=\"http:\/\/www.eloriente.net\/home\/wp-content\/uploads\/2014\/04\/2014.Cartel.png\" target=\"_blank\"><img loading=\"lazy\" decoding=\"async\" class=\"aligncenter\" style=\"-webkit-user-select: none; cursor: -webkit-zoom-in;\" src=\"http:\/\/www.eloriente.net\/home\/wp-content\/uploads\/2014\/04\/2014.Cartel.png\" alt=\"\" width=\"305\" height=\"463\" \/><\/a><\/p>\n<p>&nbsp;<\/p>\n<p><a href=\"http:\/\/www.eloriente.net\/home\/wp-content\/uploads\/2014\/04\/Festival-2013-Por-Cuentos-Grandes.jpg\"><img loading=\"lazy\" decoding=\"async\" class=\"alignnone size-medium wp-image-24166\" title=\"Festival 2013-Por Cuentos Grandes\" src=\"http:\/\/www.eloriente.net\/home\/wp-content\/uploads\/2014\/04\/Festival-2013-Por-Cuentos-Grandes-300x200.jpg\" alt=\"\" width=\"300\" height=\"200\" srcset=\"http:\/\/www.eloriente.net\/home\/wp-content\/uploads\/2014\/04\/Festival-2013-Por-Cuentos-Grandes-300x200.jpg 300w, http:\/\/www.eloriente.net\/home\/wp-content\/uploads\/2014\/04\/Festival-2013-Por-Cuentos-Grandes.jpg 480w\" sizes=\"(max-width: 300px) 100vw, 300px\" \/><\/a><\/p>\n<p>Foto: Cuentos Grandes<\/p>\n<p>&nbsp;<\/p>\n<p><strong>Entradas relacionadas:<\/strong><\/p>\n<p><a title=\"Permalink to Nebraska, el Oscar para la vida\" href=\"http:\/\/www.eloriente.net\/home\/2014\/04\/10\/nebraska-el-oscar-para-la-vida-2\/\" rel=\"bookmark\">Nebraska, el Oscar para la vida<\/a><\/p>\n<p><a href=\"http:\/\/www.eloriente.net\/home\/2014\/04\/10\/nebraska-el-oscar-para-la-vida-2\/\" rel=\"bookmark\"><img decoding=\"async\" title=\"Nebraska, el Oscar para la vida\" src=\"http:\/\/www.eloriente.net\/home\/wp-content\/themes\/city-desk\/timthumb.php?src=http%3A%2F%2Fwww.eloriente.net%2Fhome%2Fwp-content%2Fuploads%2F2014%2F04%2FNebraska.jpg&amp;q=90&amp;w=160&amp;h=106&amp;zc=1\" alt=\"Nebraska, el Oscar para la vida\" \/><\/a><\/p>\n<p>eloriente.net 10 de abril de 2014 Por: Juan Pablo Vasconcelos* Seg\u00fan trascurren los d\u00edas, Nebraska me va revelando su luminoso rostro de pel\u00edcula maestra. Y lo va haciendo como solamente las obras de su tipo pueden conseguirlo: aparecen de pronto en las conversaciones, se utilizan espont\u00e1neamente para explicar argumentos, se refieren para describir emociones, expectativas, [&#8230;]<\/p>\n<p>April 10, 2014<\/p>\n<div id=\"post-24051\">\n<p><a title=\"Permalink to Ya era hora que me dieran el Premio Xavier Villaurrutia: Jos\u00e9 de la Colina\" href=\"http:\/\/www.eloriente.net\/home\/2014\/04\/10\/ya-era-hora-que-me-dieran-el-premio-xavier-villaurrutia-jose-de-la-colina\/\" rel=\"bookmark\">Ya era hora que me dieran el Premio Xavier Villaurrutia: Jos\u00e9 de la Colina<\/a><\/p>\n<p><a href=\"http:\/\/www.eloriente.net\/home\/2014\/04\/10\/ya-era-hora-que-me-dieran-el-premio-xavier-villaurrutia-jose-de-la-colina\/\" rel=\"bookmark\"><img decoding=\"async\" title=\"Ya era hora que me dieran el Premio Xavier Villaurrutia: Jos\u00e9 de la Colina\" src=\"http:\/\/www.eloriente.net\/home\/wp-content\/themes\/city-desk\/timthumb.php?src=http%3A%2F%2Fwww.eloriente.net%2Fhome%2Fwp-content%2Fuploads%2F2014%2F04%2FJOSE%CC%81DELACOLINA-n22.jpg&amp;q=90&amp;w=160&amp;h=106&amp;zc=1\" alt=\"Ya era hora que me dieran el Premio Xavier Villaurrutia: Jos\u00e9 de la Colina\" \/><\/a><\/p>\n<p>eloriente.net\/Agencia N22 10 de abril de 2014 Por: Alizbeth Mercado CIUDAD DE M\u00c9XICO, M\u00e9xico, (N22).- Agradezco mucho al autor de una frase tan extraordinario a\u00fan como \u201cla nocturna rosa que no ocupa lugar en el espacio y su movimiento es una forma misteriosa de la quietud\u201d que era Xavier Villaurrutia, gran poeta, gran ensayista, no [&#8230;]<\/p>\n<p>April 10, 2014<\/p>\n<p><a title=\"Permalink to Celebra coro \u201cAxis Mundi\u201d su cuarto aniversario\" href=\"http:\/\/www.eloriente.net\/home\/2014\/04\/07\/celebra-coro-axis-mundi-su-cuarto-aniversario\/\" rel=\"bookmark\">Celebra coro \u201cAxis Mundi\u201d su cuarto aniversario<\/a><\/p>\n<p><a href=\"http:\/\/www.eloriente.net\/home\/2014\/04\/07\/celebra-coro-axis-mundi-su-cuarto-aniversario\/\" rel=\"bookmark\"><img decoding=\"async\" title=\"Celebra coro \u201cAxis Mundi\u201d su cuarto aniversario\" src=\"http:\/\/www.eloriente.net\/home\/wp-content\/themes\/city-desk\/timthumb.php?src=http%3A%2F%2Fwww.eloriente.net%2Fhome%2Fwp-content%2Fuploads%2F2014%2F04%2FCoro-Foto-UABJO.jpg&amp;q=90&amp;w=160&amp;h=106&amp;zc=1\" alt=\"Celebra coro \u201cAxis Mundi\u201d su cuarto aniversario\" \/><\/a><\/p>\n<p>eloriente.net\/UABJO 7 de abril de 2014 Para celebrar su cuarto aniversario el coro \u201cAxis Mundi\u201d de la Escuela de Bellas Artes de la Universidad Aut\u00f3noma Benito Ju\u00e1rez de Oaxaca (UABJO) ofreci\u00f3 tres magnos conciertos en diferentes sedes. En el segundo patio del edificio central de la Escuela de Derecho\u00a0deleitaron a propios y extra\u00f1os con temas [&#8230;]<\/p>\n<p>April 7, 2014<\/p>\n<\/div>\n\n\t\t\t  <div \n\t\t\t  \tclass = \"fb-comments\" \n\t\t\t  \tdata-href = \"http:\/\/www.eloriente.net\/home\/2014\/04\/11\/viernes-25abr14-0900-vii-festival-de-cuentos-para-ninos\/\"\n\t\t\t  \tdata-numposts = \"10\"\n\t\t\t\tdata-colorscheme = \"dark\"\n\t\t\t\tdata-order-by = \"social\"\n\t\t\t\tdata-mobile=true>\n\t\t\t  <\/div>\n\t\t  <style>\n\t\t\t.fb_iframe_widget_fluid_desktop iframe {\n\t\t\t    width: 100% !important;\n\t\t\t}\n\t\t  <\/style>\n\t\t  ","protected":false},"excerpt":{"rendered":"<p>eloriente.net 11 de abril de 2014 \u00c9sta es la primera llamada, primera \u00a1Ya viene el VII Festival de cuentos para ni\u00f1os! La asociaci\u00f3n civil &#8216;Cuentos grandes para calcetines peque\u00f1os&#8217; invita a la ni\u00f1ez oaxaque\u00f1a a participar en el VII Festival de cuentos para ni\u00f1os, Oaxaca 2014, el cual se llevar\u00e1 a cabo del 25 al [&hellip;]<\/p>\n","protected":false},"author":26,"featured_media":24166,"comment_status":"open","ping_status":"open","sticky":false,"template":"","format":"standard","meta":{"_jetpack_memberships_contains_paid_content":false,"footnotes":""},"categories":[8,18,63,464],"tags":[894,336,621,428,895,212,73],"class_list":["post-24159","post","type-post","status-publish","format-standard","has-post-thumbnail","hentry","category-agenda","category-educacion-y-cultura","category-estados","category-oaxaca-estados","tag-cuentos","tag-festival","tag-historias","tag-lectura","tag-leyendas","tag-ninos","tag-oaxaca"],"jetpack_featured_media_url":"http:\/\/www.eloriente.net\/home\/wp-content\/uploads\/2014\/04\/Festival-2013-Por-Cuentos-Grandes.jpg","jetpack_sharing_enabled":true,"_links":{"self":[{"href":"http:\/\/www.eloriente.net\/home\/wp-json\/wp\/v2\/posts\/24159"}],"collection":[{"href":"http:\/\/www.eloriente.net\/home\/wp-json\/wp\/v2\/posts"}],"about":[{"href":"http:\/\/www.eloriente.net\/home\/wp-json\/wp\/v2\/types\/post"}],"author":[{"embeddable":true,"href":"http:\/\/www.eloriente.net\/home\/wp-json\/wp\/v2\/users\/26"}],"replies":[{"embeddable":true,"href":"http:\/\/www.eloriente.net\/home\/wp-json\/wp\/v2\/comments?post=24159"}],"version-history":[{"count":5,"href":"http:\/\/www.eloriente.net\/home\/wp-json\/wp\/v2\/posts\/24159\/revisions"}],"predecessor-version":[{"id":24172,"href":"http:\/\/www.eloriente.net\/home\/wp-json\/wp\/v2\/posts\/24159\/revisions\/24172"}],"wp:featuredmedia":[{"embeddable":true,"href":"http:\/\/www.eloriente.net\/home\/wp-json\/wp\/v2\/media\/24166"}],"wp:attachment":[{"href":"http:\/\/www.eloriente.net\/home\/wp-json\/wp\/v2\/media?parent=24159"}],"wp:term":[{"taxonomy":"category","embeddable":true,"href":"http:\/\/www.eloriente.net\/home\/wp-json\/wp\/v2\/categories?post=24159"},{"taxonomy":"post_tag","embeddable":true,"href":"http:\/\/www.eloriente.net\/home\/wp-json\/wp\/v2\/tags?post=24159"}],"curies":[{"name":"wp","href":"https:\/\/api.w.org\/{rel}","templated":true}]}}