{"id":24186,"date":"2014-04-12T08:27:43","date_gmt":"2014-04-12T14:27:43","guid":{"rendered":"http:\/\/www.eloriente.net\/home\/?p=24186"},"modified":"2014-04-12T08:38:43","modified_gmt":"2014-04-12T14:38:43","slug":"analiza-congreso-iniciativa-de-reforma-sobre-derechos-de-pueblos-indigenas-y-afromexicanos","status":"publish","type":"post","link":"http:\/\/www.eloriente.net\/home\/2014\/04\/12\/analiza-congreso-iniciativa-de-reforma-sobre-derechos-de-pueblos-indigenas-y-afromexicanos\/","title":{"rendered":"Analiza Congreso iniciativa de reforma sobre derechos de pueblos ind\u00edgenas y afromexicanos"},"content":{"rendered":"<p>eloriente.net\/<a href=\"http:\/\/www.congresooaxaca.gob.mx\" target=\"_blank\">Congreso del Estado<\/a><\/p>\n<p>12 de abril de 2o14<\/p>\n<p><strong>El diputado Jaime Bola\u00f1os Cacho, presidente de la Comisi\u00f3n de Estudios Constitucionales, dio inicio al an\u00e1lisis de la propuesta de reforma.\u00a0<\/strong><\/p>\n<p>El diputado local Jaime Bola\u00f1os\u00a0Cacho, instal\u00f3 la primer sesi\u00f3n de trabajo de las Comisiones Unidas de\u00a0Estudios Constitucionales y Asuntos Ind\u00edgenas, encargadas del an\u00e1lisis\u00a0de la iniciativa de Reforma sobre los Derechos de los Pueblos Ind\u00edgenas\u00a0y Afromexicanos, que present\u00f3 el gobernador Gabino Cu\u00e9 Monteagudo.<\/p>\n<p>La sesi\u00f3n dio inicio con una ceremonia tradicional de los pueblos\u00a0originarios, tras la cual el diputado Alejandro Mart\u00ednez Ram\u00edrez,\u00a0Presidente de la Comisi\u00f3n de Asuntos Ind\u00edgenas, destac\u00f3 su total\u00a0convicci\u00f3n de que la reforma constitucional en materia ind\u00edgena sea de\u00a0trascendencia para la entidad, poniendo a la legislaci\u00f3n oaxaque\u00f1a al\u00a0nivel de los m\u00e1s altos est\u00e1ndares internacionales.<\/p>\n<p>Por su parte, el diputado Jaime Bola\u00f1os Cacho asegur\u00f3 que \u00ablos pueblos\u00a0ind\u00edgenas tienen derecho a la libre determinaci\u00f3n y autonom\u00eda, y los\u00a0gobiernos deben asumir la responsabilidad de desarrollar acciones para\u00a0promover la plena efectividad de los derechos sociales, econ\u00f3micos y\u00a0culturales de esos pueblos, respetando su identidad social y cultural,\u00a0sus costumbres y tradiciones, y sus instituciones\u00bb.<\/p>\n<p>A la sesi\u00f3n asisti\u00f3 tambi\u00e9n el Secretario de Asuntos Ind\u00edgenas,\u00a0Adelfo Regino Montes, quien acompa\u00f1ado del Consejo Consultivo y el\u00a0Comit\u00e9 T\u00e9cnico de Expertos, expuso ante los diputados presentes las\u00a0propuestas contenidas en la iniciativa.<\/p>\n<p>Las Comisiones Unidas de Estudios Constitucionales y Asuntos Ind\u00edgenas,\u00a0acordaron sesionar semanalmente para poder ofrecer un marco legal\u00a0s\u00f3lido y que atienda las demandas de los pueblos originarios,\u00a0fortaleciendo as\u00ed la gobernabilidad intercultural de Oaxaca.<\/p>\n<p>\u00abCon esto buscaremos consolidar los principios y las normas\u00a0constitucionales que fortalezcan y garanticen la construcci\u00f3n de una\u00a0nueva relaci\u00f3n entre los pueblos ind\u00edgenas y afromexicano, el Estado y\u00a0la sociedad en general, basada en el reconocimiento, respeto y ejercicio\u00a0pleno de sus derechos fundamentales\u00bb, ratific\u00f3 el diputado Jaime\u00a0Bola\u00f1os Cacho.<\/p>\n<p>&nbsp;<\/p>\n<p><a href=\"http:\/\/www.eloriente.net\/home\/wp-content\/uploads\/2014\/04\/Bola\u00f1os-Cacho-Por-Congreso.jpg\"><img loading=\"lazy\" decoding=\"async\" class=\"alignnone size-medium wp-image-24187\" title=\"Bola\u00f1os Cacho-Por Congreso\" src=\"http:\/\/www.eloriente.net\/home\/wp-content\/uploads\/2014\/04\/Bola\u00f1os-Cacho-Por-Congreso-300x210.jpg\" alt=\"\" width=\"300\" height=\"210\" srcset=\"http:\/\/www.eloriente.net\/home\/wp-content\/uploads\/2014\/04\/Bola\u00f1os-Cacho-Por-Congreso-300x210.jpg 300w, http:\/\/www.eloriente.net\/home\/wp-content\/uploads\/2014\/04\/Bola\u00f1os-Cacho-Por-Congreso-1024x719.jpg 1024w, http:\/\/www.eloriente.net\/home\/wp-content\/uploads\/2014\/04\/Bola\u00f1os-Cacho-Por-Congreso.jpg 1069w\" sizes=\"(max-width: 300px) 100vw, 300px\" \/><\/a><\/p>\n<p>Foto: Congreso del Estado<\/p>\n<p>&nbsp;<\/p>\n<p><strong>Entradas relacionadas:<\/strong><\/p>\n<p><a title=\"Permalink to Ley Ind\u00edgena propiciar\u00e1 la estabilidad y armon\u00eda de Oaxaca: diputado Alejandro Mart\u00ednez\" href=\"http:\/\/www.eloriente.net\/home\/2014\/04\/11\/ley-indigena-propiciara-la-estabilidad-y-armonia-de-oaxaca-diputado-alejandro-martinez\/\" rel=\"bookmark\">Ley Ind\u00edgena propiciar\u00e1 la estabilidad y armon\u00eda de Oaxaca: diputado Alejandro Mart\u00ednez<\/a><\/p>\n<p><a href=\"http:\/\/www.eloriente.net\/home\/2014\/04\/11\/ley-indigena-propiciara-la-estabilidad-y-armonia-de-oaxaca-diputado-alejandro-martinez\/\" rel=\"bookmark\"><img decoding=\"async\" title=\"Ley Ind\u00edgena propiciar\u00e1 la estabilidad y armon\u00eda de Oaxaca: diputado Alejandro Mart\u00ednez\" src=\"http:\/\/www.eloriente.net\/home\/wp-content\/themes\/city-desk\/timthumb.php?src=http%3A%2F%2Fwww.eloriente.net%2Fhome%2Fwp-content%2Fuploads%2F2014%2F04%2FLey-ind%C3%ADgena-Por-Congreso.jpg&amp;q=90&amp;w=160&amp;h=106&amp;zc=1\" alt=\"Ley Ind\u00edgena propiciar\u00e1 la estabilidad y armon\u00eda de Oaxaca: diputado Alejandro Mart\u00ednez\" \/><\/a><\/p>\n<p>eloriente.net\/Congreso del Estado 11 de abril de 2014 Pondr\u00e1 este marco legal a Oaxaca al nivel de los m\u00e1s altos est\u00e1ndares internacionales, y la armonizar\u00e1 con la Constituci\u00f3n Pol\u00edtica\u00a0 federal, coinciden especialistas. La reforma constitucional a los derechos de los pueblos ind\u00edgenas y afromexicanos del Estado de Oaxaca, cuya iniciativa fue enviada a la LXII [&#8230;]<\/p>\n<p>April 11, 2014<\/p>\n<p><a title=\"Permalink to Solicita diputado Garc\u00eda S\u00e1nchez ampliar destinos tur\u00edsticos de la Sierra Ju\u00e1rez\" href=\"http:\/\/www.eloriente.net\/home\/2014\/04\/07\/solicita-diputado-garcia-sanchez-ampliar-destinos-turisticos-de-la-sierra-juarez\/\" rel=\"bookmark\">Solicita diputado Garc\u00eda S\u00e1nchez ampliar destinos tur\u00edsticos de la Sierra Ju\u00e1rez<\/a><\/p>\n<p><a href=\"http:\/\/www.eloriente.net\/home\/2014\/04\/07\/solicita-diputado-garcia-sanchez-ampliar-destinos-turisticos-de-la-sierra-juarez\/\" rel=\"bookmark\"><img decoding=\"async\" title=\"Solicita diputado Garc\u00eda S\u00e1nchez ampliar destinos tur\u00edsticos de la Sierra Ju\u00e1rez\" src=\"http:\/\/www.eloriente.net\/home\/wp-content\/themes\/city-desk\/timthumb.php?src=http%3A%2F%2Fwww.eloriente.net%2Fhome%2Fwp-content%2Fuploads%2F2014%2F04%2FDiputado-Garc%C3%ADa-Por-Congreso.jpg&amp;q=90&amp;w=160&amp;h=106&amp;zc=1\" alt=\"Solicita diputado Garc\u00eda S\u00e1nchez ampliar destinos tur\u00edsticos de la Sierra Ju\u00e1rez\" \/><\/a><\/p>\n<p>eloriente.net\/Congreso del Estado 7 de abril de 2014 Se debe garantizar la igualdad de oportunidades y una justa competitividad entre los diferentes destinos tur\u00edsticos con que cuenta la entidad, se\u00f1al\u00f3 el legislador por el distrito de Ixtl\u00e1n. La Secretar\u00eda de Turismo y Desarrollo Econ\u00f3mico debe garantizar la igualdad de oportunidades y una justa competitividad entre [&#8230;]<\/p>\n<p>April 7, 2014<\/p>\n<div id=\"post-23690\">\n<p><a title=\"Permalink to En Centro de Justicia para las Mujeres se han brindado 6 mil servicios: Valencia de los Santos\" href=\"http:\/\/www.eloriente.net\/home\/2014\/04\/04\/en-centro-de-justicia-para-las-mujeres-se-han-brindado-6-mil-servicios-valencia-de-los-santos\/\" rel=\"bookmark\">En Centro de Justicia para las Mujeres se han brindado 6 mil servicios: Valencia de los Santos<\/a><\/p>\n<p><a href=\"http:\/\/www.eloriente.net\/home\/2014\/04\/04\/en-centro-de-justicia-para-las-mujeres-se-han-brindado-6-mil-servicios-valencia-de-los-santos\/\" rel=\"bookmark\"><img decoding=\"async\" title=\"En Centro de Justicia para las Mujeres se han brindado 6 mil servicios: Valencia de los Santos\" src=\"http:\/\/www.eloriente.net\/home\/wp-content\/themes\/city-desk\/timthumb.php?src=http%3A%2F%2Fwww.eloriente.net%2Fhome%2Fwp-content%2Fuploads%2F2014%2F04%2FZoila-Jos%C3%A9-Juan-Por-Congreso.jpg&amp;q=90&amp;w=160&amp;h=106&amp;zc=1\" alt=\"En Centro de Justicia para las Mujeres se han brindado 6 mil servicios: Valencia de los Santos\" \/><\/a>eloriente.net\/Congreso del Estado\u00a0 4 de abril de 2014 La directora del Centro de Justicia para las Mujeres, dijo ante comisiones unidas que ese espacio atendi\u00f3 de julio a la fecha a unas 1,500 personas con 6 mil servicios.\u00a0 La Comisi\u00f3n de\u00a0Igualdad de G\u00e9nero del Congreso del Estado de Oaxaca promovi\u00f3 el\u00a0primer acercamiento de las legisladoras [&#8230;]<\/p>\n<p>April 4, 2014<\/p>\n<\/div>\n\n\t\t\t  <div \n\t\t\t  \tclass = \"fb-comments\" \n\t\t\t  \tdata-href = \"http:\/\/www.eloriente.net\/home\/2014\/04\/12\/analiza-congreso-iniciativa-de-reforma-sobre-derechos-de-pueblos-indigenas-y-afromexicanos\/\"\n\t\t\t  \tdata-numposts = \"10\"\n\t\t\t\tdata-colorscheme = \"dark\"\n\t\t\t\tdata-order-by = \"social\"\n\t\t\t\tdata-mobile=true>\n\t\t\t  <\/div>\n\t\t  <style>\n\t\t\t.fb_iframe_widget_fluid_desktop iframe {\n\t\t\t    width: 100% !important;\n\t\t\t}\n\t\t  <\/style>\n\t\t  ","protected":false},"excerpt":{"rendered":"<p>eloriente.net\/Congreso del Estado 12 de abril de 2o14 El diputado Jaime Bola\u00f1os Cacho, presidente de la Comisi\u00f3n de Estudios Constitucionales, dio inicio al an\u00e1lisis de la propuesta de reforma.\u00a0 El diputado local Jaime Bola\u00f1os\u00a0Cacho, instal\u00f3 la primer sesi\u00f3n de trabajo de las Comisiones Unidas de\u00a0Estudios Constitucionales y Asuntos Ind\u00edgenas, encargadas del an\u00e1lisis\u00a0de la iniciativa de [&hellip;]<\/p>\n","protected":false},"author":26,"featured_media":24187,"comment_status":"open","ping_status":"open","sticky":false,"template":"","format":"standard","meta":{"_jetpack_memberships_contains_paid_content":false,"footnotes":""},"categories":[91,32,21],"tags":[902,246,287,903,393,684,904],"class_list":["post-24186","post","type-post","status-publish","format-standard","has-post-thumbnail","hentry","category-congreso-y-justicia","category-entradas","category-politica-y-gobierno","tag-afromexicanos","tag-congreso","tag-indigenas","tag-intercultural","tag-ley","tag-reforma","tag-tradiciones"],"jetpack_featured_media_url":"http:\/\/www.eloriente.net\/home\/wp-content\/uploads\/2014\/04\/Bola\u00f1os-Cacho-Por-Congreso.jpg","jetpack_sharing_enabled":true,"_links":{"self":[{"href":"http:\/\/www.eloriente.net\/home\/wp-json\/wp\/v2\/posts\/24186"}],"collection":[{"href":"http:\/\/www.eloriente.net\/home\/wp-json\/wp\/v2\/posts"}],"about":[{"href":"http:\/\/www.eloriente.net\/home\/wp-json\/wp\/v2\/types\/post"}],"author":[{"embeddable":true,"href":"http:\/\/www.eloriente.net\/home\/wp-json\/wp\/v2\/users\/26"}],"replies":[{"embeddable":true,"href":"http:\/\/www.eloriente.net\/home\/wp-json\/wp\/v2\/comments?post=24186"}],"version-history":[{"count":3,"href":"http:\/\/www.eloriente.net\/home\/wp-json\/wp\/v2\/posts\/24186\/revisions"}],"predecessor-version":[{"id":24189,"href":"http:\/\/www.eloriente.net\/home\/wp-json\/wp\/v2\/posts\/24186\/revisions\/24189"}],"wp:featuredmedia":[{"embeddable":true,"href":"http:\/\/www.eloriente.net\/home\/wp-json\/wp\/v2\/media\/24187"}],"wp:attachment":[{"href":"http:\/\/www.eloriente.net\/home\/wp-json\/wp\/v2\/media?parent=24186"}],"wp:term":[{"taxonomy":"category","embeddable":true,"href":"http:\/\/www.eloriente.net\/home\/wp-json\/wp\/v2\/categories?post=24186"},{"taxonomy":"post_tag","embeddable":true,"href":"http:\/\/www.eloriente.net\/home\/wp-json\/wp\/v2\/tags?post=24186"}],"curies":[{"name":"wp","href":"https:\/\/api.w.org\/{rel}","templated":true}]}}