{"id":24191,"date":"2014-04-12T09:13:24","date_gmt":"2014-04-12T15:13:24","guid":{"rendered":"http:\/\/www.eloriente.net\/home\/?p=24191"},"modified":"2014-04-12T09:32:46","modified_gmt":"2014-04-12T15:32:46","slug":"participa-en-actividades-de-gestion-cultural-con-perspectiva-de-genero","status":"publish","type":"post","link":"http:\/\/www.eloriente.net\/home\/2014\/04\/12\/participa-en-actividades-de-gestion-cultural-con-perspectiva-de-genero\/","title":{"rendered":"Ap\u00fantate a actividades sobre Gesti\u00f3n Cultural con perspectiva de g\u00e9nero"},"content":{"rendered":"<p>eloriente.net<\/p>\n<p>12 de abril de 2014<\/p>\n<p>Con el objetivo de reconocer y documentar las oportunidades, rutas y desaf\u00edos de la gesti\u00f3n cultural con perspectiva de g\u00e9nero, la Escuela de Bellas Artes de la Universidad Aut\u00f3noma Benito Ju\u00e1rez de Oaxaca (UABJO) invita al p\u00fablico en general a participar en un programa de actividades de formaci\u00f3n complementaria.<\/p>\n<p>El pr\u00f3ximo 23 de abril de 2014 se llevar\u00e1 a cabo un panel denominado como \u00abEl g\u00e9nero en las ciencias sociales y humanas: avances y desaf\u00edos en Oaxaca\u00bb, donde especialistas en la materia reflexionar\u00e1n sobre los avances de los estudios feministas en dichas ciencias.<\/p>\n<p>Participan la antrop\u00f3loga Margarita Dalton Palomo, la soci\u00f3loga Gloria Zafra, la comunic\u00f3loga Magdalena L\u00f3pez Rocha y la ling\u00fcista Claudia Guichard Bello. La cita es en el paraninfo de la Facultad de Derecho de la UABJO a las 17:00 horas, la entrada es libre.<\/p>\n<p>Por otra parte, los d\u00edas 2 y 3 de mayo de 2014, la Mtra. Magdalena L\u00f3pez y Lic. Claudia Guichard analizar\u00e1n los fundamentos de la teor\u00eda feminista y sus herramientas en la investigaci\u00f3n social en el seminario \u00abLos estudios de g\u00e9nero o feministas en las ciencias sociales y humanas\u00bb.<\/p>\n<p>El evento tendr\u00e1 lugar en la sala Ju\u00e1rez de la Escuela de Bellas Artes de 16:00 a 20:00 horas el d\u00eda viernes 2, de 9:00 a 13:00 y de 15:00 a 19:00 horas el d\u00eda s\u00e1bado 3. El cupo es limitado.<\/p>\n<p>Finalmente, alumnos de la licenciatura en Gesti\u00f3n Cultural y Desarrollo Sustentable de la UABJO expondr\u00e1n estudios de casos sobre las condiciones de desigualdad de g\u00e9nero prevalecientes en diferentes sectores del arte y la cultura<\/p>\n<p>Adem\u00e1s, propondr\u00e1n estrategias para la visibilizaci\u00f3n e inclusi\u00f3n de las mujeres libres de roles y estereotipos en el foro estudiantil \u00abLa gesti\u00f3n cultural desde la perspectiva de g\u00e9nero\u00bb, el cual se realizar\u00e1 el d\u00eda 13 de junio de 2014, en la Escuela de Bellas Artes a las 17:00 horas.<\/p>\n<p>Para mayor informaci\u00f3n e inscripciones, contactarse a la coordinaci\u00f3n acad\u00e9mica de la licenciatura en Gesti\u00f3n Cultural y Desarrollo Sustentable, en las instalaciones de la Escuela de Bellas Artes de la UABJO, ubicado a un costado de la Plaza de la Danza, al tel\u00e9fono (51) 44709 o al correo electr\u00f3nico bellasartesuabjo@gmail.com.<\/p>\n<p>&nbsp;<\/p>\n<p><a href=\"http:\/\/www.eloriente.net\/home\/wp-content\/uploads\/2014\/04\/Formaci\u00f3n-complementaria-UABJO.jpg\"><img loading=\"lazy\" decoding=\"async\" class=\"wp-image-24194 aligncenter\" title=\"Formaci\u00f3n-complementaria-UABJO\" src=\"http:\/\/www.eloriente.net\/home\/wp-content\/uploads\/2014\/04\/Formaci\u00f3n-complementaria-UABJO-1024x638.jpg\" alt=\"\" width=\"553\" height=\"345\" srcset=\"http:\/\/www.eloriente.net\/home\/wp-content\/uploads\/2014\/04\/Formaci\u00f3n-complementaria-UABJO-1024x638.jpg 1024w, http:\/\/www.eloriente.net\/home\/wp-content\/uploads\/2014\/04\/Formaci\u00f3n-complementaria-UABJO-300x187.jpg 300w, http:\/\/www.eloriente.net\/home\/wp-content\/uploads\/2014\/04\/Formaci\u00f3n-complementaria-UABJO.jpg 1661w\" sizes=\"(max-width: 553px) 100vw, 553px\" \/><\/a><\/p>\n<p>&nbsp;<\/p>\n<p><strong>Entradas relacionadas:<\/strong><\/p>\n<p><a title=\"Permalink to Viernes 11\/Abr\/14 19:00 Inauguraci\u00f3n de la exposici\u00f3n Molly Rausch: stamp artist\" href=\"http:\/\/www.eloriente.net\/home\/2014\/04\/11\/viernes-11abr14-1900-inauguracion-de-la-exposicion-molly-rausch-stamp-artist\/\" rel=\"bookmark\">Viernes 11\/Abr\/14 19:00 Inauguraci\u00f3n de la exposici\u00f3n Molly Rausch: stamp artist<\/a><\/p>\n<p><a href=\"http:\/\/www.eloriente.net\/home\/2014\/04\/11\/viernes-11abr14-1900-inauguracion-de-la-exposicion-molly-rausch-stamp-artist\/\" rel=\"bookmark\"><img decoding=\"async\" title=\"Viernes 11\/Abr\/14 19:00 Inauguraci\u00f3n de la exposici\u00f3n Molly Rausch: stamp artist\" src=\"http:\/\/www.eloriente.net\/home\/wp-content\/themes\/city-desk\/timthumb.php?src=http%3A%2F%2Fwww.eloriente.net%2Fhome%2Fwp-content%2Fuploads%2F2014%2F04%2FTaller-Por-MUFI.jpg&amp;q=90&amp;w=160&amp;h=106&amp;zc=1\" alt=\"Viernes 11\/Abr\/14 19:00 Inauguraci\u00f3n de la exposici\u00f3n Molly Rausch: stamp artist\" \/><\/a><\/p>\n<p>eloriente.net\/MUFI 11 de abril de 2014 El Museo de Filatelia, en colaboraci\u00f3n con la artista neoyorquina Molly Rausch, inaugurar\u00e1n hoy 11 de abril a las 19:00 horas la exposici\u00f3n titulada Molly Rausch: stamp artist. Esta exhibici\u00f3n estar\u00e1 compuesta por 26 obras en acuarela que parten en su mayor\u00eda del dise\u00f1o de timbres postales mexicanos. Escenarios [&#8230;]<\/p>\n<p>April 11, 2014<\/p>\n<div id=\"post-24159\">\n<p><a title=\"Permalink to Viernes 25\/Abr\/14 09:00 VII Festival de cuentos para ni\u00f1os\" href=\"http:\/\/www.eloriente.net\/home\/2014\/04\/11\/viernes-25abr14-0900-vii-festival-de-cuentos-para-ninos\/\" rel=\"bookmark\">Viernes 25\/Abr\/14 09:00 VII Festival de cuentos para ni\u00f1os<\/a><\/p>\n<p><a href=\"http:\/\/www.eloriente.net\/home\/2014\/04\/11\/viernes-25abr14-0900-vii-festival-de-cuentos-para-ninos\/\" rel=\"bookmark\"><img decoding=\"async\" title=\"Viernes 25\/Abr\/14 09:00 VII Festival de cuentos para ni\u00f1os\" src=\"http:\/\/www.eloriente.net\/home\/wp-content\/themes\/city-desk\/timthumb.php?src=http%3A%2F%2Fwww.eloriente.net%2Fhome%2Fwp-content%2Fuploads%2F2014%2F04%2FFestival-2013-Por-Cuentos-Grandes.jpg&amp;q=90&amp;w=160&amp;h=106&amp;zc=1\" alt=\"Viernes 25\/Abr\/14 09:00 VII Festival de cuentos para ni\u00f1os\" \/><\/a><\/p>\n<p>eloriente.net 11 de abril de 2014 \u00c9sta es la primera llamada, primera \u00a1Ya viene el VII Festival de cuentos para ni\u00f1os! La asociaci\u00f3n civil \u2018Cuentos grandes para calcetines peque\u00f1os\u2019 invita a la ni\u00f1ez oaxaque\u00f1a a participar en el VII Festival de cuentos para ni\u00f1os, Oaxaca 2014, el cual se llevar\u00e1 a cabo del 25 al [&#8230;]<\/p>\n<p>April 11, 2014<\/p>\n<p><a title=\"Permalink to Abril en Centro Acad\u00e9mico y Cultural San Pablo\" href=\"http:\/\/www.eloriente.net\/home\/2014\/04\/04\/abril-en-centro-academico-y-cultural-san-pablo\/\" rel=\"bookmark\">Abril en Centro Acad\u00e9mico y Cultural San Pablo<\/a><\/p>\n<p><a href=\"http:\/\/www.eloriente.net\/home\/2014\/04\/04\/abril-en-centro-academico-y-cultural-san-pablo\/\" rel=\"bookmark\"><img decoding=\"async\" title=\"Abril en Centro Acad\u00e9mico y Cultural San Pablo\" src=\"http:\/\/www.eloriente.net\/home\/wp-content\/themes\/city-desk\/timthumb.php?src=http%3A%2F%2Fwww.eloriente.net%2Fhome%2Fwp-content%2Fuploads%2F2014%2F04%2FSan-Pablo-Por-Evelyn.jpg&amp;q=90&amp;w=160&amp;h=106&amp;zc=1\" alt=\"Abril en Centro Acad\u00e9mico y Cultural San Pablo\" \/><\/a><\/p>\n<p>eloriente.net 4 de abril de 2014 El Centro Acad\u00e9mico y Cultural San Pablo dio a conocer recientemente su agenda de actividades del mes de abril de 2014, por lo que invitan al p\u00fablico en general a participar en alguno de los conciertos, proyecciones, presentaciones y actividades al aire referente a temas culturales de Oaxaca y [&#8230;]<\/p>\n<p>April 4, 2014<\/p>\n<\/div>\n\n\t\t\t  <div \n\t\t\t  \tclass = \"fb-comments\" \n\t\t\t  \tdata-href = \"http:\/\/www.eloriente.net\/home\/2014\/04\/12\/participa-en-actividades-de-gestion-cultural-con-perspectiva-de-genero\/\"\n\t\t\t  \tdata-numposts = \"10\"\n\t\t\t\tdata-colorscheme = \"dark\"\n\t\t\t\tdata-order-by = \"social\"\n\t\t\t\tdata-mobile=true>\n\t\t\t  <\/div>\n\t\t  <style>\n\t\t\t.fb_iframe_widget_fluid_desktop iframe {\n\t\t\t    width: 100% !important;\n\t\t\t}\n\t\t  <\/style>\n\t\t  ","protected":false},"excerpt":{"rendered":"<p>eloriente.net 12 de abril de 2014 Con el objetivo de reconocer y documentar las oportunidades, rutas y desaf\u00edos de la gesti\u00f3n cultural con perspectiva de g\u00e9nero, la Escuela de Bellas Artes de la Universidad Aut\u00f3noma Benito Ju\u00e1rez de Oaxaca (UABJO) invita al p\u00fablico en general a participar en un programa de actividades de formaci\u00f3n complementaria. [&hellip;]<\/p>\n","protected":false},"author":26,"featured_media":24194,"comment_status":"open","ping_status":"open","sticky":false,"template":"","format":"standard","meta":{"_jetpack_memberships_contains_paid_content":false,"footnotes":""},"categories":[22,18,32,63,10,23,464,84],"tags":[906,241,907,905,556,425,182],"class_list":["post-24191","post","type-post","status-publish","format-standard","has-post-thumbnail","hentry","category-derechos-humanos","category-educacion-y-cultura","category-entradas","category-estados","category-lo-mas-reciente","category-municipios","category-oaxaca-estados","category-universidades","tag-ciencias-sociales","tag-cultura","tag-desarrollo-sustentable","tag-formacion","tag-genero","tag-gestion","tag-uabjo"],"jetpack_featured_media_url":"http:\/\/www.eloriente.net\/home\/wp-content\/uploads\/2014\/04\/Formaci\u00f3n-complementaria-UABJO.jpg","jetpack_sharing_enabled":true,"_links":{"self":[{"href":"http:\/\/www.eloriente.net\/home\/wp-json\/wp\/v2\/posts\/24191"}],"collection":[{"href":"http:\/\/www.eloriente.net\/home\/wp-json\/wp\/v2\/posts"}],"about":[{"href":"http:\/\/www.eloriente.net\/home\/wp-json\/wp\/v2\/types\/post"}],"author":[{"embeddable":true,"href":"http:\/\/www.eloriente.net\/home\/wp-json\/wp\/v2\/users\/26"}],"replies":[{"embeddable":true,"href":"http:\/\/www.eloriente.net\/home\/wp-json\/wp\/v2\/comments?post=24191"}],"version-history":[{"count":6,"href":"http:\/\/www.eloriente.net\/home\/wp-json\/wp\/v2\/posts\/24191\/revisions"}],"predecessor-version":[{"id":24197,"href":"http:\/\/www.eloriente.net\/home\/wp-json\/wp\/v2\/posts\/24191\/revisions\/24197"}],"wp:featuredmedia":[{"embeddable":true,"href":"http:\/\/www.eloriente.net\/home\/wp-json\/wp\/v2\/media\/24194"}],"wp:attachment":[{"href":"http:\/\/www.eloriente.net\/home\/wp-json\/wp\/v2\/media?parent=24191"}],"wp:term":[{"taxonomy":"category","embeddable":true,"href":"http:\/\/www.eloriente.net\/home\/wp-json\/wp\/v2\/categories?post=24191"},{"taxonomy":"post_tag","embeddable":true,"href":"http:\/\/www.eloriente.net\/home\/wp-json\/wp\/v2\/tags?post=24191"}],"curies":[{"name":"wp","href":"https:\/\/api.w.org\/{rel}","templated":true}]}}